{"id":75063,"date":"2025-12-15T18:00:09","date_gmt":"2025-12-15T22:30:09","guid":{"rendered":"https:\/\/elmundodelosnegocios.com.do\/v1\/micm-fortalece-capacidades-institucionales-en-la-lucha-contra-el-comercio-ilicito-con-capacitacion-tecnica-impartida-por-sicpa\/"},"modified":"2025-12-15T18:00:09","modified_gmt":"2025-12-15T22:30:09","slug":"micm-fortalece-capacidades-institucionales-en-la-lucha-contra-el-comercio-ilicito-con-capacitacion-tecnica-impartida-por-sicpa","status":"publish","type":"post","link":"https:\/\/elmundodelosnegocios.com.do\/v1\/micm-fortalece-capacidades-institucionales-en-la-lucha-contra-el-comercio-ilicito-con-capacitacion-tecnica-impartida-por-sicpa\/","title":{"rendered":"MICM fortalece capacidades institucionales en la lucha contra el comercio il\u00edcito con capacitaci\u00f3n t\u00e9cnica impartida por SICPA"},"content":{"rendered":"<div>\n<p><em>Lunes 15 de Diciembre, 2025.<\/em><\/p>\n<p><em>Nombres de izquierda a derecha de los ejecutivos de la foto de portada:\u00a0Amaury Abreu (Gerente General de SICPA Dominicana),\u00a0 Jorge Esteva (Director Comercial de SICPA Dominicana),\u00a0 Ram\u00f3n P\u00e9rez Ferm\u00edn (Viceministro de Comercio Interno del MICM),\u00a0C\u00e9sar Dimitri Rosa (Director de Comercio Il\u00edcito del MICM)<\/em><\/p>\n<div dir=\"ltr\"><strong>Santo Domingo, R.D.<\/strong> \u2013El Ministerio de Industria, Comercio y Mipymes (MICM) reafirm\u00f3 su compromiso con el combate firme al comercio il\u00edcito mediante la participaci\u00f3n de su personal t\u00e9cnico en la capacitaci\u00f3n impartida por la empresa suiza SICPA, dirigida tambi\u00e9n a inspectores de Pro Consumidor y de la Procuradur\u00eda General de la Rep\u00fablica. La jornada se orient\u00f3 a fortalecer las capacidades operativas de las instituciones responsables de detectar, documentar e investigar irregularidades en el mercado de bebidas alcoh\u00f3licas y cigarrillos.<br \/>\nEl taller, titulado \u201cCaracter\u00edsticas de Seguridad de los Mecanismos de Control Fiscal para Bebidas Alcoh\u00f3licas y Cigarrillos \u2013 Sistema TR\u00c1FICO\u201d, permiti\u00f3 actualizar conocimientos en seguridad fiscal, autenticaci\u00f3n y verificaci\u00f3n de estampillas que utiliza el sistema de control implementado por la Direcci\u00f3n General de Impuestos Internos (DGII).<\/div>\n<p class=\"p1\">Como parte del entrenamiento, SICPA Dominicana don\u00f3 al MICM, a Pro Consumidor y a la Procuradur\u00eda General de la Rep\u00fablica, linternas UV de inspecci\u00f3n r\u00e1pida, herramientas que facilitan la verificaci\u00f3n precisa de estampillas fiscales y contribuyen a la prevenci\u00f3n de productos falsificados o adulterados. Este sistema, basado en marcaje inteligente, integra elementos de seguridad visual y electr\u00f3nica, incluyendo tintas especiales reactivas a la luz UV y c\u00f3digos alfanum\u00e9ricos \u00fanicos, verificables por el consumidor.<\/p>\n<p><strong>Esfuerzos articulados y resultados concretos<\/strong><\/p>\n<p><img fetchpriority=\"high\" decoding=\"async\" class=\"alignnone  wp-image-196958\" src=\"https:\/\/micm.gob.do\/wp-content\/uploads\/2025\/12\/Ramon-Perez-Fermin-Viceministro-de-Comercio-Interno-del-MICM-300x200.jpg\" alt=\"Ramon-Perez-Fermin-Viceministro-de-Comercio-Interno-del-MICM\" width=\"1018\" height=\"678\" srcset=\"https:\/\/micm.gob.do\/wp-content\/uploads\/2025\/12\/Ramon-Perez-Fermin-Viceministro-de-Comercio-Interno-del-MICM-300x200.jpg 300w, https:\/\/micm.gob.do\/wp-content\/uploads\/2025\/12\/Ramon-Perez-Fermin-Viceministro-de-Comercio-Interno-del-MICM-1024x683.jpg 1024w, https:\/\/micm.gob.do\/wp-content\/uploads\/2025\/12\/Ramon-Perez-Fermin-Viceministro-de-Comercio-Interno-del-MICM-768x512.jpg 768w, https:\/\/micm.gob.do\/wp-content\/uploads\/2025\/12\/Ramon-Perez-Fermin-Viceministro-de-Comercio-Interno-del-MICM-1536x1024.jpg 1536w, https:\/\/micm.gob.do\/wp-content\/uploads\/2025\/12\/Ramon-Perez-Fermin-Viceministro-de-Comercio-Interno-del-MICM-2048x1365.jpg 2048w\" sizes=\"(max-width: 1018px) 100vw, 1018px\"><\/p>\n<p>El viceministro de Comercio Interno, Ram\u00f3n P\u00e9rez Ferm\u00edn, destac\u00f3 que esta capacitaci\u00f3n se suma a las acciones sistem\u00e1ticas que coordina el MICM para enfrentar el comercio il\u00edcito en el pa\u00eds.<br \/>\n\u201cLa lucha contra el comercio il\u00edcito es una prioridad nacional. Esta capacitaci\u00f3n fortalece nuestras capacidades t\u00e9cnicas y complementa el trabajo operativo que desarrollamos junto a las instituciones de la Mesa de Combate al Comercio Il\u00edcito. Continuaremos ejecutando acciones que protejan la salud, la econom\u00eda y la competencia leal en el mercado dominicano\u201d, afirm\u00f3 P\u00e9rez Ferm\u00edn.<\/p>\n<p>El MICM record\u00f3 que estas acciones se integran a un esfuerzo m\u00e1s amplio de capacitaci\u00f3n de due\u00f1os de negocios y actores del comercio formal, orientado a promover pr\u00e1cticas responsables, identificar se\u00f1ales de riesgo y frenar la circulaci\u00f3n de productos ilegales que afectan la salud p\u00fablica, los ingresos fiscales y la estabilidad empresarial.<\/p>\n<p>Como parte de los logros recientes, el pa\u00eds registra cero muertes por alcohol adulterado desde 2021, ha sido reconocido como referente regional, y ha compartido sus experiencias con instituciones internacionales, incluyendo una invitaci\u00f3n oficial del Senado de Brasil. Asimismo, la Rep\u00fablica Dominicana ocupa la posici\u00f3n 50 entre 158 pa\u00edses evaluados en el Illicit Trade Index 2025 del Economist Impact, ubic\u00e1ndose entre las naciones menos vulnerables al comercio il\u00edcito.<\/p>\n<p><strong>Alianza p\u00fablico-privada por un mercado m\u00e1s seguro<\/strong><\/p>\n<p><img loading=\"lazy\" decoding=\"async\" class=\"alignnone  wp-image-196961\" src=\"https:\/\/micm.gob.do\/wp-content\/uploads\/2025\/12\/Amaury-Abreu-Gerente-General-de-SICPA-Dominicana-300x200.jpg\" alt=\"Amaury-Abreu-Gerente-General-de-SICPA-Dominicana\" width=\"1007\" height=\"671\" srcset=\"https:\/\/micm.gob.do\/wp-content\/uploads\/2025\/12\/Amaury-Abreu-Gerente-General-de-SICPA-Dominicana-300x200.jpg 300w, https:\/\/micm.gob.do\/wp-content\/uploads\/2025\/12\/Amaury-Abreu-Gerente-General-de-SICPA-Dominicana-1024x683.jpg 1024w, https:\/\/micm.gob.do\/wp-content\/uploads\/2025\/12\/Amaury-Abreu-Gerente-General-de-SICPA-Dominicana-768x512.jpg 768w, https:\/\/micm.gob.do\/wp-content\/uploads\/2025\/12\/Amaury-Abreu-Gerente-General-de-SICPA-Dominicana-1536x1024.jpg 1536w, https:\/\/micm.gob.do\/wp-content\/uploads\/2025\/12\/Amaury-Abreu-Gerente-General-de-SICPA-Dominicana-2048x1365.jpg 2048w\" sizes=\"auto, (max-width: 1007px) 100vw, 1007px\"><\/p>\n<p>La colaboraci\u00f3n con SICPA forma parte del modelo de cooperaci\u00f3n p\u00fablico-privada que impulsa el MICM para fortalecer los mecanismos de trazabilidad y control fiscal. Durante la actividad, los representantes de la multinacional indicaron que \u201cdesde SICPA reafirmamos nuestro compromiso de colaborar estrat\u00e9gicamente con el Estado dominicano, ofreciendo soluciones tecnol\u00f3gicas avanzadas que optimizan de manera eficaz el combate del comercio il\u00edcito.<\/p>\n<p><img loading=\"lazy\" decoding=\"async\" class=\"alignnone  wp-image-196968\" src=\"https:\/\/micm.gob.do\/wp-content\/uploads\/2025\/12\/Jorge-Esteva-director-comercial-de-SICPA-Dominicana-300x200.jpg\" alt=\"Jorge-Esteva-director-comercial-de-SICPA-Dominicana\" width=\"1008\" height=\"672\" srcset=\"https:\/\/micm.gob.do\/wp-content\/uploads\/2025\/12\/Jorge-Esteva-director-comercial-de-SICPA-Dominicana-300x200.jpg 300w, https:\/\/micm.gob.do\/wp-content\/uploads\/2025\/12\/Jorge-Esteva-director-comercial-de-SICPA-Dominicana-1024x683.jpg 1024w, https:\/\/micm.gob.do\/wp-content\/uploads\/2025\/12\/Jorge-Esteva-director-comercial-de-SICPA-Dominicana-768x512.jpg 768w, https:\/\/micm.gob.do\/wp-content\/uploads\/2025\/12\/Jorge-Esteva-director-comercial-de-SICPA-Dominicana-1536x1024.jpg 1536w, https:\/\/micm.gob.do\/wp-content\/uploads\/2025\/12\/Jorge-Esteva-director-comercial-de-SICPA-Dominicana-2048x1365.jpg 2048w\" sizes=\"auto, (max-width: 1008px) 100vw, 1008px\"><\/p>\n<p>Esta acci\u00f3n garantiza la protecci\u00f3n integral del consumidor y mitiga la defraudaci\u00f3n fiscal.\u201d El MICM reiter\u00f3 que continuar\u00e1 ampliando acciones de formaci\u00f3n, fiscalizaci\u00f3n y prevenci\u00f3n para seguir consolidando a la Rep\u00fablica Dominicana como un pa\u00eds que defiende la legalidad y garantiza un mercado seguro y competitivo.<\/p>\n<p class=\"p1\"><strong style=\"font-size: 16px;\">Fuente:<\/strong><span style=\"font-size: 16px;\"> Direcci\u00f3n de Comunicaciones<\/span><\/p>\n<p>The post <a href=\"https:\/\/micm.gob.do\/micm-fortalece-capacidades-institucionales-en-la-lucha-contra-el-comercio-ilicito-con-capacitacion-tecnica-impartida-por-sicpa\/\">MICM fortalece capacidades institucionales en la lucha contra el comercio il\u00edcito con capacitaci\u00f3n t\u00e9cnica impartida por SICPA<\/a> appeared first on <a href=\"https:\/\/micm.gob.do\/\">MICM<\/a>.<\/p>\n<\/div>\n","protected":false},"excerpt":{"rendered":"<p>Lunes 15 de Diciembre, 2025. Nombres de izquierda a derecha de los ejecutivos de la foto de portada:\u00a0Amaury Abreu (Gerente General de SICPA Dominicana),\u00a0 Jorge Esteva (Director Comercial de SICPA&hellip; <\/p>\n","protected":false},"author":2,"featured_media":75064,"comment_status":"closed","ping_status":"closed","sticky":false,"template":"","format":"standard","meta":{"fifu_image_url":"","fifu_image_alt":"","footnotes":""},"categories":[147],"tags":[],"class_list":["post-75063","post","type-post","status-publish","format-standard","has-post-thumbnail","hentry","category-comercio"],"_links":{"self":[{"href":"https:\/\/elmundodelosnegocios.com.do\/v1\/wp-json\/wp\/v2\/posts\/75063","targetHints":{"allow":["GET"]}}],"collection":[{"href":"https:\/\/elmundodelosnegocios.com.do\/v1\/wp-json\/wp\/v2\/posts"}],"about":[{"href":"https:\/\/elmundodelosnegocios.com.do\/v1\/wp-json\/wp\/v2\/types\/post"}],"author":[{"embeddable":true,"href":"https:\/\/elmundodelosnegocios.com.do\/v1\/wp-json\/wp\/v2\/users\/2"}],"replies":[{"embeddable":true,"href":"https:\/\/elmundodelosnegocios.com.do\/v1\/wp-json\/wp\/v2\/comments?post=75063"}],"version-history":[{"count":0,"href":"https:\/\/elmundodelosnegocios.com.do\/v1\/wp-json\/wp\/v2\/posts\/75063\/revisions"}],"wp:featuredmedia":[{"embeddable":true,"href":"https:\/\/elmundodelosnegocios.com.do\/v1\/wp-json\/wp\/v2\/media\/75064"}],"wp:attachment":[{"href":"https:\/\/elmundodelosnegocios.com.do\/v1\/wp-json\/wp\/v2\/media?parent=75063"}],"wp:term":[{"taxonomy":"category","embeddable":true,"href":"https:\/\/elmundodelosnegocios.com.do\/v1\/wp-json\/wp\/v2\/categories?post=75063"},{"taxonomy":"post_tag","embeddable":true,"href":"https:\/\/elmundodelosnegocios.com.do\/v1\/wp-json\/wp\/v2\/tags?post=75063"}],"curies":[{"name":"wp","href":"https:\/\/api.w.org\/{rel}","templated":true}]}}