{"id":75109,"date":"2025-12-16T15:08:55","date_gmt":"2025-12-16T19:38:55","guid":{"rendered":"https:\/\/elmundodelosnegocios.com.do\/v1\/?p=75109"},"modified":"2025-12-16T15:08:58","modified_gmt":"2025-12-16T19:38:58","slug":"patronato-nacional-de-ganaderos-anuncia-inversion-record-y-nueva-estrategia-institucional","status":"publish","type":"post","link":"https:\/\/elmundodelosnegocios.com.do\/v1\/patronato-nacional-de-ganaderos-anuncia-inversion-record-y-nueva-estrategia-institucional\/","title":{"rendered":"Patronato Nacional de Ganaderos anuncia inversi\u00f3n r\u00e9cord y nueva estrategia institucional"},"content":{"rendered":"\n<p><em>Durante la Asamblea Anual 2025 se anunciaron cifras r\u00e9cord de inversi\u00f3n, super\u00e1vits consecutivos y una transformaci\u00f3n institucional que busca consolidar la autosostenibilidad y modernizaci\u00f3n del sector agropecuario. El tesorero Alfredo R\u00edos present\u00f3 los datos econ\u00f3micos de los \u00faltimos tres a\u00f1os, los cuales calific\u00f3 como los m\u00e1s altos registrados en la instituci\u00f3n. En ese per\u00edodo, el Patronato manej\u00f3&nbsp;<\/em><strong><em>RD$171,125,498.50, con super\u00e1vits consecutivos, y destin\u00f3 RD$53,081,082.85 a infraestructura.<\/em><\/strong><\/p>\n\n\n\n<p><strong>Santo Domingo 2025 \u2013<\/strong>&nbsp;El Patronato Nacional de Ganaderos realiz\u00f3 su Asamblea Anual 2025 con la participaci\u00f3n de autoridades, representantes del sector agropecuario y delegados de diferentes regiones del pa\u00eds. El encuentro estuvo marcado por la presentaci\u00f3n de resultados financieros hist\u00f3ricos y nuevas directrices para fortalecer la gesti\u00f3n institucional.<\/p>\n\n\n<div class=\"wp-block-image\">\n<figure data-wp-context=\"{&quot;imageId&quot;:&quot;69ed94f19ee32&quot;}\" data-wp-interactive=\"core\/image\" data-wp-key=\"69ed94f19ee32\" class=\"aligncenter size-large wp-lightbox-container\"><img loading=\"lazy\" decoding=\"async\" width=\"1024\" height=\"767\" data-wp-class--hide=\"state.isContentHidden\" data-wp-class--show=\"state.isContentVisible\" data-wp-init=\"callbacks.setButtonStyles\" data-wp-on--click=\"actions.showLightbox\" data-wp-on--load=\"callbacks.setButtonStyles\" data-wp-on-window--resize=\"callbacks.setButtonStyles\" src=\"https:\/\/elmundodelosnegocios.com.do\/v1\/wp-content\/uploads\/2025\/12\/Jose-Mallen-Maite-Mallen-Alfredo-Rios-1024x767.jpg\" alt=\"Jos\u00e9 Mallen, Maite Mallen, Alfredo Rios.\" class=\"wp-image-75110\" srcset=\"https:\/\/elmundodelosnegocios.com.do\/v1\/wp-content\/uploads\/2025\/12\/Jose-Mallen-Maite-Mallen-Alfredo-Rios-1024x767.jpg 1024w, https:\/\/elmundodelosnegocios.com.do\/v1\/wp-content\/uploads\/2025\/12\/Jose-Mallen-Maite-Mallen-Alfredo-Rios-300x225.jpg 300w, https:\/\/elmundodelosnegocios.com.do\/v1\/wp-content\/uploads\/2025\/12\/Jose-Mallen-Maite-Mallen-Alfredo-Rios-768x576.jpg 768w, https:\/\/elmundodelosnegocios.com.do\/v1\/wp-content\/uploads\/2025\/12\/Jose-Mallen-Maite-Mallen-Alfredo-Rios-1536x1151.jpg 1536w, https:\/\/elmundodelosnegocios.com.do\/v1\/wp-content\/uploads\/2025\/12\/Jose-Mallen-Maite-Mallen-Alfredo-Rios.jpg 1600w\" sizes=\"auto, (max-width: 1024px) 100vw, 1024px\" \/><button\n\t\t\tclass=\"lightbox-trigger\"\n\t\t\ttype=\"button\"\n\t\t\taria-haspopup=\"dialog\"\n\t\t\taria-label=\"Agrandar\"\n\t\t\tdata-wp-init=\"callbacks.initTriggerButton\"\n\t\t\tdata-wp-on--click=\"actions.showLightbox\"\n\t\t\tdata-wp-style--right=\"state.imageButtonRight\"\n\t\t\tdata-wp-style--top=\"state.imageButtonTop\"\n\t\t>\n\t\t\t<svg xmlns=\"http:\/\/www.w3.org\/2000\/svg\" width=\"12\" height=\"12\" fill=\"none\" viewBox=\"0 0 12 12\">\n\t\t\t\t<path fill=\"#fff\" d=\"M2 0a2 2 0 0 0-2 2v2h1.5V2a.5.5 0 0 1 .5-.5h2V0H2Zm2 10.5H2a.5.5 0 0 1-.5-.5V8H0v2a2 2 0 0 0 2 2h2v-1.5ZM8 12v-1.5h2a.5.5 0 0 0 .5-.5V8H12v2a2 2 0 0 1-2 2H8Zm2-12a2 2 0 0 1 2 2v2h-1.5V2a.5.5 0 0 0-.5-.5H8V0h2Z\" \/>\n\t\t\t<\/svg>\n\t\t<\/button><figcaption class=\"wp-element-caption\">Jos\u00e9 Mallen, Maite Mallen, Alfredo Rios.<\/figcaption><\/figure>\n<\/div>\n\n\n<p>El presidente del Patronato, Jos\u00e9 Manuel Mall\u00e9n, destac\u00f3 los tres a\u00f1os de trabajo de la actual directiva y llam\u00f3 a la unidad del sector. \u201cSiempre tenemos que mirar hacia adelante. En la medida en que nos mantengamos unidos, definimos qu\u00e9 podemos construir para mejorar esta casa, que es patrimonio de la Rep\u00fablica Dominicana\u201d, afirm\u00f3.<\/p>\n\n\n<div class=\"wp-block-image\">\n<figure data-wp-context=\"{&quot;imageId&quot;:&quot;69ed94f19f21f&quot;}\" data-wp-interactive=\"core\/image\" data-wp-key=\"69ed94f19f21f\" class=\"aligncenter size-large wp-lightbox-container\"><img loading=\"lazy\" decoding=\"async\" width=\"1024\" height=\"623\" data-wp-class--hide=\"state.isContentHidden\" data-wp-class--show=\"state.isContentVisible\" data-wp-init=\"callbacks.setButtonStyles\" data-wp-on--click=\"actions.showLightbox\" data-wp-on--load=\"callbacks.setButtonStyles\" data-wp-on-window--resize=\"callbacks.setButtonStyles\" src=\"https:\/\/elmundodelosnegocios.com.do\/v1\/wp-content\/uploads\/2025\/12\/Directiva-del-Patronato-Nacional-de-Ganaderos-1024x623.jpg\" alt=\"\" class=\"wp-image-75111\" srcset=\"https:\/\/elmundodelosnegocios.com.do\/v1\/wp-content\/uploads\/2025\/12\/Directiva-del-Patronato-Nacional-de-Ganaderos-1024x623.jpg 1024w, https:\/\/elmundodelosnegocios.com.do\/v1\/wp-content\/uploads\/2025\/12\/Directiva-del-Patronato-Nacional-de-Ganaderos-300x183.jpg 300w, https:\/\/elmundodelosnegocios.com.do\/v1\/wp-content\/uploads\/2025\/12\/Directiva-del-Patronato-Nacional-de-Ganaderos-768x468.jpg 768w, https:\/\/elmundodelosnegocios.com.do\/v1\/wp-content\/uploads\/2025\/12\/Directiva-del-Patronato-Nacional-de-Ganaderos.jpg 1140w\" sizes=\"auto, (max-width: 1024px) 100vw, 1024px\" \/><button\n\t\t\tclass=\"lightbox-trigger\"\n\t\t\ttype=\"button\"\n\t\t\taria-haspopup=\"dialog\"\n\t\t\taria-label=\"Agrandar\"\n\t\t\tdata-wp-init=\"callbacks.initTriggerButton\"\n\t\t\tdata-wp-on--click=\"actions.showLightbox\"\n\t\t\tdata-wp-style--right=\"state.imageButtonRight\"\n\t\t\tdata-wp-style--top=\"state.imageButtonTop\"\n\t\t>\n\t\t\t<svg xmlns=\"http:\/\/www.w3.org\/2000\/svg\" width=\"12\" height=\"12\" fill=\"none\" viewBox=\"0 0 12 12\">\n\t\t\t\t<path fill=\"#fff\" d=\"M2 0a2 2 0 0 0-2 2v2h1.5V2a.5.5 0 0 1 .5-.5h2V0H2Zm2 10.5H2a.5.5 0 0 1-.5-.5V8H0v2a2 2 0 0 0 2 2h2v-1.5ZM8 12v-1.5h2a.5.5 0 0 0 .5-.5V8H12v2a2 2 0 0 1-2 2H8Zm2-12a2 2 0 0 1 2 2v2h-1.5V2a.5.5 0 0 0-.5-.5H8V0h2Z\" \/>\n\t\t\t<\/svg>\n\t\t<\/button><figcaption class=\"wp-element-caption\">Directiva del Patronato Nacional de Ganaderos.<\/figcaption><\/figure>\n<\/div>\n\n\n<p>Mall\u00e9n resalt\u00f3 la estabilidad econ\u00f3mica del pa\u00eds frente al contexto regional. \u201cTenemos una econom\u00eda que se maneja de forma m\u00e1s satisfactoria que la mayor\u00eda de los mercados comparables en Am\u00e9rica Latina\u201d, se\u00f1al\u00f3. Tambi\u00e9n agradeci\u00f3 el respaldo recibido desde el Gobierno central, al que reconoci\u00f3 por su involucramiento directo en la instituci\u00f3n.<\/p>\n\n\n\n<p>Durante su intervenci\u00f3n, present\u00f3 proyectos orientados a convertir al Patronato en una entidad autosustentable. Entre estos se incluyen la remodelaci\u00f3n del sal\u00f3n principal para uso comercial, nuevas \u00e1reas de manejo animal, la posible instalaci\u00f3n de una cancha de p\u00e1del y mejoras generales en la infraestructura. \u201cEl sue\u00f1o es dejar un Patronato autosustentable, que no tenga que pedir para sostener la feria ni la instituci\u00f3n\u201d, dijo.<\/p>\n\n\n\n<p><strong>Resultados financieros hist\u00f3ricos<\/strong><\/p>\n\n\n\n<p>El tesorero Alfredo R\u00edos present\u00f3 los datos econ\u00f3micos de los \u00faltimos tres a\u00f1os, los cuales calific\u00f3 como los m\u00e1s altos registrados en la instituci\u00f3n. En ese per\u00edodo, el Patronato manej\u00f3&nbsp;<strong>RD$171,125,498.50, con super\u00e1vits consecutivos, y destin\u00f3 RD$53,081,082.85 a infraestructura.<\/strong><\/p>\n\n\n\n<p>R\u00edos destac\u00f3 que el 31% de los ingresos totales se reinvirti\u00f3 en las instalaciones. \u201cEsa cifra nunca se hab\u00eda visto en la historia del Patronato\u201d, indic\u00f3. Tambi\u00e9n inform\u00f3 que nuevas l\u00edneas de negocio \u2014como conciertos, auto ferias y alquileres del \u00f3valo\u2014 aportaron m\u00e1s de RD$9 millones adicionales. Aprovech\u00f3 para reconocer el trabajo del personal: \u201cLo que ven aqu\u00ed es fruto del trabajo de un equipo que pocas veces es reconocido p\u00fablicamente.\u201d<\/p>\n\n\n\n<p><strong>Cambios en comunicaci\u00f3n e identidad visual<\/strong><\/p>\n\n\n\n<p>Maite Mall\u00e9n, directora de la Feria Agropecuaria Nacional, present\u00f3 la nueva estrategia de comunicaci\u00f3n institucional, que establece una diferenciaci\u00f3n por primera vez entre las marcas Patronato Nacional de Ganaderos, Ciudad Ganadera Dr. Julio Antonio Brache Arzeno y Feria Agropecuaria Nacional.<\/p>\n\n\n\n<p>\u201cPor primera vez en mucho tiempo, nuestra feria tiene una imagen corporativa s\u00f3lida y dise\u00f1ada para competir a nivel internacional\u201d, se\u00f1al\u00f3. Tambi\u00e9n adelant\u00f3 que la Feria 2026 estar\u00e1 enfocada en acercar el campo a las familias y promover que la juventud conozca el origen de los alimentos. \u201cEl futuro del pa\u00eds est\u00e1 en la juventud y en el amor por la tierra\u201d, afirm\u00f3.<\/p>\n\n\n\n<p>Durante la presentaci\u00f3n, se mostr\u00f3 el nuevo logo de la Ciudad Ganadera, inspirado en la silueta del \u00f3valo central del recinto, y se anunci\u00f3 la apertura de la convocatoria para la Reina de la Feria 2026.<\/p>\n\n\n\n<p>La Asamblea concluy\u00f3 con un llamado a la unidad sectorial y un almuerzo de confraternidad. Mall\u00e9n cerr\u00f3 la jornada asegurando que la instituci\u00f3n trabaja con miras a fortalecer la pr\u00f3xima edici\u00f3n de la Feria Agropecuaria Nacional. \u201cLos esperamos en la Feria 2026, que ser\u00e1 hist\u00f3rica\u201d, expres\u00f3.<\/p>\n\n\n\n<p><strong>Sobre el Patronato Nacional de Ganaderos<\/strong><\/p>\n\n\n\n<p>El Patronato Nacional de Ganaderos es una entidad de larga trayectoria dedicada a promover el desarrollo pecuario del pa\u00eds. Administra la Ciudad Ganadera y organiza la Feria Agropecuaria Nacional, una de las principales vitrinas de la producci\u00f3n nacional y un espacio clave para impulsar la competitividad del sector agropecuario.<\/p>\n","protected":false},"excerpt":{"rendered":"<p>Durante la Asamblea Anual 2025 se anunciaron cifras r\u00e9cord de inversi\u00f3n, super\u00e1vits consecutivos y una transformaci\u00f3n institucional que busca consolidar la autosostenibilidad y modernizaci\u00f3n del sector agropecuario. El tesorero Alfredo&hellip; <\/p>\n","protected":false},"author":2,"featured_media":75113,"comment_status":"closed","ping_status":"closed","sticky":false,"template":"","format":"standard","meta":{"fifu_image_url":"https:\/\/elmundodelosnegocios.com.do\/v1\/wp-content\/uploads\/2025\/12\/Jose-Mallen-Maite-Mallen-Alfredo-Rios.jpg","fifu_image_alt":"","footnotes":""},"categories":[73],"tags":[],"class_list":["post-75109","post","type-post","status-publish","format-standard","has-post-thumbnail","hentry","category-agronegocios"],"_links":{"self":[{"href":"https:\/\/elmundodelosnegocios.com.do\/v1\/wp-json\/wp\/v2\/posts\/75109","targetHints":{"allow":["GET"]}}],"collection":[{"href":"https:\/\/elmundodelosnegocios.com.do\/v1\/wp-json\/wp\/v2\/posts"}],"about":[{"href":"https:\/\/elmundodelosnegocios.com.do\/v1\/wp-json\/wp\/v2\/types\/post"}],"author":[{"embeddable":true,"href":"https:\/\/elmundodelosnegocios.com.do\/v1\/wp-json\/wp\/v2\/users\/2"}],"replies":[{"embeddable":true,"href":"https:\/\/elmundodelosnegocios.com.do\/v1\/wp-json\/wp\/v2\/comments?post=75109"}],"version-history":[{"count":1,"href":"https:\/\/elmundodelosnegocios.com.do\/v1\/wp-json\/wp\/v2\/posts\/75109\/revisions"}],"predecessor-version":[{"id":75112,"href":"https:\/\/elmundodelosnegocios.com.do\/v1\/wp-json\/wp\/v2\/posts\/75109\/revisions\/75112"}],"wp:featuredmedia":[{"embeddable":true,"href":"https:\/\/elmundodelosnegocios.com.do\/v1\/wp-json\/wp\/v2\/media\/75113"}],"wp:attachment":[{"href":"https:\/\/elmundodelosnegocios.com.do\/v1\/wp-json\/wp\/v2\/media?parent=75109"}],"wp:term":[{"taxonomy":"category","embeddable":true,"href":"https:\/\/elmundodelosnegocios.com.do\/v1\/wp-json\/wp\/v2\/categories?post=75109"},{"taxonomy":"post_tag","embeddable":true,"href":"https:\/\/elmundodelosnegocios.com.do\/v1\/wp-json\/wp\/v2\/tags?post=75109"}],"curies":[{"name":"wp","href":"https:\/\/api.w.org\/{rel}","templated":true}]}}