{"id":75122,"date":"2025-12-16T15:19:36","date_gmt":"2025-12-16T19:49:36","guid":{"rendered":"https:\/\/elmundodelosnegocios.com.do\/v1\/?p=75122"},"modified":"2025-12-16T15:19:38","modified_gmt":"2025-12-16T19:49:38","slug":"euroairlines-refuerza-su-ecosistema-digital-de-carga-con-nuevos-acuerdos-estrategicos","status":"publish","type":"post","link":"https:\/\/elmundodelosnegocios.com.do\/v1\/euroairlines-refuerza-su-ecosistema-digital-de-carga-con-nuevos-acuerdos-estrategicos\/","title":{"rendered":"Euroairlines refuerza su ecosistema digital de carga con nuevos acuerdos estrat\u00e9gicos"},"content":{"rendered":"\n<p>Madrid. La empresa espa\u00f1ola de distribuci\u00f3n a\u00e9rea, Euroairlines, firm\u00f3 tres nuevos acuerdos con las aerol\u00edneas Azul Linhas A\u00e9reas, GOL Linhas A\u00e9reas y Cubana de Aviaci\u00f3n en materia de transporte de carga.<\/p>\n\n\n<div class=\"wp-block-image\">\n<figure data-wp-context=\"{&quot;imageId&quot;:&quot;69edd9fa13a53&quot;}\" data-wp-interactive=\"core\/image\" data-wp-key=\"69edd9fa13a53\" class=\"aligncenter size-large wp-lightbox-container\"><img decoding=\"async\" data-wp-class--hide=\"state.isContentHidden\" data-wp-class--show=\"state.isContentVisible\" data-wp-init=\"callbacks.setButtonStyles\" data-wp-on--click=\"actions.showLightbox\" data-wp-on--load=\"callbacks.setButtonStyles\" data-wp-on-window--resize=\"callbacks.setButtonStyles\" src=\"https:\/\/resumenturismo.com\/wp-content\/uploads\/2025\/10\/auroarilines.jpg\" alt=\"\"\/><button\n\t\t\tclass=\"lightbox-trigger\"\n\t\t\ttype=\"button\"\n\t\t\taria-haspopup=\"dialog\"\n\t\t\taria-label=\"Agrandar\"\n\t\t\tdata-wp-init=\"callbacks.initTriggerButton\"\n\t\t\tdata-wp-on--click=\"actions.showLightbox\"\n\t\t\tdata-wp-style--right=\"state.imageButtonRight\"\n\t\t\tdata-wp-style--top=\"state.imageButtonTop\"\n\t\t>\n\t\t\t<svg xmlns=\"http:\/\/www.w3.org\/2000\/svg\" width=\"12\" height=\"12\" fill=\"none\" viewBox=\"0 0 12 12\">\n\t\t\t\t<path fill=\"#fff\" d=\"M2 0a2 2 0 0 0-2 2v2h1.5V2a.5.5 0 0 1 .5-.5h2V0H2Zm2 10.5H2a.5.5 0 0 1-.5-.5V8H0v2a2 2 0 0 0 2 2h2v-1.5ZM8 12v-1.5h2a.5.5 0 0 0 .5-.5V8H12v2a2 2 0 0 1-2 2H8Zm2-12a2 2 0 0 1 2 2v2h-1.5V2a.5.5 0 0 0-.5-.5H8V0h2Z\" \/>\n\t\t\t<\/svg>\n\t\t<\/button><\/figure>\n<\/div>\n\n\n<p>Estas alianzas, tienen como objetivo reforzar su presencia en Am\u00e9rica Latina y consolidar la expansi\u00f3n de su divisi\u00f3n de carga, que comenz\u00f3 el pasado mes de mayo, y la posiciona como un operador integral global dentro del sector a\u00e9reo.<\/p>\n\n\n\n<p>Con estos acuerdos, Euroairlines ampl\u00eda su capacidad operativa y refuerza su cobertura log\u00edstica, con una oferta de conexiones entre Europa y Am\u00e9rica Latina que ya supera los 250 destinos.<\/p>\n\n\n\n<p>\u201cCon estas alianzas damos un paso adelante en nuestra estrategia de expansi\u00f3n global.<\/p>\n\n\n\n<p>Am\u00e9rica Latina es un mercado clave para el desarrollo de negocio de carga y distribuci\u00f3n, y estos acuerdos nos permiten ofrecer m\u00e1s rutas, mejores tiempos y mayor flexibilidad a nuestros clientes, se\u00f1ala el CEO de Euroairlines, Antonio L\u00f3pez-L\u00e1zaro.<\/p>\n\n\n\n<p>Actualmente, Euroairlines opera m\u00e1s de 1.000 rutas interlineales junto a 60 aerol\u00edneas asociadas, contin\u00faa con el fortalecimiento de su red a trav\u00e9s de la divisi\u00f3n Euroairlines Cargo, que combina la experiencia en distribuci\u00f3n a\u00e9rea con un modelo flexible, colaborativo y centrado en el cliente.<\/p>\n\n\n\n<p>\u201cNuestro objetivo es facilitar el comercio y la log\u00edstica internacional con soluciones adaptadas a cada mercado y a las necesidades de nuestros clientes\u201d, agrega L\u00f3pez-L\u00e1zaro.<\/p>\n\n\n\n<p>Con Azul, GOL y Cubana de Aviaci\u00f3n como nuevos socios, Euroairlines ampl\u00eda su huella en el mercado latinoamericano, refuerza su posici\u00f3n como operador interlineal global de referencia en carga a\u00e9rea y fortalece los lazos entre dos regiones unidas por el comercio, la cultura y la conectividad.<\/p>\n","protected":false},"excerpt":{"rendered":"<p>Madrid. La empresa espa\u00f1ola de distribuci\u00f3n a\u00e9rea, Euroairlines, firm\u00f3 tres nuevos acuerdos con las aerol\u00edneas Azul Linhas A\u00e9reas, GOL Linhas A\u00e9reas y Cubana de Aviaci\u00f3n en materia de transporte de&hellip; <\/p>\n","protected":false},"author":2,"featured_media":75124,"comment_status":"closed","ping_status":"closed","sticky":false,"template":"","format":"standard","meta":{"fifu_image_url":"https:\/\/resumenturismo.com\/wp-content\/uploads\/2025\/10\/auroarilines.jpg","fifu_image_alt":"","footnotes":""},"categories":[169],"tags":[],"class_list":["post-75122","post","type-post","status-publish","format-standard","has-post-thumbnail","hentry","category-transporte-internacional"],"_links":{"self":[{"href":"https:\/\/elmundodelosnegocios.com.do\/v1\/wp-json\/wp\/v2\/posts\/75122","targetHints":{"allow":["GET"]}}],"collection":[{"href":"https:\/\/elmundodelosnegocios.com.do\/v1\/wp-json\/wp\/v2\/posts"}],"about":[{"href":"https:\/\/elmundodelosnegocios.com.do\/v1\/wp-json\/wp\/v2\/types\/post"}],"author":[{"embeddable":true,"href":"https:\/\/elmundodelosnegocios.com.do\/v1\/wp-json\/wp\/v2\/users\/2"}],"replies":[{"embeddable":true,"href":"https:\/\/elmundodelosnegocios.com.do\/v1\/wp-json\/wp\/v2\/comments?post=75122"}],"version-history":[{"count":1,"href":"https:\/\/elmundodelosnegocios.com.do\/v1\/wp-json\/wp\/v2\/posts\/75122\/revisions"}],"predecessor-version":[{"id":75123,"href":"https:\/\/elmundodelosnegocios.com.do\/v1\/wp-json\/wp\/v2\/posts\/75122\/revisions\/75123"}],"wp:featuredmedia":[{"embeddable":true,"href":"https:\/\/elmundodelosnegocios.com.do\/v1\/wp-json\/wp\/v2\/media\/75124"}],"wp:attachment":[{"href":"https:\/\/elmundodelosnegocios.com.do\/v1\/wp-json\/wp\/v2\/media?parent=75122"}],"wp:term":[{"taxonomy":"category","embeddable":true,"href":"https:\/\/elmundodelosnegocios.com.do\/v1\/wp-json\/wp\/v2\/categories?post=75122"},{"taxonomy":"post_tag","embeddable":true,"href":"https:\/\/elmundodelosnegocios.com.do\/v1\/wp-json\/wp\/v2\/tags?post=75122"}],"curies":[{"name":"wp","href":"https:\/\/api.w.org\/{rel}","templated":true}]}}