{"id":75126,"date":"2025-12-17T11:52:00","date_gmt":"2025-12-17T16:22:00","guid":{"rendered":"https:\/\/elmundodelosnegocios.com.do\/v1\/?p=75126"},"modified":"2025-12-17T11:52:04","modified_gmt":"2025-12-17T16:22:04","slug":"zonas-francas-consolidan-su-dinamismo-en-2025-con-82-empresas-y-10-nuevos-parques-aprobados-2","status":"publish","type":"post","link":"https:\/\/elmundodelosnegocios.com.do\/v1\/zonas-francas-consolidan-su-dinamismo-en-2025-con-82-empresas-y-10-nuevos-parques-aprobados-2\/","title":{"rendered":"Zonas francas consolidan su dinamismo en 2025 con 82 empresas y 10 nuevos parques aprobados"},"content":{"rendered":"\n<p>Santo Domingo.\u2013 El Consejo Nacional de Zonas Francas de Exportaci\u00f3n&nbsp;<strong>(CNZFE)<\/strong>, presidido por el ministro de Industria, Comercio y Mipymes,&nbsp;<strong>V\u00edctor \u201cIto\u201d Bison\u00f3,<\/strong>&nbsp;aprob\u00f3 durante el&nbsp;<strong>a\u00f1o 2025<\/strong>&nbsp;la instalaci\u00f3n de&nbsp;<strong>82 nuevas empresas de zonas francas y 10 parques industriales<\/strong>,&nbsp; lo que refleja el&nbsp;<strong>dinamismo<\/strong>&nbsp;<strong>del sector<\/strong>&nbsp;y la efectividad de los procesos de evaluaci\u00f3n y autorizaci\u00f3n que impulsa esta instancia.<\/p>\n\n\n<div class=\"wp-block-image\">\n<figure class=\"aligncenter size-large\"><img decoding=\"async\" src=\"https:\/\/presidencia.gob.do\/sites\/default\/files\/styles\/large\/public\/news\/2025-12\/Zonas%20Francas%20RD%20%281%29.jpg?itok=XypjTXTu\" alt=\"\"\/><\/figure>\n<\/div>\n\n\n<p>Las&nbsp;<strong>empresas<\/strong>&nbsp;aprobadas este a\u00f1o proyectan una&nbsp;<strong>inversi\u00f3n de USD 221.9 millones,<\/strong>&nbsp;mientras que los&nbsp;<strong>parques industriales<\/strong>&nbsp;autorizados representan una inversi\u00f3n adicional estimada en&nbsp;<strong>USD 122.3 millones,<\/strong>&nbsp;cifras que confirman la&nbsp;<strong>confianza del sector privado<\/strong>&nbsp;en el r\u00e9gimen de zonas francas dominicano y su&nbsp;<strong>atractivo<\/strong>&nbsp;como plataforma de producci\u00f3n y exportaci\u00f3n.<\/p>\n\n\n\n<p>En cuanto a los principales subsectores de las empresas aprobadas, se destacan&nbsp;<strong>Servicios<\/strong>, con 18 nuevas empresas;&nbsp;<strong>Tabaco y sus derivados<\/strong>, con 15;&nbsp;<strong>Textil<\/strong>, con 5;&nbsp;<strong>Dispositivos el\u00e9ctricos y electr\u00f3nicos<\/strong>, con 5, y&nbsp;<strong>Dispositivos m\u00e9dicos<\/strong>, con 4 empresas.&nbsp;<\/p>\n\n\n\n<p>El resto corresponde a otros subsectores productivos como&nbsp;<strong>pl\u00e1stico, cart\u00f3n, tubos, vidrios, creaci\u00f3n de software, desarrollo&nbsp;<\/strong><em><strong>outsourcing<\/strong><\/em>, entre otras actividades, evidenciando la&nbsp;<strong>diversificaci\u00f3n<\/strong>&nbsp;de la matriz industrial del r\u00e9gimen.<\/p>\n\n\n\n<p>El ministro Bison\u00f3, se\u00f1al\u00f3 que estas cifras confirman el dinamismo del sector y la confianza que contin\u00faa despertando&nbsp;<strong>la Rep\u00fablica Dominicana como destino de inversi\u00f3n.<\/strong><\/p>\n\n\n\n<p><em>\u201cEl comportamiento de las zonas francas en 2025 refleja un pa\u00eds que sigue atrayendo empresas, generando empleos formales y fortaleciendo su base productiva. Este dinamismo es resultado de un entorno de estabilidad, reglas claras y una pol\u00edtica p\u00fablica enfocada en facilitar la inversi\u00f3n y el crecimiento sostenible\u201d,<\/em>&nbsp;afirm\u00f3 Bison\u00f3.<\/p>\n\n\n\n<p><strong>M\u00e1s empresas y mayor inversi\u00f3n que en 2024<\/strong><\/p>\n\n\n\n<p>Al comparar los resultados con el a\u00f1o anterior, se observa una&nbsp;<strong>evoluci\u00f3n positiva.<\/strong>&nbsp;En&nbsp;<strong>2024<\/strong>&nbsp;se aprobaron&nbsp;<strong>74 empresas<\/strong>, mientras que en&nbsp;<strong>2025<\/strong>&nbsp;las aprobaciones aumentaron a&nbsp;<strong>82 empresas.<\/strong><\/p>\n\n\n\n<p>En t\u00e9rminos de inversi\u00f3n, las empresas aprobadas en&nbsp;<strong>2024<\/strong>&nbsp;representaron&nbsp;<strong>USD 196.0 millones<\/strong>, mientras que en&nbsp;<strong>2025<\/strong>&nbsp;la inversi\u00f3n proyectada ascendi\u00f3 a&nbsp;<strong>USD 221.9 millones<\/strong>, lo que supone un&nbsp;<strong>incremento del 13 %,<\/strong>&nbsp;confirmando una tendencia hacia&nbsp;<strong>proyectos de mayor escala y valor agregado.<\/strong><\/p>\n\n\n\n<p><strong>Resultados acumulados desde 2020<\/strong><\/p>\n\n\n\n<p>Este desempe\u00f1o anual se suma a los resultados alcanzados durante la&nbsp;<strong>gesti\u00f3n iniciada en 2020 con el presidente Luis Abinader<\/strong>. En ese per\u00edodo, se han aprobado&nbsp;<strong>436 empresas de zonas francas<\/strong>, que proyectan la generaci\u00f3n de<strong>&nbsp;61,520 empleos directos<\/strong>, con una&nbsp;<strong>inversi\u00f3n<\/strong>&nbsp;estimada de&nbsp;<strong>USD 1,081.1 millones<\/strong>&nbsp;y una proyecci\u00f3n de generaci\u00f3n de&nbsp;<strong>divisas por USD 813.0 millones<\/strong>.<\/p>\n\n\n\n<p>Estas cifras consolidan al r\u00e9gimen de zonas francas como un&nbsp;<strong>pilar estrat\u00e9gico<\/strong>&nbsp;para la econom\u00eda dominicana, tanto por su&nbsp;<strong>impacto en el empleo formal<\/strong>&nbsp;como por su&nbsp;<strong>contribuci\u00f3n<\/strong>&nbsp;a las&nbsp;<strong>exportaciones<\/strong>&nbsp;y a la atracci\u00f3n de&nbsp;<strong>inversi\u00f3n extranjera directa.<\/strong><\/p>\n\n\n\n<p>El Ministerio de Industria, Comercio y Mipymes reiter\u00f3 su&nbsp;<strong>compromiso de continuar fortaleciendo este sector<\/strong>, promoviendo&nbsp;<strong>procesos \u00e1giles, seguridad jur\u00eddica y un entorno favorable<\/strong>&nbsp;que permita seguir ampliando la base productiva y las oportunidades de empleo en todo el pa\u00eds.<\/p>\n","protected":false},"excerpt":{"rendered":"<p>Santo Domingo.\u2013 El Consejo Nacional de Zonas Francas de Exportaci\u00f3n&nbsp;(CNZFE), presidido por el ministro de Industria, Comercio y Mipymes,&nbsp;V\u00edctor \u201cIto\u201d Bison\u00f3,&nbsp;aprob\u00f3 durante el&nbsp;a\u00f1o 2025&nbsp;la instalaci\u00f3n de&nbsp;82 nuevas empresas de zonas&hellip; <\/p>\n","protected":false},"author":2,"featured_media":75128,"comment_status":"closed","ping_status":"closed","sticky":false,"template":"","format":"standard","meta":{"fifu_image_url":"https:\/\/presidencia.gob.do\/sites\/default\/files\/styles\/large\/public\/news\/2025-12\/Zonas%20Francas%20RD%20%281%29.jpg?itok=XypjTXTu","fifu_image_alt":"","footnotes":""},"categories":[177],"tags":[],"class_list":["post-75126","post","type-post","status-publish","format-standard","has-post-thumbnail","hentry","category-zona-franca"],"_links":{"self":[{"href":"https:\/\/elmundodelosnegocios.com.do\/v1\/wp-json\/wp\/v2\/posts\/75126","targetHints":{"allow":["GET"]}}],"collection":[{"href":"https:\/\/elmundodelosnegocios.com.do\/v1\/wp-json\/wp\/v2\/posts"}],"about":[{"href":"https:\/\/elmundodelosnegocios.com.do\/v1\/wp-json\/wp\/v2\/types\/post"}],"author":[{"embeddable":true,"href":"https:\/\/elmundodelosnegocios.com.do\/v1\/wp-json\/wp\/v2\/users\/2"}],"replies":[{"embeddable":true,"href":"https:\/\/elmundodelosnegocios.com.do\/v1\/wp-json\/wp\/v2\/comments?post=75126"}],"version-history":[{"count":1,"href":"https:\/\/elmundodelosnegocios.com.do\/v1\/wp-json\/wp\/v2\/posts\/75126\/revisions"}],"predecessor-version":[{"id":75127,"href":"https:\/\/elmundodelosnegocios.com.do\/v1\/wp-json\/wp\/v2\/posts\/75126\/revisions\/75127"}],"wp:featuredmedia":[{"embeddable":true,"href":"https:\/\/elmundodelosnegocios.com.do\/v1\/wp-json\/wp\/v2\/media\/75128"}],"wp:attachment":[{"href":"https:\/\/elmundodelosnegocios.com.do\/v1\/wp-json\/wp\/v2\/media?parent=75126"}],"wp:term":[{"taxonomy":"category","embeddable":true,"href":"https:\/\/elmundodelosnegocios.com.do\/v1\/wp-json\/wp\/v2\/categories?post=75126"},{"taxonomy":"post_tag","embeddable":true,"href":"https:\/\/elmundodelosnegocios.com.do\/v1\/wp-json\/wp\/v2\/tags?post=75126"}],"curies":[{"name":"wp","href":"https:\/\/api.w.org\/{rel}","templated":true}]}}