{"id":75236,"date":"2026-01-02T11:09:17","date_gmt":"2026-01-02T15:39:17","guid":{"rendered":"https:\/\/elmundodelosnegocios.com.do\/v1\/?p=75236"},"modified":"2026-01-02T11:09:20","modified_gmt":"2026-01-02T15:39:20","slug":"republica-dominicana-cierra-2025-con-desempeno-economico-historico-y-crecimiento-sostenido","status":"publish","type":"post","link":"https:\/\/elmundodelosnegocios.com.do\/v1\/republica-dominicana-cierra-2025-con-desempeno-economico-historico-y-crecimiento-sostenido\/","title":{"rendered":"Rep\u00fablica Dominicana cierra 2025 con desempe\u00f1o econ\u00f3mico hist\u00f3rico y crecimiento sostenido"},"content":{"rendered":"\n<p>Santo Domingo.-&nbsp;<strong>Los principales resultados econ\u00f3micos a noviembre 2025,<\/strong>&nbsp;estuvieron marcados por un crecimiento sostenido<strong>&nbsp;<\/strong>de las&nbsp;<strong>exportaciones<\/strong>, un desempe\u00f1o hist\u00f3rico del r\u00e9gimen de&nbsp;<strong>zonas francas<\/strong>, la expansi\u00f3n del&nbsp;<strong>empleo formal<\/strong>&nbsp;y niveles r\u00e9cord de&nbsp;<strong>inversi\u00f3n extranjera directa<\/strong>, consolidando a la Rep\u00fablica Dominicana como una&nbsp;<strong>econom\u00eda productiva y confiable en la regi\u00f3n.<\/strong><\/p>\n\n\n<div class=\"wp-block-image\">\n<figure class=\"aligncenter size-large\"><img decoding=\"async\" src=\"https:\/\/presidencia.gob.do\/sites\/default\/files\/styles\/large\/public\/news\/2025-12\/Plaza%20de%20la%20bandera.00_01_20_19.Still003.jpg?itok=IGbToAyx\" alt=\"\"\/><\/figure>\n<\/div>\n\n\n<p><strong>Exportaciones<\/strong><\/p>\n\n\n\n<p>Las exportaciones dominicanas alcanzaron&nbsp;<strong>USD 13,063.6<\/strong>&nbsp;<strong>millones<\/strong>&nbsp;entre enero y noviembre de 2025, para un crecimiento interanual del&nbsp;<strong>10 %<\/strong>, registr\u00e1ndose adem\u00e1s el mejor noviembre de los \u00faltimos 13 a\u00f1os, con exportaciones por USD 1,121.9 millones.<\/p>\n\n\n\n<p>El desempe\u00f1o exportador estuvo&nbsp;<strong>liderado por el r\u00e9gimen de zonas francas<\/strong>, que concentr\u00f3 el&nbsp;<strong>61 %<\/strong>&nbsp;del total exportado, seguido por el&nbsp;<strong>r\u00e9gimen nacional<\/strong>&nbsp;con un&nbsp;<strong>37 %<\/strong>.&nbsp;<\/p>\n\n\n\n<p>Entre los principales productos exportados se destacan el&nbsp;<strong>oro<\/strong>&nbsp;en bruto, los&nbsp;<strong>disyuntores el\u00e9ctricos,&nbsp;<\/strong>los<strong>&nbsp;cigarros puros y cigarritos<\/strong>, los&nbsp;<strong>instrumentos m\u00e9dicos<\/strong>&nbsp;para medir la presi\u00f3n arterial y las&nbsp;<strong>camisetas<\/strong>&nbsp;de algod\u00f3n.<\/p>\n\n\n\n<p><strong>Industria nacional mantiene crecimiento sostenido y mayor dinamismo exportador<\/strong><\/p>\n\n\n\n<p>Durante 2025, la industria nacional mostr\u00f3 un&nbsp;<strong>desempe\u00f1o s\u00f3lido<\/strong>&nbsp;<strong>tanto en el mercado interno como en el externo.<\/strong><\/p>\n\n\n\n<p>Entre enero y octubre, las ventas internas acumuladas crecieron un 10.9 % interanual, al pasar&nbsp;<strong>de RD 951,067 millones a RDb1.05 billones,<\/strong>&nbsp;reflejando una&nbsp;<strong>expansi\u00f3n sostenida<\/strong>&nbsp;de la actividad productiva y comercial.&nbsp;<\/p>\n\n\n\n<p>Este comportamiento se complement\u00f3 con un&nbsp;<strong>mayor dinamismo de los bienes industriales exportados<\/strong>, que alcanzaron USD 1,855.3 millones entre enero y noviembre, para un crecimiento interanual de 19.8 %.<\/p>\n\n\n\n<p>Entre los principales rubros se destacan&nbsp;<strong>hierro y acero, cementos y pl\u00e1sticos<\/strong>, sectores que evidencian la capacidad de la industria dominicana para fortalecer su presencia en mercados internacionales y aportar&nbsp;<strong>valor agregado<\/strong>&nbsp;a la econom\u00eda nacional.<\/p>\n\n\n\n<p><strong>Zonas francas y empleo: un a\u00f1o hist\u00f3rico<\/strong><\/p>\n\n\n\n<p>Uno de los hitos m\u00e1s relevantes del a\u00f1o fue que&nbsp;<strong>el r\u00e9gimen de zonas francas super\u00f3 los 200,000 empleos<\/strong>, alcanzando 200,134 trabajadores, el mayor nivel registrado en su historia.<\/p>\n\n\n\n<p><strong>M\u00e1s empleo formal y mayor impacto sectorial<\/strong><\/p>\n\n\n\n<p>Durante 2025 se generaron&nbsp;<strong>119,965 nuevos empleos&nbsp;<\/strong>en la econom\u00eda dominicana.&nbsp;<\/p>\n\n\n\n<p>De ese total,&nbsp;<strong>56,873 empleos<\/strong>&nbsp;(47.4 %) se concentraron en sectores bajo la incidencia directa del MICM, como&nbsp;<strong>comercio, industria y servicios.<\/strong><\/p>\n\n\n\n<p><strong>Inversi\u00f3n extranjera y reconocimiento internacional<\/strong><\/p>\n\n\n\n<p><strong>La inversi\u00f3n extranjera directa alcanz\u00f3 USD 4,050.6<\/strong>&nbsp;<strong>millones<\/strong>&nbsp;a septiembre de 2025, el&nbsp;<strong>nivel m\u00e1s alto<\/strong>&nbsp;registrado en las&nbsp;<strong>\u00faltimas tres d\u00e9cadas<\/strong>, con proyecciones que apuntan a superar los&nbsp;<strong>USD 4,800 millones<\/strong>&nbsp;al cierre del a\u00f1o.<\/p>\n\n\n\n<p><strong>Combate al comercio il\u00edcito<\/strong><\/p>\n\n\n\n<p>En materia de&nbsp;<strong>control y legalidad<\/strong>, el pa\u00eds acumul\u00f3 5 a\u00f1os consecutivos con&nbsp;<strong>CERO muertes por alcohol adulterado.<\/strong><\/p>\n\n\n\n<p>En este 2025, a trav\u00e9s del&nbsp;<strong>Ceccom<\/strong>&nbsp;se incautaron&nbsp;<strong>93.1 millones de unidades de mercanc\u00edas il\u00edcitas.&nbsp;<\/strong><\/p>\n\n\n\n<p>La Rep\u00fablica Dominicana se ubic\u00f3 en la&nbsp;<strong>posici\u00f3n 50<\/strong>&nbsp;de 158 pa\u00edses en el \u00cdndice&nbsp;<strong>Tracit 2025<\/strong>, como una de las econom\u00edas menos vulnerables al comercio il\u00edcito.<\/p>\n\n\n\n<p><strong>Fortalecimiento institucional<\/strong><\/p>\n\n\n\n<p>Como parte de su gesti\u00f3n interna, el MICM cerr\u00f3 el 2025 logrando la&nbsp;<strong>certificaci\u00f3n Great Place to Work<\/strong>&nbsp;y manteniendo las&nbsp;<strong>cinco normas ISO<\/strong>, lo cual la consolida como referente regional en&nbsp;<strong>gesti\u00f3n p\u00fablica eficiente y calidad institucional.<\/strong><\/p>\n","protected":false},"excerpt":{"rendered":"<p>Santo Domingo.-&nbsp;Los principales resultados econ\u00f3micos a noviembre 2025,&nbsp;estuvieron marcados por un crecimiento sostenido&nbsp;de las&nbsp;exportaciones, un desempe\u00f1o hist\u00f3rico del r\u00e9gimen de&nbsp;zonas francas, la expansi\u00f3n del&nbsp;empleo formal&nbsp;y niveles r\u00e9cord de&nbsp;inversi\u00f3n extranjera directa,&hellip; <\/p>\n","protected":false},"author":2,"featured_media":75238,"comment_status":"closed","ping_status":"closed","sticky":false,"template":"","format":"standard","meta":{"fifu_image_url":"https:\/\/presidencia.gob.do\/sites\/default\/files\/styles\/large\/public\/news\/2025-12\/Plaza%20de%20la%20bandera.00_01_20_19.Still003.jpg?itok=IGbToAyx","fifu_image_alt":"","footnotes":""},"categories":[62],"tags":[],"class_list":["post-75236","post","type-post","status-publish","format-standard","has-post-thumbnail","hentry","category-economia"],"_links":{"self":[{"href":"https:\/\/elmundodelosnegocios.com.do\/v1\/wp-json\/wp\/v2\/posts\/75236","targetHints":{"allow":["GET"]}}],"collection":[{"href":"https:\/\/elmundodelosnegocios.com.do\/v1\/wp-json\/wp\/v2\/posts"}],"about":[{"href":"https:\/\/elmundodelosnegocios.com.do\/v1\/wp-json\/wp\/v2\/types\/post"}],"author":[{"embeddable":true,"href":"https:\/\/elmundodelosnegocios.com.do\/v1\/wp-json\/wp\/v2\/users\/2"}],"replies":[{"embeddable":true,"href":"https:\/\/elmundodelosnegocios.com.do\/v1\/wp-json\/wp\/v2\/comments?post=75236"}],"version-history":[{"count":1,"href":"https:\/\/elmundodelosnegocios.com.do\/v1\/wp-json\/wp\/v2\/posts\/75236\/revisions"}],"predecessor-version":[{"id":75237,"href":"https:\/\/elmundodelosnegocios.com.do\/v1\/wp-json\/wp\/v2\/posts\/75236\/revisions\/75237"}],"wp:featuredmedia":[{"embeddable":true,"href":"https:\/\/elmundodelosnegocios.com.do\/v1\/wp-json\/wp\/v2\/media\/75238"}],"wp:attachment":[{"href":"https:\/\/elmundodelosnegocios.com.do\/v1\/wp-json\/wp\/v2\/media?parent=75236"}],"wp:term":[{"taxonomy":"category","embeddable":true,"href":"https:\/\/elmundodelosnegocios.com.do\/v1\/wp-json\/wp\/v2\/categories?post=75236"},{"taxonomy":"post_tag","embeddable":true,"href":"https:\/\/elmundodelosnegocios.com.do\/v1\/wp-json\/wp\/v2\/tags?post=75236"}],"curies":[{"name":"wp","href":"https:\/\/api.w.org\/{rel}","templated":true}]}}