{"id":75358,"date":"2026-01-08T09:04:45","date_gmt":"2026-01-08T13:34:45","guid":{"rendered":"https:\/\/elmundodelosnegocios.com.do\/v1\/micm-deja-implementado-y-auditado-su-sistema-de-gestion-de-seguridad-de-la-informacion-bajo-iso-iec-27001\/"},"modified":"2026-01-08T09:04:45","modified_gmt":"2026-01-08T13:34:45","slug":"micm-deja-implementado-y-auditado-su-sistema-de-gestion-de-seguridad-de-la-informacion-bajo-iso-iec-27001","status":"publish","type":"post","link":"https:\/\/elmundodelosnegocios.com.do\/v1\/micm-deja-implementado-y-auditado-su-sistema-de-gestion-de-seguridad-de-la-informacion-bajo-iso-iec-27001\/","title":{"rendered":"MICM deja implementado y auditado su Sistema de Gesti\u00f3n de Seguridad de la Informaci\u00f3n bajo ISO\/IEC 27001"},"content":{"rendered":"<div>\n<p><em>Jueves 08 de Enero, 2026.<\/em><\/p>\n<p><em>Con esta nueva norma, el Ministerio de Indutsria y Mipymes superar\u00e1 su propia haza\u00f1a al contar pr\u00f3ximamente con seis certificaciones ISO activas de manera simult\u00e1nea.<\/em><\/p>\n<p class=\"p1\"><strong>Santo Domingo, RD.\u2013 <\/strong>El Ministerio de Industria, Comercio y Mipymes (MICM), bajo la gesti\u00f3n del ministro V\u00edctor -Ito- Bison\u00f3, culmin\u00f3 la implementaci\u00f3n del Sistema de Gesti\u00f3n de Seguridad de la Informaci\u00f3n conforme a la norma internacional ISO\/IEC 27001, dejando el sistema completamente operativo, auditado internamente y listo para iniciar el proceso formal de certificaci\u00f3n.\u00a0Como resultado de esta gesti\u00f3n, el MICM ejecut\u00f3 exitosamente la auditor\u00eda interna del Sistema de Gesti\u00f3n de Seguridad de la Informaci\u00f3n en octubre de 2025, obteniendo una recomendaci\u00f3n favorable para avanzar hacia la auditor\u00eda de certificaci\u00f3n, evidenciando unalto nivel de madurez institucional en materia de protecci\u00f3n de la informaci\u00f3n y gesti\u00f3n de riesgos.<\/p>\n<p><img fetchpriority=\"high\" decoding=\"async\" class=\"alignnone wp-image-201346\" src=\"https:\/\/micm.gob.do\/wp-content\/uploads\/2026\/01\/MICM-Edificio-1-300x143.jpg\" alt=\"MICM-Certificaci\u00f3n-ISO-27001\" width=\"1400\" height=\"666\" srcset=\"https:\/\/micm.gob.do\/wp-content\/uploads\/2026\/01\/MICM-Edificio-1-300x143.jpg 300w, https:\/\/micm.gob.do\/wp-content\/uploads\/2026\/01\/MICM-Edificio-1-1024x487.jpg 1024w, https:\/\/micm.gob.do\/wp-content\/uploads\/2026\/01\/MICM-Edificio-1-768x365.jpg 768w, https:\/\/micm.gob.do\/wp-content\/uploads\/2026\/01\/MICM-Edificio-1-1536x731.jpg 1536w, https:\/\/micm.gob.do\/wp-content\/uploads\/2026\/01\/MICM-Edificio-1.jpg 1562w\" sizes=\"(max-width: 1400px) 100vw, 1400px\"><\/p>\n<p>Al cierre de la gesti\u00f3n del ministro Bison\u00f3, la documentaci\u00f3n del sistema presenta un nivel de formalizaci\u00f3n del 94 %, reflejando un proceso s\u00f3lido, estructurado y alineado con los requisitos de la norma ISO\/IEC 27001. Asimismo, el MICM deja adjudicado el proceso de compra correspondiente a la auditor\u00eda de certificaci\u00f3n, garantizando la continuidad t\u00e9cnica inmediata hacia la obtenci\u00f3n del certificado.\u00a0Este hito se integra a una estrategia institucional m\u00e1s amplia de fortalecimiento de la gesti\u00f3n p\u00fablica, en la cual el MICM ha consolidado un Sistema Integrado de Gesti\u00f3n respaldado por est\u00e1ndares internacionales, incluyendo ISO 9001 sobre Gesti\u00f3n de la Calidad; ISO 22301 de Continuidad del Negocio, ISO 37001 de Gesti\u00f3n Antisoborno, ISO 37301 sobre Cumplimiento Normativo e ISO 14001 sobre Gesti\u00f3n Ambiental.<\/p>\n<p>La implementaci\u00f3n de la ISO\/IEC 27001 bajo la administraci\u00f3n del ministro Ito Bison\u00f3 reafirma el compromiso del MICM con la seguridad de la informaci\u00f3n, la protecci\u00f3n de los activos institucionales, la transparencia y la confianza ciudadana, dejando capacidades instaladas que fortalecen la institucionalidad m\u00e1s all\u00e1 de los ciclos de gesti\u00f3n.<\/p>\n<p>Estos avances son el resultado del trabajo t\u00e9cnico, planificado y coordinado de los equipos del MICM, y constituyen una base s\u00f3lida para la sostenibilidad y mejora continua de los sistemas de gesti\u00f3n de la instituci\u00f3n.<\/p>\n<p class=\"p1\"><strong style=\"font-size: 16px;\">Fuente:<\/strong><span style=\"font-size: 16px;\"> Direcci\u00f3n de Comunicaciones<\/span><\/p>\n<p>The post <a href=\"https:\/\/micm.gob.do\/micm-deja-implementado-y-auditado-su-sistema-de-gestion-de-seguridad-de-la-informacion-bajo-iso-iec-27001\/\">MICM deja implementado y auditado su Sistema de Gesti\u00f3n de Seguridad de la Informaci\u00f3n bajo ISO\/IEC 27001<\/a> appeared first on <a href=\"https:\/\/micm.gob.do\/\">MICM<\/a>.<\/p>\n<\/div>\n","protected":false},"excerpt":{"rendered":"<p>Jueves 08 de Enero, 2026. Con esta nueva norma, el Ministerio de Indutsria y Mipymes superar\u00e1 su propia haza\u00f1a al contar pr\u00f3ximamente con seis certificaciones ISO activas de manera simult\u00e1nea.&hellip; <\/p>\n","protected":false},"author":2,"featured_media":75359,"comment_status":"closed","ping_status":"closed","sticky":false,"template":"","format":"standard","meta":{"fifu_image_url":"","fifu_image_alt":"","footnotes":""},"categories":[147],"tags":[],"class_list":["post-75358","post","type-post","status-publish","format-standard","has-post-thumbnail","hentry","category-comercio"],"_links":{"self":[{"href":"https:\/\/elmundodelosnegocios.com.do\/v1\/wp-json\/wp\/v2\/posts\/75358","targetHints":{"allow":["GET"]}}],"collection":[{"href":"https:\/\/elmundodelosnegocios.com.do\/v1\/wp-json\/wp\/v2\/posts"}],"about":[{"href":"https:\/\/elmundodelosnegocios.com.do\/v1\/wp-json\/wp\/v2\/types\/post"}],"author":[{"embeddable":true,"href":"https:\/\/elmundodelosnegocios.com.do\/v1\/wp-json\/wp\/v2\/users\/2"}],"replies":[{"embeddable":true,"href":"https:\/\/elmundodelosnegocios.com.do\/v1\/wp-json\/wp\/v2\/comments?post=75358"}],"version-history":[{"count":0,"href":"https:\/\/elmundodelosnegocios.com.do\/v1\/wp-json\/wp\/v2\/posts\/75358\/revisions"}],"wp:featuredmedia":[{"embeddable":true,"href":"https:\/\/elmundodelosnegocios.com.do\/v1\/wp-json\/wp\/v2\/media\/75359"}],"wp:attachment":[{"href":"https:\/\/elmundodelosnegocios.com.do\/v1\/wp-json\/wp\/v2\/media?parent=75358"}],"wp:term":[{"taxonomy":"category","embeddable":true,"href":"https:\/\/elmundodelosnegocios.com.do\/v1\/wp-json\/wp\/v2\/categories?post=75358"},{"taxonomy":"post_tag","embeddable":true,"href":"https:\/\/elmundodelosnegocios.com.do\/v1\/wp-json\/wp\/v2\/tags?post=75358"}],"curies":[{"name":"wp","href":"https:\/\/api.w.org\/{rel}","templated":true}]}}