{"id":75374,"date":"2026-01-07T09:29:21","date_gmt":"2026-01-07T13:59:21","guid":{"rendered":"https:\/\/elmundodelosnegocios.com.do\/v1\/?p=75374"},"modified":"2026-01-08T09:31:33","modified_gmt":"2026-01-08T14:01:33","slug":"articulo-cierre-de-ano-y-legado-a-mis-lectores","status":"publish","type":"post","link":"https:\/\/elmundodelosnegocios.com.do\/v1\/articulo-cierre-de-ano-y-legado-a-mis-lectores\/","title":{"rendered":"ART\u00cdCULO: Cierre de A\u00f1o y Legado a Mis Lectores"},"content":{"rendered":"\n<p>Queridos lectores:<\/p>\n\n\n<div class=\"wp-block-image\">\n<figure class=\"aligncenter size-full\"><img loading=\"lazy\" decoding=\"async\" width=\"922\" height=\"586\" src=\"https:\/\/elmundodelosnegocios.com.do\/v1\/wp-content\/uploads\/2024\/06\/Virgilio-Malagon.jpg\" alt=\"\" class=\"wp-image-53243\" srcset=\"https:\/\/elmundodelosnegocios.com.do\/v1\/wp-content\/uploads\/2024\/06\/Virgilio-Malagon.jpg 922w, https:\/\/elmundodelosnegocios.com.do\/v1\/wp-content\/uploads\/2024\/06\/Virgilio-Malagon-300x191.jpg 300w, https:\/\/elmundodelosnegocios.com.do\/v1\/wp-content\/uploads\/2024\/06\/Virgilio-Malagon-768x488.jpg 768w\" sizes=\"auto, (max-width: 922px) 100vw, 922px\" \/><\/figure>\n<\/div>\n\n\n<p>Al llegar este cierre de a\u00f1o, siento la necesidad de compartir con ustedes esta reflexi\u00f3n que nace de la serenidad, del balance y del compromiso que he mantenido durante d\u00e9cadas con cada uno de ustedes. No es una despedida; es un puente. Un espacio para mirar hacia atr\u00e1s con gratitud y hacia adelante con responsabilidad.<\/p>\n\n\n\n<p>Mi vida profesional ha estado guiada por una impronta clara: hacer comprensible lo complejo, traducir lo t\u00e9cnico a lo humano y ofrecer orientaci\u00f3n en medio del ruido. Desde mis primeros escritos hasta hoy, he intentado que cada dominicano \u2014sin importar su formaci\u00f3n o su entorno\u2014 pudiera entender los temas que afectan su vida cotidiana.<\/p>\n\n\n\n<p>A ustedes, que me han acompa\u00f1ado durante tantos a\u00f1os, quiero dejarles estas palabras que no son un adi\u00f3s, sino una continuidad. Mi vida ha girado siempre en torno a un prop\u00f3sito sencillo y exigente: ayudar a pensar. Pensar con claridad, con rigor, con esperanza. Pensar sin miedo a las preguntas dif\u00edciles y sin verg\u00fcenza de las dudas necesarias.<\/p>\n\n\n\n<p>Si algo aprend\u00ed en este camino es que el conocimiento no se impone: se comparte. Y que la orientaci\u00f3n no es un acto de superioridad, sino de servicio. Por eso, cada art\u00edculo, cada reflexi\u00f3n, cada an\u00e1lisis que les ofrec\u00ed naci\u00f3 desde un lugar profundamente humano: el deseo de que cada uno de ustedes pudiera entender mejor su mundo y, desde ah\u00ed, transformarlo.<\/p>\n\n\n\n<p>A mi querida Rep\u00fablica Dominicana \u2014esta patria luminosa y herida, vibrante y cansada, noble y contradictoria\u2014 le digo que no pierda la fe en s\u00ed misma. Los pa\u00edses no se sostienen solo con instituciones; se sostienen con ciudadanos que piensan, que preguntan, que exigen, que sue\u00f1an. Y ustedes, mis lectores, han demostrado una y otra vez que ese esp\u00edritu sigue vivo.<\/p>\n\n\n\n<p>1-Mi impronta profesional<\/p>\n\n\n\n<p>A lo largo de los a\u00f1os, he trabajado desde tres pilares que definieron mi voz:<\/p>\n\n\n\n<p>La claridad como servicio p\u00fablico. Explicar sin adornos, sin elitismos, sin tecnicismos innecesarios.<\/p>\n\n\n\n<p>El pensamiento cr\u00edtico como herramienta de dignidad. No dar respuestas cerradas, sino sembrar preguntas que despierten conciencia.<\/p>\n\n\n\n<p>La esperanza como disciplina. No como consuelo pasivo, sino como voluntad activa de construir un pa\u00eds mejor.<\/p>\n\n\n\n<p>Mi Leitmotiv siempre ha sido y ser\u00e1: El Dato mata al Relato.<\/p>\n\n\n\n<p>2-Temas \u00e1lgidos que siempre enfrent\u00e9<\/p>\n\n\n\n<p>Nunca evit\u00e9 los asuntos dif\u00edciles. Mi compromiso fue con la verdad, no con la comodidad. Por eso abord\u00e9:<\/p>\n\n\n\n<p>La fragilidad institucional y la urgencia de fortalecer la \u00e9tica p\u00fablica.<\/p>\n\n\n\n<p>Las fallas de la salud p\u00fablica, que afectan vidas reales, no estad\u00edsticas.<\/p>\n\n\n\n<p>La econom\u00eda dominicana, m\u00e1s all\u00e1 de los titulares, con sus riesgos y oportunidades.<\/p>\n\n\n\n<p>La tecnolog\u00eda, desde la radioafici\u00f3n, que marc\u00f3 mi infancia hasta los desaf\u00edos modernos de la informaci\u00f3n.<\/p>\n\n\n\n<p>La ciudadan\u00eda, entendida como m\u00fasculo c\u00edvico que debemos ejercitar.<\/p>\n\n\n\n<p>La memoria hist\u00f3rica, porque un pa\u00eds que olvida repite sus errores.<\/p>\n\n\n\n<p>La educaci\u00f3n, no como sistema, sino como acto humano que transforma.<\/p>\n\n\n\n<p>Mi pasi\u00f3n por las matem\u00e1ticas predictivas, para que el Dato siempre prevalezca ante el Relato.<\/p>\n\n\n\n<p>Estos temas fueron mi br\u00fajula, y ustedes, mis lectores, fueron siempre mi raz\u00f3n de mantenerla.<\/p>\n\n\n\n<p>3-Sobre el pa\u00eds y su cansancio<\/p>\n\n\n\n<p>Este a\u00f1o nos deja una mezcla compleja: avances que no siempre se celebran, desaf\u00edos que no siempre se enfrentan y un desgane nacional que a veces parece m\u00e1s fuerte que la esperanza. Pero sigo creyendo que la Rep\u00fablica Dominicana tiene una reserva moral y humana que no se agota. Ustedes son parte de esa reserva.<\/p>\n\n\n\n<p>4-Un cierre de a\u00f1o desde el coraz\u00f3n<\/p>\n\n\n\n<p>Si algo nos ense\u00f1aron los \u00faltimos a\u00f1os es que las instituciones pueden fallar, pero la ciudadan\u00eda no tiene por qu\u00e9 hacerlo. Hemos visto sistemas de salud tambalear, procesos p\u00fablicos opacos, decisiones improvisadas. Sin embargo, tambi\u00e9n hemos visto algo m\u00e1s poderoso: personas que se informan, que preguntan, que exigen, que no se resignan. La fragilidad institucional no es un destino; es un diagn\u00f3stico. Y un diagn\u00f3stico, cuando se entiende, se puede tratar.<\/p>\n\n\n\n<p>No voy a disfrazar la realidad: este a\u00f1o trae desaf\u00edos econ\u00f3micos, institucionales y sociales. Pero tambi\u00e9n trae una oportunidad extraordinaria. La esperanza no es un sentimiento pasivo. Es una pr\u00e1ctica diaria de: Informarse con rigor, Exigir con respeto, Participar con constancia y Cuidar lo com\u00fan con responsabilidad. De ah\u00ed que siempre he dicho que los pa\u00edses no cambian por decretos m\u00e1gicos, sino por ciudadanos que deciden no renunciar a su derecho a un futuro mejor.<\/p>\n\n\n\n<p>5-Preguntar es un acto de dignidad.<\/p>\n\n\n\n<p>El periodismo, la investigaci\u00f3n, la curiosidad ciudadana\u2026 todo eso es parte de la salud democr\u00e1tica. No se trata de confrontar por confrontar, sino de ejercer un derecho elemental: Saber c\u00f3mo se toman las decisiones que afectan nuestra vida. La claridad no es un lujo; es un deber. Y en un pa\u00eds donde la gente siempre ha sabido \u201cbuscar la vuelta\u201d, tambi\u00e9n merece saber la verdad.<\/p>\n\n\n\n<p>6-Comparar no es copiar, es aprender.<\/p>\n\n\n\n<p>Los casos internacionales de salud p\u00fablica, transparencia fiscal o gesti\u00f3n institucional no son recetas, pero s\u00ed espejos. Nos muestran caminos posibles, errores evitables, soluciones adaptables. La Rep\u00fablica Dominicana no est\u00e1 aislada. Somos parte de un mundo que tambi\u00e9n busca respuestas. Y entender ese mundo nos ayuda a entendernos mejor.<\/p>\n\n\n\n<p>7-Apreciar los recuerdos.<\/p>\n\n\n\n<p>Hay tardes en que Santo Domingo respira distinto. El sol cae sobre los techos de zinc, el aire huele a mar y a historia, y uno siente que el tiempo se detiene lo suficiente para escucharse. A m\u00ed, esa pausa siempre me llega igual: en el murmullo de una radio antigua, en ese instante en que la se\u00f1al todav\u00eda no es voz pero ya promete compa\u00f1\u00eda. Ah\u00ed reconozco mi impronta: hijo de una Rep\u00fablica Dominicana que aprendi\u00f3 a informarse con paciencia, a desconfiar del ruido, a valorar la palabra pensada. Esa herencia no me ata al pasado; me orienta. Me recuerda que la memoria es un mapa y que la nostalgia, cuando se vive con honestidad, no paraliza: ilumina. Por eso escribo estas l\u00edneas. Porque este 2026 no nos pide entusiasmo vac\u00edo, sino una esperanza que nazca del entendimiento, de la confraternidad, de la voluntad de no renunciar a lo que podemos mejorar juntos en esta patria compartida.<\/p>\n\n\n\n<p>La Rep\u00fablica Dominicana ha avanzado, s\u00ed, pero tambi\u00e9n ha mostrado sus grietas. Sistemas de salud que tambalean, procesos p\u00fablicos que a\u00fan necesitan transparencia, decisiones que a veces parecen improvisadas. Sin embargo, hay algo m\u00e1s fuerte que todo eso: la gente. El dominicano que se informa, que pregunta, que exige, que no se conforma. La fragilidad institucional no es un destino. Es un diagn\u00f3stico. Y un diagn\u00f3stico, cuando se entiende, se puede tratar. Somos un pa\u00eds peque\u00f1o, pero con ciudadanos grandes.<\/p>\n\n\n\n<p>8-En resumen.<\/p>\n\n\n\n<p>Somos una naci\u00f3n joven, vibrante, imperfecta, pero llena de gente que no se rinde. Y esa es nuestra mayor riqueza.<\/p>\n\n\n\n<p>Si algo nos ense\u00f1a la historia dominicana es que cuando este pueblo decide avanzar, avanza. Cuando decide unirse, se une. Cuando decide mejorar, mejora.<\/p>\n\n\n\n<p>Por eso, en este 2026, no apelo a un patriotismo de consignas, sino a uno m\u00e1s profundo: el patriotismo de la responsabilidad, de la solidaridad, del trabajo bien hecho, del respeto por lo com\u00fan, del compromiso con la verdad.<\/p>\n\n\n\n<p>La patria no es un concepto abstracto. La patria somos nosotros. Y nosotros \u2014con nuestras manos, nuestras voces, nuestra memoria y nuestra voluntad\u2014 podemos hacerla m\u00e1s justa, m\u00e1s clara y m\u00e1s digna.<\/p>\n\n\n\n<p>Lo digo, como siempre, desde el mismo lugar desde donde te escribo, lector: confraternalmente, con la convicci\u00f3n serena de que lo mejor a\u00fan est\u00e1 por hacerse en esta Rep\u00fablica Dominicana nuestra. Que la claridad es un acto de amor. Que la cr\u00edtica es un acto de responsabilidad. Que la esperanza es un acto de voluntad. Y que pensar \u2014pensar de verdad\u2014 es un acto de dignidad.<\/p>\n\n\n\n<p>9-Al cierre.<\/p>\n\n\n\n<p>Amigo Lector:<\/p>\n\n\n\n<p>Gracias por acompa\u00f1arme. Gracias por permitirme servirles. Gracias por creer que la palabra puede iluminar.<\/p>\n\n\n\n<p>La Rep\u00fablica Dominicana no necesita promesas imposibles. Necesita algo m\u00e1s sencillo y m\u00e1s poderoso: que cada uno de nosotros haga su parte con honestidad, con rigor y con cari\u00f1o por esta tierra que nos sostiene. Nuestro pa\u00eds no se construye desde la distancia ni desde la resignaci\u00f3n, sino desde la cercan\u00eda: en el colmado, en la escuela, en el hospital, en la junta de vecinos, en la conversaci\u00f3n respetuosa, en el acto cotidiano de elegir lo correcto aunque nadie est\u00e9 mirando.<\/p>\n\n\n\n<p>Que el a\u00f1o que viene nos encuentre m\u00e1s despiertos, m\u00e1s cr\u00edticos, m\u00e1s humanos. Y que nunca dejemos de construir, desde nuestras peque\u00f1as trincheras, un pa\u00eds posible.<\/p>\n\n\n\n<p>Confraternalmente, Virgilio Malagon Alvarez<\/p>\n","protected":false},"excerpt":{"rendered":"<p>Queridos lectores: Al llegar este cierre de a\u00f1o, siento la necesidad de compartir con ustedes esta reflexi\u00f3n que nace de la serenidad, del balance y del compromiso que he mantenido&hellip; <\/p>\n","protected":false},"author":2,"featured_media":75376,"comment_status":"closed","ping_status":"closed","sticky":false,"template":"","format":"standard","meta":{"fifu_image_url":"https:\/\/elmundodelosnegocios.com.do\/v1\/wp-content\/uploads\/2024\/06\/Virgilio-Malagon.jpg","fifu_image_alt":"","footnotes":""},"categories":[233],"tags":[],"class_list":["post-75374","post","type-post","status-publish","format-standard","has-post-thumbnail","hentry","category-articulo"],"_links":{"self":[{"href":"https:\/\/elmundodelosnegocios.com.do\/v1\/wp-json\/wp\/v2\/posts\/75374","targetHints":{"allow":["GET"]}}],"collection":[{"href":"https:\/\/elmundodelosnegocios.com.do\/v1\/wp-json\/wp\/v2\/posts"}],"about":[{"href":"https:\/\/elmundodelosnegocios.com.do\/v1\/wp-json\/wp\/v2\/types\/post"}],"author":[{"embeddable":true,"href":"https:\/\/elmundodelosnegocios.com.do\/v1\/wp-json\/wp\/v2\/users\/2"}],"replies":[{"embeddable":true,"href":"https:\/\/elmundodelosnegocios.com.do\/v1\/wp-json\/wp\/v2\/comments?post=75374"}],"version-history":[{"count":1,"href":"https:\/\/elmundodelosnegocios.com.do\/v1\/wp-json\/wp\/v2\/posts\/75374\/revisions"}],"predecessor-version":[{"id":75375,"href":"https:\/\/elmundodelosnegocios.com.do\/v1\/wp-json\/wp\/v2\/posts\/75374\/revisions\/75375"}],"wp:featuredmedia":[{"embeddable":true,"href":"https:\/\/elmundodelosnegocios.com.do\/v1\/wp-json\/wp\/v2\/media\/75376"}],"wp:attachment":[{"href":"https:\/\/elmundodelosnegocios.com.do\/v1\/wp-json\/wp\/v2\/media?parent=75374"}],"wp:term":[{"taxonomy":"category","embeddable":true,"href":"https:\/\/elmundodelosnegocios.com.do\/v1\/wp-json\/wp\/v2\/categories?post=75374"},{"taxonomy":"post_tag","embeddable":true,"href":"https:\/\/elmundodelosnegocios.com.do\/v1\/wp-json\/wp\/v2\/tags?post=75374"}],"curies":[{"name":"wp","href":"https:\/\/api.w.org\/{rel}","templated":true}]}}