{"id":75387,"date":"2026-01-08T09:40:05","date_gmt":"2026-01-08T14:10:05","guid":{"rendered":"https:\/\/elmundodelosnegocios.com.do\/v1\/?p=75387"},"modified":"2026-01-08T09:40:08","modified_gmt":"2026-01-08T14:10:08","slug":"concurso-maravillas-naturales-america-se-une-sera-nuevo-motor-economico-region","status":"publish","type":"post","link":"https:\/\/elmundodelosnegocios.com.do\/v1\/concurso-maravillas-naturales-america-se-une-sera-nuevo-motor-economico-region\/","title":{"rendered":"Concurso maravillas naturales \u00abAm\u00e9rica se une\u00bb ser\u00e1 nuevo motor econ\u00f3mico regi\u00f3n."},"content":{"rendered":"\n<p>El proyecto 7 Maravillas Naturales de Am\u00e9rica sigue activo en 2026 con postulaciones en l\u00ednea para su concurso global, una vitrina que invita a todo el continente a nominar y votar por aquellos destinos que consideran verdaderos tesoros naturales.<\/p>\n\n\n<div class=\"wp-block-image\">\n<figure data-wp-context=\"{&quot;imageId&quot;:&quot;69ede6b64e28d&quot;}\" data-wp-interactive=\"core\/image\" data-wp-key=\"69ede6b64e28d\" class=\"aligncenter size-large wp-lightbox-container\"><img loading=\"lazy\" decoding=\"async\" width=\"1024\" height=\"576\" data-wp-class--hide=\"state.isContentHidden\" data-wp-class--show=\"state.isContentVisible\" data-wp-init=\"callbacks.setButtonStyles\" data-wp-on--click=\"actions.showLightbox\" data-wp-on--load=\"callbacks.setButtonStyles\" data-wp-on-window--resize=\"callbacks.setButtonStyles\" src=\"https:\/\/elmundodelosnegocios.com.do\/v1\/wp-content\/uploads\/2026\/01\/pp_image_2026_01_06_at_2_13_14_pm_1536x864_1-1024x576.jpeg\" alt=\"\" class=\"wp-image-75388\" srcset=\"https:\/\/elmundodelosnegocios.com.do\/v1\/wp-content\/uploads\/2026\/01\/pp_image_2026_01_06_at_2_13_14_pm_1536x864_1-1024x576.jpeg 1024w, https:\/\/elmundodelosnegocios.com.do\/v1\/wp-content\/uploads\/2026\/01\/pp_image_2026_01_06_at_2_13_14_pm_1536x864_1-300x169.jpeg 300w, https:\/\/elmundodelosnegocios.com.do\/v1\/wp-content\/uploads\/2026\/01\/pp_image_2026_01_06_at_2_13_14_pm_1536x864_1-768x432.jpeg 768w, https:\/\/elmundodelosnegocios.com.do\/v1\/wp-content\/uploads\/2026\/01\/pp_image_2026_01_06_at_2_13_14_pm_1536x864_1.jpeg 1536w\" sizes=\"auto, (max-width: 1024px) 100vw, 1024px\" \/><button\n\t\t\tclass=\"lightbox-trigger\"\n\t\t\ttype=\"button\"\n\t\t\taria-haspopup=\"dialog\"\n\t\t\taria-label=\"Agrandar\"\n\t\t\tdata-wp-init=\"callbacks.initTriggerButton\"\n\t\t\tdata-wp-on--click=\"actions.showLightbox\"\n\t\t\tdata-wp-style--right=\"state.imageButtonRight\"\n\t\t\tdata-wp-style--top=\"state.imageButtonTop\"\n\t\t>\n\t\t\t<svg xmlns=\"http:\/\/www.w3.org\/2000\/svg\" width=\"12\" height=\"12\" fill=\"none\" viewBox=\"0 0 12 12\">\n\t\t\t\t<path fill=\"#fff\" d=\"M2 0a2 2 0 0 0-2 2v2h1.5V2a.5.5 0 0 1 .5-.5h2V0H2Zm2 10.5H2a.5.5 0 0 1-.5-.5V8H0v2a2 2 0 0 0 2 2h2v-1.5ZM8 12v-1.5h2a.5.5 0 0 0 .5-.5V8H12v2a2 2 0 0 1-2 2H8Zm2-12a2 2 0 0 1 2 2v2h-1.5V2a.5.5 0 0 0-.5-.5H8V0h2Z\" \/>\n\t\t\t<\/svg>\n\t\t<\/button><\/figure>\n<\/div>\n\n\n<p>En un escenario donde el ecoturismo se afianza como motor econ\u00f3mico y social, la iniciativa impulsa empleos verdes en comunidades rurales, promueve el desarrollo sostenible y fortalece la conservaci\u00f3n ambiental.<\/p>\n\n\n\n<p>Con participaci\u00f3n de 39 pa\u00edses y m\u00e1s de 40.400 ciudades, su responsable, Diego Reina Anduze, resalta que estas cifras evidencian el impacto y la relevancia del proyecto, que da voz y visibilidad a quienes desean mostrar y proteger sus paisajes. Oficinas de turismo, gobiernos locales, empresas de viajes y profesionales del sector est\u00e1n invitados a postular gratuitamente sus sitios naturales a trav\u00e9s de la plataforma digital.<\/p>\n\n\n\n<figure class=\"wp-block-gallery has-nested-images columns-default is-cropped wp-block-gallery-1 is-layout-flex wp-block-gallery-is-layout-flex\">\n<figure class=\"wp-block-image size-large\"><img loading=\"lazy\" decoding=\"async\" width=\"1024\" height=\"683\" data-id=\"75390\" src=\"https:\/\/elmundodelosnegocios.com.do\/v1\/wp-content\/uploads\/2026\/01\/18image_2025_10_17_at_08_35_21_e2977ff2-1024x683.jpg\" alt=\"\" class=\"wp-image-75390\" srcset=\"https:\/\/elmundodelosnegocios.com.do\/v1\/wp-content\/uploads\/2026\/01\/18image_2025_10_17_at_08_35_21_e2977ff2-1024x683.jpg 1024w, https:\/\/elmundodelosnegocios.com.do\/v1\/wp-content\/uploads\/2026\/01\/18image_2025_10_17_at_08_35_21_e2977ff2-300x200.jpg 300w, https:\/\/elmundodelosnegocios.com.do\/v1\/wp-content\/uploads\/2026\/01\/18image_2025_10_17_at_08_35_21_e2977ff2-768x512.jpg 768w, https:\/\/elmundodelosnegocios.com.do\/v1\/wp-content\/uploads\/2026\/01\/18image_2025_10_17_at_08_35_21_e2977ff2.jpg 1080w\" sizes=\"auto, (max-width: 1024px) 100vw, 1024px\" \/><\/figure>\n\n\n\n<figure class=\"wp-block-image size-large\"><img loading=\"lazy\" decoding=\"async\" width=\"1024\" height=\"575\" data-id=\"75389\" src=\"https:\/\/elmundodelosnegocios.com.do\/v1\/wp-content\/uploads\/2026\/01\/vlcsnap_2024_06_04_18h38m20s168-1024x575.jpg\" alt=\"\" class=\"wp-image-75389\" srcset=\"https:\/\/elmundodelosnegocios.com.do\/v1\/wp-content\/uploads\/2026\/01\/vlcsnap_2024_06_04_18h38m20s168-1024x575.jpg 1024w, https:\/\/elmundodelosnegocios.com.do\/v1\/wp-content\/uploads\/2026\/01\/vlcsnap_2024_06_04_18h38m20s168-300x169.jpg 300w, https:\/\/elmundodelosnegocios.com.do\/v1\/wp-content\/uploads\/2026\/01\/vlcsnap_2024_06_04_18h38m20s168-768x432.jpg 768w, https:\/\/elmundodelosnegocios.com.do\/v1\/wp-content\/uploads\/2026\/01\/vlcsnap_2024_06_04_18h38m20s168.jpg 1500w\" sizes=\"auto, (max-width: 1024px) 100vw, 1024px\" \/><\/figure>\n<\/figure>\n\n\n\n<p>La organizaci\u00f3n abri\u00f3 su web oficial https:\/\/7maravillas.org\/, donde ministerios de turismo, alcald\u00edas y ciudadanos pueden subir fotos y videos de sus maravillas naturales. La selecci\u00f3n final combinar\u00e1 el voto popular digital con la evaluaci\u00f3n de un panel de expertos en sostenibilidad, tambi\u00e9n gestionada v\u00eda la misma plataforma.<\/p>\n\n\n\n<p>El #Team7 lo integra un grupo de especialistas \u2014periodistas, bi\u00f3logos, fot\u00f3grafos e influencers de viajes\u2014 que recorre los 39 pa\u00edses participantes para documentar las historias de los guardianes locales y los paisajes m\u00e1s emblem\u00e1ticos, poniendo en primer plano la biodiversidad y el papel de las comunidades que la protegen.<\/p>\n\n\n\n<p>M\u00e1s all\u00e1 del reconocimiento tur\u00edstico, el proyecto impulsa un modelo de desarrollo local sostenible mediante la formaci\u00f3n de Gu\u00edas de Naturaleza Certificados y Gestores de Destino Digital, creando oportunidades para que j\u00f3venes rurales se profesionalicen en idiomas, primeros auxilios, biolog\u00eda, redes sociales, reservas y promoci\u00f3n en l\u00ednea. Esto contribuye a consolidar econom\u00edas locales responsables, ligadas al turismo, la conservaci\u00f3n y la innovaci\u00f3n digital.<\/p>\n\n\n\n<p>Muchos de los lugares postulados, adem\u00e1s de su belleza esc\u00e9nica, destacan como escenarios para deportes de naturaleza y aventura, posicionando a Am\u00e9rica como un destino de referencia para el ecoturismo, las actividades al aire libre y el turismo de bienestar.<br>Conoce m\u00e1s: https:\/\/7maravillas.org\/<\/p>\n","protected":false},"excerpt":{"rendered":"<p>El proyecto 7 Maravillas Naturales de Am\u00e9rica sigue activo en 2026 con postulaciones en l\u00ednea para su concurso global, una vitrina que invita a todo el continente a nominar y&hellip; <\/p>\n","protected":false},"author":2,"featured_media":75392,"comment_status":"closed","ping_status":"closed","sticky":false,"template":"","format":"standard","meta":{"fifu_image_url":"https:\/\/elmundodelosnegocios.com.do\/v1\/wp-content\/uploads\/2026\/01\/pp_image_2026_01_06_at_2_13_14_pm_1536x864_1.jpeg","fifu_image_alt":"","footnotes":""},"categories":[179],"tags":[],"class_list":["post-75387","post","type-post","status-publish","format-standard","has-post-thumbnail","hentry","category-arte"],"_links":{"self":[{"href":"https:\/\/elmundodelosnegocios.com.do\/v1\/wp-json\/wp\/v2\/posts\/75387","targetHints":{"allow":["GET"]}}],"collection":[{"href":"https:\/\/elmundodelosnegocios.com.do\/v1\/wp-json\/wp\/v2\/posts"}],"about":[{"href":"https:\/\/elmundodelosnegocios.com.do\/v1\/wp-json\/wp\/v2\/types\/post"}],"author":[{"embeddable":true,"href":"https:\/\/elmundodelosnegocios.com.do\/v1\/wp-json\/wp\/v2\/users\/2"}],"replies":[{"embeddable":true,"href":"https:\/\/elmundodelosnegocios.com.do\/v1\/wp-json\/wp\/v2\/comments?post=75387"}],"version-history":[{"count":1,"href":"https:\/\/elmundodelosnegocios.com.do\/v1\/wp-json\/wp\/v2\/posts\/75387\/revisions"}],"predecessor-version":[{"id":75391,"href":"https:\/\/elmundodelosnegocios.com.do\/v1\/wp-json\/wp\/v2\/posts\/75387\/revisions\/75391"}],"wp:featuredmedia":[{"embeddable":true,"href":"https:\/\/elmundodelosnegocios.com.do\/v1\/wp-json\/wp\/v2\/media\/75392"}],"wp:attachment":[{"href":"https:\/\/elmundodelosnegocios.com.do\/v1\/wp-json\/wp\/v2\/media?parent=75387"}],"wp:term":[{"taxonomy":"category","embeddable":true,"href":"https:\/\/elmundodelosnegocios.com.do\/v1\/wp-json\/wp\/v2\/categories?post=75387"},{"taxonomy":"post_tag","embeddable":true,"href":"https:\/\/elmundodelosnegocios.com.do\/v1\/wp-json\/wp\/v2\/tags?post=75387"}],"curies":[{"name":"wp","href":"https:\/\/api.w.org\/{rel}","templated":true}]}}