{"id":75409,"date":"2026-01-09T20:34:01","date_gmt":"2026-01-10T01:04:01","guid":{"rendered":"https:\/\/elmundodelosnegocios.com.do\/v1\/?p=75409"},"modified":"2026-01-09T20:34:03","modified_gmt":"2026-01-10T01:04:03","slug":"ministro-collado-lanza-la-nueva-ruta-promocional-en-la-linea-a-del-tren-en-nueva-york","status":"publish","type":"post","link":"https:\/\/elmundodelosnegocios.com.do\/v1\/ministro-collado-lanza-la-nueva-ruta-promocional-en-la-linea-a-del-tren-en-nueva-york\/","title":{"rendered":"Ministro Collado lanza la nueva ruta promocional en la L\u00ednea A del tren en Nueva York."},"content":{"rendered":"\n<p>La nueva activaci\u00f3n tocar\u00e1 el coraz\u00f3n de Washington Heights, la peque\u00f1a Quisqueya<\/p>\n\n\n\n<p><strong>Nueva York, enero de 2026.<\/strong>\u00a0El ministro de Turismo, David Collado, lanz\u00f3 este viernes la nueva ruta promocional en la L\u00ednea A del tren de Nueva York, una acci\u00f3n emblem\u00e1tica que recorri\u00f3 todo Manhattan y culmin\u00f3 en Washington Heights, reconocido como el coraz\u00f3n de la comunidad dominicana en la ciudad.\u00a0<\/p>\n\n\n<div class=\"wp-block-image\">\n<figure data-wp-context=\"{&quot;imageId&quot;:&quot;69edced9b03cf&quot;}\" data-wp-interactive=\"core\/image\" data-wp-key=\"69edced9b03cf\" class=\"aligncenter size-full is-resized wp-lightbox-container\"><img loading=\"lazy\" decoding=\"async\" width=\"523\" height=\"391\" data-wp-class--hide=\"state.isContentHidden\" data-wp-class--show=\"state.isContentVisible\" data-wp-init=\"callbacks.setButtonStyles\" data-wp-on--click=\"actions.showLightbox\" data-wp-on--load=\"callbacks.setButtonStyles\" data-wp-on-window--resize=\"callbacks.setButtonStyles\" src=\"https:\/\/elmundodelosnegocios.com.do\/v1\/wp-content\/uploads\/2026\/01\/17679975176254321380322751285353.jpg\" alt=\"\" class=\"wp-image-75410\" style=\"width:840px;height:auto\" srcset=\"https:\/\/elmundodelosnegocios.com.do\/v1\/wp-content\/uploads\/2026\/01\/17679975176254321380322751285353.jpg 523w, https:\/\/elmundodelosnegocios.com.do\/v1\/wp-content\/uploads\/2026\/01\/17679975176254321380322751285353-300x224.jpg 300w\" sizes=\"auto, (max-width: 523px) 100vw, 523px\" \/><button\n\t\t\tclass=\"lightbox-trigger\"\n\t\t\ttype=\"button\"\n\t\t\taria-haspopup=\"dialog\"\n\t\t\taria-label=\"Agrandar\"\n\t\t\tdata-wp-init=\"callbacks.initTriggerButton\"\n\t\t\tdata-wp-on--click=\"actions.showLightbox\"\n\t\t\tdata-wp-style--right=\"state.imageButtonRight\"\n\t\t\tdata-wp-style--top=\"state.imageButtonTop\"\n\t\t>\n\t\t\t<svg xmlns=\"http:\/\/www.w3.org\/2000\/svg\" width=\"12\" height=\"12\" fill=\"none\" viewBox=\"0 0 12 12\">\n\t\t\t\t<path fill=\"#fff\" d=\"M2 0a2 2 0 0 0-2 2v2h1.5V2a.5.5 0 0 1 .5-.5h2V0H2Zm2 10.5H2a.5.5 0 0 1-.5-.5V8H0v2a2 2 0 0 0 2 2h2v-1.5ZM8 12v-1.5h2a.5.5 0 0 0 .5-.5V8H12v2a2 2 0 0 1-2 2H8Zm2-12a2 2 0 0 1 2 2v2h-1.5V2a.5.5 0 0 0-.5-.5H8V0h2Z\" \/>\n\t\t\t<\/svg>\n\t\t<\/button><\/figure>\n<\/div>\n\n\n<p>Esta iniciativa forma parte de la campa\u00f1a Subway to Paradise: \u201cEl tren dominicano\u201d, dise\u00f1ada para fortalecer la conexi\u00f3n emocional con la di\u00e1spora y promover el pa\u00eds como destino tur\u00edstico.<\/p>\n\n\n<div class=\"wp-block-image\">\n<figure data-wp-context=\"{&quot;imageId&quot;:&quot;69edced9b0631&quot;}\" data-wp-interactive=\"core\/image\" data-wp-key=\"69edced9b0631\" class=\"aligncenter size-full is-resized wp-lightbox-container\"><img loading=\"lazy\" decoding=\"async\" width=\"523\" height=\"391\" data-wp-class--hide=\"state.isContentHidden\" data-wp-class--show=\"state.isContentVisible\" data-wp-init=\"callbacks.setButtonStyles\" data-wp-on--click=\"actions.showLightbox\" data-wp-on--load=\"callbacks.setButtonStyles\" data-wp-on-window--resize=\"callbacks.setButtonStyles\" src=\"https:\/\/elmundodelosnegocios.com.do\/v1\/wp-content\/uploads\/2026\/01\/17679975439106067501008183132528.jpg\" alt=\"\" class=\"wp-image-75411\" style=\"width:840px;height:auto\" srcset=\"https:\/\/elmundodelosnegocios.com.do\/v1\/wp-content\/uploads\/2026\/01\/17679975439106067501008183132528.jpg 523w, https:\/\/elmundodelosnegocios.com.do\/v1\/wp-content\/uploads\/2026\/01\/17679975439106067501008183132528-300x224.jpg 300w\" sizes=\"auto, (max-width: 523px) 100vw, 523px\" \/><button\n\t\t\tclass=\"lightbox-trigger\"\n\t\t\ttype=\"button\"\n\t\t\taria-haspopup=\"dialog\"\n\t\t\taria-label=\"Agrandar\"\n\t\t\tdata-wp-init=\"callbacks.initTriggerButton\"\n\t\t\tdata-wp-on--click=\"actions.showLightbox\"\n\t\t\tdata-wp-style--right=\"state.imageButtonRight\"\n\t\t\tdata-wp-style--top=\"state.imageButtonTop\"\n\t\t>\n\t\t\t<svg xmlns=\"http:\/\/www.w3.org\/2000\/svg\" width=\"12\" height=\"12\" fill=\"none\" viewBox=\"0 0 12 12\">\n\t\t\t\t<path fill=\"#fff\" d=\"M2 0a2 2 0 0 0-2 2v2h1.5V2a.5.5 0 0 1 .5-.5h2V0H2Zm2 10.5H2a.5.5 0 0 1-.5-.5V8H0v2a2 2 0 0 0 2 2h2v-1.5ZM8 12v-1.5h2a.5.5 0 0 0 .5-.5V8H12v2a2 2 0 0 1-2 2H8Zm2-12a2 2 0 0 1 2 2v2h-1.5V2a.5.5 0 0 0-.5-.5H8V0h2Z\" \/>\n\t\t\t<\/svg>\n\t\t<\/button><\/figure>\n<\/div>\n\n\n<p>El ministro Collado dijo que esta campa\u00f1a reafirma el compromiso del pa\u00eds con los dominicanos residentes en el exterior y su rol estrat\u00e9gico dentro del turismo nacional.&nbsp;<\/p>\n\n\n\n<p>\u00abHoy estamos, nuevamente aqu\u00ed, en Nueva York, con esta activaci\u00f3n, mostrando la belleza de nuestro pa\u00eds y su diversificada oferta tur\u00edstica\u00bb, expres\u00f3 el ministro Collado.&nbsp;<\/p>\n\n\n\n<p>Como parte de la estrategia integral de la campa\u00f1a Subway to Paradise, Rep\u00fablica Dominicana tambi\u00e9n cuenta con un tren promocional en la L\u00ednea E, el cual estuvo en circulaci\u00f3n durante todo el mes de diciembre y contin\u00faa operando hasta el 11 de enero, ampliando el alcance de la acci\u00f3n a miles de usuarios del sistema de transporte de la ciudad.<\/p>\n\n\n\n<p>El nuevo marcaje de la L\u00ednea A estar\u00e1 disponible para el p\u00fablico hasta el 1.\u00ba de febrero, convirtiendo el trayecto en una experiencia inmersiva que lleva la identidad dominicana al d\u00eda a d\u00eda de neoyorquinos y visitantes.<\/p>\n\n\n\n<p>La activaci\u00f3n contempl\u00f3 una serie de acciones culturales que transformaron el espacio urbano en una aut\u00e9ntica celebraci\u00f3n dominicana, con merengue, alegr\u00eda, gastronom\u00eda, rifas y regalos, transmitiendo la energ\u00eda festiva que caracteriza las tradiciones del pa\u00eds y su forma \u00fanica de celebrar.<\/p>\n\n\n\n<p>La jornada estuvo acompa\u00f1ada por una presentaci\u00f3n especial del artista Jandy Ventura, \u201cEl Legado del Caballo\u201d, quien aport\u00f3 ritmo y emoci\u00f3n a esta celebraci\u00f3n cultural.<\/p>\n\n\n\n<p>Nueva York concentra aproximadamente una tercera parte de toda la comunidad dominicana residente en el exterior, lo que la convirti\u00f3 en un punto clave para esta iniciativa.&nbsp;<\/p>\n\n\n\n<p>Durante el a\u00f1o 2025, m\u00e1s de 500,000 dominicanos residentes en Nueva York viajaron a Rep\u00fablica Dominicana, generando un impacto econ\u00f3mico significativo para el pa\u00eds, reflejo de la importancia de la di\u00e1spora para el turismo nacional.<\/p>\n","protected":false},"excerpt":{"rendered":"<p>La nueva activaci\u00f3n tocar\u00e1 el coraz\u00f3n de Washington Heights, la peque\u00f1a Quisqueya Nueva York, enero de 2026.\u00a0El ministro de Turismo, David Collado, lanz\u00f3 este viernes la nueva ruta promocional en&hellip; <\/p>\n","protected":false},"author":2,"featured_media":75413,"comment_status":"closed","ping_status":"closed","sticky":false,"template":"","format":"standard","meta":{"fifu_image_url":"https:\/\/elmundodelosnegocios.com.do\/v1\/wp-content\/uploads\/2026\/01\/17679975439106067501008183132528.jpg","fifu_image_alt":"","footnotes":""},"categories":[172],"tags":[],"class_list":["post-75409","post","type-post","status-publish","format-standard","has-post-thumbnail","hentry","category-turismo"],"_links":{"self":[{"href":"https:\/\/elmundodelosnegocios.com.do\/v1\/wp-json\/wp\/v2\/posts\/75409","targetHints":{"allow":["GET"]}}],"collection":[{"href":"https:\/\/elmundodelosnegocios.com.do\/v1\/wp-json\/wp\/v2\/posts"}],"about":[{"href":"https:\/\/elmundodelosnegocios.com.do\/v1\/wp-json\/wp\/v2\/types\/post"}],"author":[{"embeddable":true,"href":"https:\/\/elmundodelosnegocios.com.do\/v1\/wp-json\/wp\/v2\/users\/2"}],"replies":[{"embeddable":true,"href":"https:\/\/elmundodelosnegocios.com.do\/v1\/wp-json\/wp\/v2\/comments?post=75409"}],"version-history":[{"count":1,"href":"https:\/\/elmundodelosnegocios.com.do\/v1\/wp-json\/wp\/v2\/posts\/75409\/revisions"}],"predecessor-version":[{"id":75412,"href":"https:\/\/elmundodelosnegocios.com.do\/v1\/wp-json\/wp\/v2\/posts\/75409\/revisions\/75412"}],"wp:featuredmedia":[{"embeddable":true,"href":"https:\/\/elmundodelosnegocios.com.do\/v1\/wp-json\/wp\/v2\/media\/75413"}],"wp:attachment":[{"href":"https:\/\/elmundodelosnegocios.com.do\/v1\/wp-json\/wp\/v2\/media?parent=75409"}],"wp:term":[{"taxonomy":"category","embeddable":true,"href":"https:\/\/elmundodelosnegocios.com.do\/v1\/wp-json\/wp\/v2\/categories?post=75409"},{"taxonomy":"post_tag","embeddable":true,"href":"https:\/\/elmundodelosnegocios.com.do\/v1\/wp-json\/wp\/v2\/tags?post=75409"}],"curies":[{"name":"wp","href":"https:\/\/api.w.org\/{rel}","templated":true}]}}