{"id":75426,"date":"2026-01-12T11:26:05","date_gmt":"2026-01-12T15:56:05","guid":{"rendered":"https:\/\/elmundodelosnegocios.com.do\/v1\/?p=75426"},"modified":"2026-01-12T11:26:07","modified_gmt":"2026-01-12T15:56:07","slug":"infotep-impulsa-la-formacion-en-cinematografia-y-fortalece-la-posicion-de-rd-como-polo-de-desarrollo-cinematografico-en-el-caribe","status":"publish","type":"post","link":"https:\/\/elmundodelosnegocios.com.do\/v1\/infotep-impulsa-la-formacion-en-cinematografia-y-fortalece-la-posicion-de-rd-como-polo-de-desarrollo-cinematografico-en-el-caribe\/","title":{"rendered":"Infotep impulsa la formaci\u00f3n en cinematograf\u00eda y fortalece la posici\u00f3n de RD como polo de desarrollo cinematogr\u00e1fico en el Caribe"},"content":{"rendered":"\n<p>Santo Domingo.- A trav\u00e9s de una&nbsp;<strong>oferta formativa especializada en cinematograf\u00eda<\/strong>, el Instituto Nacional de Formaci\u00f3n T\u00e9cnico Profesional&nbsp;<strong>(Infotep)<\/strong>&nbsp;contribuye de manera directa al&nbsp;<strong>crecimiento sostenido de la producci\u00f3n cinematogr\u00e1fica en el Caribe,<\/strong>&nbsp;fortaleciendo el&nbsp;<strong>talento local<\/strong>&nbsp;y apoyando el posicionamiento de&nbsp;<strong>la Rep\u00fablica Dominicana<\/strong>&nbsp;como un&nbsp;<strong>polo de desarrollo cinematogr\u00e1fico<\/strong>&nbsp;en la regi\u00f3n.<\/p>\n\n\n<div class=\"wp-block-image\">\n<figure data-wp-context=\"{&quot;imageId&quot;:&quot;69ede34007c64&quot;}\" data-wp-interactive=\"core\/image\" data-wp-key=\"69ede34007c64\" class=\"aligncenter size-large wp-lightbox-container\"><img decoding=\"async\" data-wp-class--hide=\"state.isContentHidden\" data-wp-class--show=\"state.isContentVisible\" data-wp-init=\"callbacks.setButtonStyles\" data-wp-on--click=\"actions.showLightbox\" data-wp-on--load=\"callbacks.setButtonStyles\" data-wp-on-window--resize=\"callbacks.setButtonStyles\" src=\"https:\/\/informadorrd.com\/wp-content\/uploads\/2026\/01\/WhatsApp-Image-2026-01-11-at-11.30.52-AM.jpeg\" alt=\"\"\/><button\n\t\t\tclass=\"lightbox-trigger\"\n\t\t\ttype=\"button\"\n\t\t\taria-haspopup=\"dialog\"\n\t\t\taria-label=\"Agrandar\"\n\t\t\tdata-wp-init=\"callbacks.initTriggerButton\"\n\t\t\tdata-wp-on--click=\"actions.showLightbox\"\n\t\t\tdata-wp-style--right=\"state.imageButtonRight\"\n\t\t\tdata-wp-style--top=\"state.imageButtonTop\"\n\t\t>\n\t\t\t<svg xmlns=\"http:\/\/www.w3.org\/2000\/svg\" width=\"12\" height=\"12\" fill=\"none\" viewBox=\"0 0 12 12\">\n\t\t\t\t<path fill=\"#fff\" d=\"M2 0a2 2 0 0 0-2 2v2h1.5V2a.5.5 0 0 1 .5-.5h2V0H2Zm2 10.5H2a.5.5 0 0 1-.5-.5V8H0v2a2 2 0 0 0 2 2h2v-1.5ZM8 12v-1.5h2a.5.5 0 0 0 .5-.5V8H12v2a2 2 0 0 1-2 2H8Zm2-12a2 2 0 0 1 2 2v2h-1.5V2a.5.5 0 0 0-.5-.5H8V0h2Z\" \/>\n\t\t\t<\/svg>\n\t\t<\/button><\/figure>\n<\/div>\n\n\n<p>Durante 2025, Infotep capacit\u00f3 a&nbsp;<strong>204 participantes en 13 \u00e1reas especializadas<\/strong>&nbsp;del sector, en coordinaci\u00f3n con la Direcci\u00f3n General de Cine&nbsp;<strong>(DGCINE)<\/strong>&nbsp;y el<strong>&nbsp;Ministerio de Trabajo.<\/strong><\/p>\n\n\n\n<p>Estas acciones estuvieron orientadas a elevar la&nbsp;<strong>competitividad<\/strong>&nbsp;del talento t\u00e9cnico y a facilitar su&nbsp;<strong>integraci\u00f3n en producciones nacionales e internacionales.<\/strong><\/p>\n\n\n\n<p>El impacto de esta formaci\u00f3n se refleja en&nbsp;<strong>testimonios<\/strong>&nbsp;como el de&nbsp;<strong>Ren\u00e9 Alejandro Fortunato V\u00e1zquez<\/strong>, hijo del reconocido director de cine y documentalista Ren\u00e9 Fortunato.<\/p>\n\n\n\n<p><em>\u201cRealmente me sorprendi\u00f3 la calidad con que se imparten los cursos de preproducci\u00f3n de cine, los cuales son gratuitos y de mucha calidad. Considero que la capacitaci\u00f3n que se nos brind\u00f3 est\u00e1 muy actualizada y alineada a lo que demanda el mercado laboral\u201d,<\/em>&nbsp;afirm\u00f3, se\u00f1alando que curs\u00f3 programas en posproducci\u00f3n, colorizaci\u00f3n, animaci\u00f3n, edici\u00f3n y organizaci\u00f3n de cortes, competencias esenciales en la industria audiovisual.<\/p>\n\n\n\n<p><strong>Oferta formativa alineada a la industria<\/strong><\/p>\n\n\n\n<p>La oferta de Infotep, impartida en la&nbsp;<strong>Direcci\u00f3n Regional Oriental<\/strong>, incluye&nbsp;<strong>talleres y programas&nbsp;<\/strong>como Continuidad Cinematogr\u00e1fica, Maquillaje para Televisi\u00f3n, Asistencia y Coordinaci\u00f3n de Producci\u00f3n Cinematogr\u00e1fica, Desarrollo de Proyectos Cinematogr\u00e1ficos, Asistencia de Direcci\u00f3n, Escritura de Guion de Cortometraje de Ficci\u00f3n, Introducci\u00f3n a la Actuaci\u00f3n para Cine y Marketing Digital aplicado al sector audiovisual.<\/p>\n\n\n\n<p>Asimismo, se ofrecen&nbsp;<strong>certificaciones especializadas&nbsp;<\/strong>en T\u00e9cnica de Maquillaje de Efectos Especiales para Cine (Transformaci\u00f3n de Personajes), orientadas a&nbsp;<strong>elevar los est\u00e1ndares profesionales<\/strong>&nbsp;de las producciones y a&nbsp;<strong>fortalecer la competitividad del talento local.<\/strong><\/p>\n\n\n\n<p><strong>Resultados concretos de la capacitaci\u00f3n<\/strong><\/p>\n\n\n\n<p>Quienes completaron los programas destacaron la&nbsp;<strong>aplicabilidad pr\u00e1ctica de los conocimientos adquiridos<\/strong>.&nbsp;<em>\u201cMi paso por el Infotep fue una experiencia muy bonita, donde aprend\u00ed a realizar quemaduras, hematomas, recrear personajes y zombies, t\u00e9cnica de envejecimiento y muchas cosas m\u00e1s\u201d,<\/em>&nbsp;cont\u00f3&nbsp;<strong>Luisa Miguelina Mart\u00ednez Lara<\/strong>, egresada de T\u00e9cnica de Maquillaje de Efectos Especiales para Cine.<\/p>\n\n\n\n<p>En la misma l\u00ednea,&nbsp;<strong>Joan Manuel Arias<\/strong>&nbsp;resalt\u00f3 que los talleres le permitieron comprender y estructurar proyectos audiovisuales.&nbsp;<em>\u201cHa sido muy enriquecedor capacitarme en Infotep, donde he aprendido un mont\u00f3n de cosas en relaci\u00f3n a los proyectos cinematogr\u00e1ficos que antes no entend\u00eda c\u00f3mo crear los proyectos, hacer una carpeta de producci\u00f3n y c\u00f3mo se buscan los patrocinadores\u201d,<\/em>&nbsp;se\u00f1al\u00f3.<\/p>\n\n\n\n<p>Otros participantes indicaron que parte de la formaci\u00f3n se realiz\u00f3 en&nbsp;<strong>modalidad virtual<\/strong>, manteniendo&nbsp;<strong>altos est\u00e1ndares de calidad<\/strong>&nbsp;para la realizaci\u00f3n de cine, documentales, comedias y dramas.<\/p>\n\n\n\n<p><em>\u201cEstos talleres nos han capacitado para ejercer plenamente el arte del cine. Ahora puedo desarrollar proyectos personales a nivel internacional, si se me presenta la oportunidad, porque gracias a la experiencia de los facilitadores del Infotep aprendimos a trabajar en cualquier \u00e1rea de la producci\u00f3n cinematogr\u00e1fica\u201d,&nbsp;<\/em>afirm\u00f3&nbsp;<strong>R\u00f3mulo Mart\u00ednez Gonz\u00e1lez<\/strong>, egresado en Coordinaci\u00f3n de Producci\u00f3n Cinematogr\u00e1fica.<\/p>\n\n\n\n<p><strong>Visi\u00f3n institucional y aporte al desarrollo del pa\u00eds<\/strong><\/p>\n\n\n\n<p>El director general de Infotep,&nbsp;<strong>Rafael Santos Bad\u00eda<\/strong>, ha se\u00f1alado que el impacto de la formaci\u00f3n t\u00e9cnica y profesional trasciende los n\u00fameros y se refleja en la&nbsp;<strong>transformaci\u00f3n del talento humano&nbsp;<\/strong>y en la&nbsp;<strong>generaci\u00f3n de oportunidades<\/strong>&nbsp;para el desarrollo nacional.<\/p>\n\n\n\n<p><em>\u201cCada egresado es el reflejo de una misi\u00f3n cumplida: la de formar personas competentes, \u00e9ticas y capaces de transformar sus entornos con su trabajo. Infotep no solo ense\u00f1a carreras t\u00e9cnicas, sino que inspira a creer en el poder del aprendizaje como herramienta de empoderamiento y cambio\u201d<\/em>, indic\u00f3.<\/p>\n","protected":false},"excerpt":{"rendered":"<p>Santo Domingo.- A trav\u00e9s de una&nbsp;oferta formativa especializada en cinematograf\u00eda, el Instituto Nacional de Formaci\u00f3n T\u00e9cnico Profesional&nbsp;(Infotep)&nbsp;contribuye de manera directa al&nbsp;crecimiento sostenido de la producci\u00f3n cinematogr\u00e1fica en el Caribe,&nbsp;fortaleciendo el&nbsp;talento&hellip; <\/p>\n","protected":false},"author":2,"featured_media":75428,"comment_status":"closed","ping_status":"closed","sticky":false,"template":"","format":"standard","meta":{"fifu_image_url":"https:\/\/informadorrd.com\/wp-content\/uploads\/2026\/01\/WhatsApp-Image-2026-01-11-at-11.30.52-AM.jpeg","fifu_image_alt":"","footnotes":""},"categories":[151],"tags":[],"class_list":["post-75426","post","type-post","status-publish","format-standard","has-post-thumbnail","hentry","category-gerencia"],"_links":{"self":[{"href":"https:\/\/elmundodelosnegocios.com.do\/v1\/wp-json\/wp\/v2\/posts\/75426","targetHints":{"allow":["GET"]}}],"collection":[{"href":"https:\/\/elmundodelosnegocios.com.do\/v1\/wp-json\/wp\/v2\/posts"}],"about":[{"href":"https:\/\/elmundodelosnegocios.com.do\/v1\/wp-json\/wp\/v2\/types\/post"}],"author":[{"embeddable":true,"href":"https:\/\/elmundodelosnegocios.com.do\/v1\/wp-json\/wp\/v2\/users\/2"}],"replies":[{"embeddable":true,"href":"https:\/\/elmundodelosnegocios.com.do\/v1\/wp-json\/wp\/v2\/comments?post=75426"}],"version-history":[{"count":1,"href":"https:\/\/elmundodelosnegocios.com.do\/v1\/wp-json\/wp\/v2\/posts\/75426\/revisions"}],"predecessor-version":[{"id":75427,"href":"https:\/\/elmundodelosnegocios.com.do\/v1\/wp-json\/wp\/v2\/posts\/75426\/revisions\/75427"}],"wp:featuredmedia":[{"embeddable":true,"href":"https:\/\/elmundodelosnegocios.com.do\/v1\/wp-json\/wp\/v2\/media\/75428"}],"wp:attachment":[{"href":"https:\/\/elmundodelosnegocios.com.do\/v1\/wp-json\/wp\/v2\/media?parent=75426"}],"wp:term":[{"taxonomy":"category","embeddable":true,"href":"https:\/\/elmundodelosnegocios.com.do\/v1\/wp-json\/wp\/v2\/categories?post=75426"},{"taxonomy":"post_tag","embeddable":true,"href":"https:\/\/elmundodelosnegocios.com.do\/v1\/wp-json\/wp\/v2\/tags?post=75426"}],"curies":[{"name":"wp","href":"https:\/\/api.w.org\/{rel}","templated":true}]}}