{"id":75435,"date":"2026-01-12T13:32:48","date_gmt":"2026-01-12T18:02:48","guid":{"rendered":"https:\/\/elmundodelosnegocios.com.do\/v1\/?p=75435"},"modified":"2026-01-12T13:32:50","modified_gmt":"2026-01-12T18:02:50","slug":"idac-cerro-el-2025-con-217620-operaciones-aereas-en-la-republica-dominicana","status":"publish","type":"post","link":"https:\/\/elmundodelosnegocios.com.do\/v1\/idac-cerro-el-2025-con-217620-operaciones-aereas-en-la-republica-dominicana\/","title":{"rendered":"IDAC cerr\u00f3 el 2025 con 217,620 operaciones a\u00e9reas en la Rep\u00fablica Dominicana"},"content":{"rendered":"\n<p>Santo Domingo.\u2013 El director general del Instituto Dominicano de Aviaci\u00f3n Civil&nbsp;<strong>(IDAC)<\/strong>,&nbsp;<strong>Igor Rodr\u00edguez Dur\u00e1n<\/strong>, inform\u00f3 a trav\u00e9s de sus redes sociales, que al cierre del a\u00f1o 2025 la Rep\u00fablica Dominicana registr\u00f3 un total de&nbsp;<strong>217,620 operaciones a\u00e9reas<\/strong>, lo que permiti\u00f3 el transporte de&nbsp;<strong>19,676,193 pasajeros<\/strong>&nbsp;a trav\u00e9s de los aeropuertos del pa\u00eds.<\/p>\n\n\n<div class=\"wp-block-image\">\n<figure data-wp-context=\"{&quot;imageId&quot;:&quot;69edced8607cb&quot;}\" data-wp-interactive=\"core\/image\" data-wp-key=\"69edced8607cb\" class=\"aligncenter size-large wp-lightbox-container\"><img loading=\"lazy\" decoding=\"async\" width=\"1024\" height=\"576\" data-wp-class--hide=\"state.isContentHidden\" data-wp-class--show=\"state.isContentVisible\" data-wp-init=\"callbacks.setButtonStyles\" data-wp-on--click=\"actions.showLightbox\" data-wp-on--load=\"callbacks.setButtonStyles\" data-wp-on-window--resize=\"callbacks.setButtonStyles\" src=\"https:\/\/elmundodelosnegocios.com.do\/v1\/wp-content\/uploads\/2026\/01\/IDAC-1024x576.jpg\" alt=\"\" class=\"wp-image-75436\" srcset=\"https:\/\/elmundodelosnegocios.com.do\/v1\/wp-content\/uploads\/2026\/01\/IDAC-1024x576.jpg 1024w, https:\/\/elmundodelosnegocios.com.do\/v1\/wp-content\/uploads\/2026\/01\/IDAC-300x169.jpg 300w, https:\/\/elmundodelosnegocios.com.do\/v1\/wp-content\/uploads\/2026\/01\/IDAC-768x432.jpg 768w, https:\/\/elmundodelosnegocios.com.do\/v1\/wp-content\/uploads\/2026\/01\/IDAC.jpg 1300w\" sizes=\"auto, (max-width: 1024px) 100vw, 1024px\" \/><button\n\t\t\tclass=\"lightbox-trigger\"\n\t\t\ttype=\"button\"\n\t\t\taria-haspopup=\"dialog\"\n\t\t\taria-label=\"Agrandar\"\n\t\t\tdata-wp-init=\"callbacks.initTriggerButton\"\n\t\t\tdata-wp-on--click=\"actions.showLightbox\"\n\t\t\tdata-wp-style--right=\"state.imageButtonRight\"\n\t\t\tdata-wp-style--top=\"state.imageButtonTop\"\n\t\t>\n\t\t\t<svg xmlns=\"http:\/\/www.w3.org\/2000\/svg\" width=\"12\" height=\"12\" fill=\"none\" viewBox=\"0 0 12 12\">\n\t\t\t\t<path fill=\"#fff\" d=\"M2 0a2 2 0 0 0-2 2v2h1.5V2a.5.5 0 0 1 .5-.5h2V0H2Zm2 10.5H2a.5.5 0 0 1-.5-.5V8H0v2a2 2 0 0 0 2 2h2v-1.5ZM8 12v-1.5h2a.5.5 0 0 0 .5-.5V8H12v2a2 2 0 0 1-2 2H8Zm2-12a2 2 0 0 1 2 2v2h-1.5V2a.5.5 0 0 0-.5-.5H8V0h2Z\" \/>\n\t\t\t<\/svg>\n\t\t<\/button><\/figure>\n<\/div>\n\n\n<p>El titular del IDAC destac\u00f3 que estas cifras reflejan de manera significativa el&nbsp;<strong>aporte del sector aeron\u00e1utico al crecimiento y fortalecimiento de la econom\u00eda nacional<\/strong>, as\u00ed como la&nbsp;<strong>confianza de los usuarios<\/strong>&nbsp;en el sistema de aviaci\u00f3n civil dominicano.<\/p>\n\n\n\n<p><em>\u201cMi reconocimiento al personal del IDAC por el excelente trabajo realizado durante todo el a\u00f1o para garantizar la calidad de cada proceso y la seguridad de las operaciones a\u00e9reas\u201d,<\/em>&nbsp;expres\u00f3 el funcionario.<\/p>\n\n\n\n<p>El IDAC reafirma su compromiso de continuar fortaleciendo la&nbsp;<strong>seguridad operacional<\/strong>, la&nbsp;<strong>eficiencia de los servicios<\/strong>&nbsp;y el&nbsp;<strong>desarrollo sostenible<\/strong>&nbsp;del sector aeron\u00e1utico en la Rep\u00fablica Dominicana.<\/p>\n\n\n\n<p>Rodr\u00edguez adelant\u00f3 que en el mes de&nbsp;<strong>febrero<\/strong>&nbsp;dejar\u00e1n en operaci\u00f3n el&nbsp;<strong>tercer radar Doppler meteorol\u00f3gico banda C en el Complejo Aeron\u00e1utico Dominicano,<\/strong>&nbsp;pr\u00f3ximo al&nbsp;<strong>Aeropuerto Internacional Las Am\u00e9ricas<\/strong>, equipo que se unir\u00e1 a los ya instalados en la&nbsp;<strong>Loma Isabel de Torres de Puerto Plata y en Punta Cana<\/strong>, lo que permitir\u00e1 una&nbsp;<strong>triangulaci\u00f3n<\/strong>&nbsp;de la informaci\u00f3n y total cobertura del territorio nacional.&nbsp;<\/p>\n\n\n\n<p>Adem\u00e1s, anunci\u00f3 que est\u00e1n en proceso para la compra de todos los&nbsp;<strong>equipos<\/strong>&nbsp;que ser\u00e1n instalados en el&nbsp;<strong>Aeropuerto Internacional de Cabo Rojo en Pedernales.&nbsp;<\/strong>A esto agreg\u00f3 que este a\u00f1o tambi\u00e9n se tiene previsto instalar en el&nbsp;<strong>Aeropuerto Internacional del Cibao un moderno radar primario y secundario<\/strong>, todo esto como parte de los esfuerzos por seguir fortaleciendo las operaciones a\u00e9reas en el pa\u00eds.<\/p>\n","protected":false},"excerpt":{"rendered":"<p>Santo Domingo.\u2013 El director general del Instituto Dominicano de Aviaci\u00f3n Civil&nbsp;(IDAC),&nbsp;Igor Rodr\u00edguez Dur\u00e1n, inform\u00f3 a trav\u00e9s de sus redes sociales, que al cierre del a\u00f1o 2025 la Rep\u00fablica Dominicana registr\u00f3&hellip; <\/p>\n","protected":false},"author":2,"featured_media":75438,"comment_status":"closed","ping_status":"closed","sticky":false,"template":"","format":"standard","meta":{"fifu_image_url":"https:\/\/elmundodelosnegocios.com.do\/v1\/wp-content\/uploads\/2026\/01\/IDAC.jpg","fifu_image_alt":"","footnotes":""},"categories":[168],"tags":[],"class_list":["post-75435","post","type-post","status-publish","format-standard","has-post-thumbnail","hentry","category-transporte-aereo"],"_links":{"self":[{"href":"https:\/\/elmundodelosnegocios.com.do\/v1\/wp-json\/wp\/v2\/posts\/75435","targetHints":{"allow":["GET"]}}],"collection":[{"href":"https:\/\/elmundodelosnegocios.com.do\/v1\/wp-json\/wp\/v2\/posts"}],"about":[{"href":"https:\/\/elmundodelosnegocios.com.do\/v1\/wp-json\/wp\/v2\/types\/post"}],"author":[{"embeddable":true,"href":"https:\/\/elmundodelosnegocios.com.do\/v1\/wp-json\/wp\/v2\/users\/2"}],"replies":[{"embeddable":true,"href":"https:\/\/elmundodelosnegocios.com.do\/v1\/wp-json\/wp\/v2\/comments?post=75435"}],"version-history":[{"count":1,"href":"https:\/\/elmundodelosnegocios.com.do\/v1\/wp-json\/wp\/v2\/posts\/75435\/revisions"}],"predecessor-version":[{"id":75437,"href":"https:\/\/elmundodelosnegocios.com.do\/v1\/wp-json\/wp\/v2\/posts\/75435\/revisions\/75437"}],"wp:featuredmedia":[{"embeddable":true,"href":"https:\/\/elmundodelosnegocios.com.do\/v1\/wp-json\/wp\/v2\/media\/75438"}],"wp:attachment":[{"href":"https:\/\/elmundodelosnegocios.com.do\/v1\/wp-json\/wp\/v2\/media?parent=75435"}],"wp:term":[{"taxonomy":"category","embeddable":true,"href":"https:\/\/elmundodelosnegocios.com.do\/v1\/wp-json\/wp\/v2\/categories?post=75435"},{"taxonomy":"post_tag","embeddable":true,"href":"https:\/\/elmundodelosnegocios.com.do\/v1\/wp-json\/wp\/v2\/tags?post=75435"}],"curies":[{"name":"wp","href":"https:\/\/api.w.org\/{rel}","templated":true}]}}