{"id":75447,"date":"2026-01-14T09:46:54","date_gmt":"2026-01-14T14:16:54","guid":{"rendered":"https:\/\/elmundodelosnegocios.com.do\/v1\/?p=75447"},"modified":"2026-01-14T09:46:59","modified_gmt":"2026-01-14T14:16:59","slug":"exposicion-fotografica-muestra-la-experiencia-de-cuba-en-la-gestion-y-uso-turistico-sostenible-de-sus-recursos-marinos","status":"publish","type":"post","link":"https:\/\/elmundodelosnegocios.com.do\/v1\/exposicion-fotografica-muestra-la-experiencia-de-cuba-en-la-gestion-y-uso-turistico-sostenible-de-sus-recursos-marinos\/","title":{"rendered":"Exposici\u00f3n fotogr\u00e1fica muestra la experiencia de Cuba en la gesti\u00f3n y uso tur\u00edstico sostenible de sus recursos marinos"},"content":{"rendered":"\n<p>Santo Domingo. &#8211; La exposici\u00f3n fotogr\u00e1fica \u201cJardines de la Reina: Refugio de los arquitectos invisibles del mar\u201d del fot\u00f3grafo y camar\u00f3grafo submarino Noel Enrique L\u00f3pez Fern\u00e1ndez, una muestra que combina arte, ciencia y conservaci\u00f3n en torno a uno de los ecosistemas marinos m\u00e1s resilientes del Caribe, ser\u00e1 inaugurada el viernes 16 de enero a las 6:00 p.m., en el pasillo Sur del centro comercial Galer\u00eda 360.<\/p>\n\n\n\n<figure class=\"wp-block-image size-full\"><img loading=\"lazy\" decoding=\"async\" width=\"2000\" height=\"1416\" src=\"https:\/\/elmundodelosnegocios.com.do\/v1\/wp-content\/uploads\/2026\/01\/Invitacion-Exposicion-Noel-Lopez.jpg\" alt=\"\" class=\"wp-image-75448\"\/><\/figure>\n\n\n\n<p>La exposici\u00f3n propone mostrar la extraordinaria riqueza natural y biodiversidad que puede florecer cuando los recursos marinos se gestionan de manera sostenible. A trav\u00e9s de im\u00e1genes impactantes, se presenta el modelo cubano de turismo de inmersi\u00f3n responsable con tiburones y otras especies, una pr\u00e1ctica basada en criterios cient\u00edficos y \u00e9ticos que ha demostrado ser compatible con la conservaci\u00f3n y, al mismo tiempo, altamente rentable.<\/p>\n\n\n\n<p>La muestra documenta la experiencia de Jardines de la Reina, Cuba, donde el turismo de buceo genera millones de d\u00f3lares anuales y sostiene empleos, demostrando que proteger la naturaleza no solo es una decisi\u00f3n \u00e9tica, sino tambi\u00e9n una opci\u00f3n econ\u00f3mica inteligente. En ese sentido, la exposici\u00f3n invita a reflexionar sobre el potencial que este modelo representa para la Rep\u00fablica Dominicana.<\/p>\n\n\n\n<p>La exhibici\u00f3n estar\u00e1 abierta al p\u00fablico a partir del 16 de enero de 2026 en Galer\u00eda 360, como una invitaci\u00f3n a observar de cerca la magnitud de la vida que puede surgir cuando la conservaci\u00f3n se convierte en prioridad, y a imaginar lo que podr\u00eda lograrse si el pa\u00eds apuesta decididamente por un turismo marino sostenible.<\/p>\n\n\n\n<p>La exposici\u00f3n cuenta con el respaldo de la&nbsp;<strong>Generadora E\u00f3lica de Las Galeras, CEPEM, Colchones La Reina, Generadora El\u00e9ctrica de Saman\u00e1, Avalon Cuban Diving Center, \u00c1lvarez + Coll Photo, Corredor Biol\u00f3gico del Caribe, Centro de Investigaciones Marinas de la Universidad de La Habana, Naturaleza Secreta, Revista RD Verde y Galer\u00eda 360<\/strong>&nbsp;como sede anfitriona.<\/p>\n\n\n\n<p><strong>Sobre el autor<\/strong><\/p>\n\n\n\n<p>El reconocido fot\u00f3grafo y camar\u00f3grafo submarino Noel Enrique L\u00f3pez Fern\u00e1ndez, nacido en Camag\u00fcey, Cuba, el 6 de marzo de 1965, es Ingeniero Mec\u00e1nico graduado en la Universidad de Ciencias Agr\u00edcolas de Ciego de \u00c1vila. Su vida profesional ha estado siempre ligada al mar.<\/p>\n\n\n\n<p>Inici\u00f3 su carrera en 1989 en el Centro Internacional de Buceo de Santa Luc\u00eda (Camag\u00fcey) y posteriormente trabaj\u00f3 en el Centro Internacional de Buceo de Playa Rancho Luna (Cienfuegos). Desde 1996 es jefe del Centro de Buceo de Jardines de la Reina, gestionado por Marlin S.A. y Avalon Outdoor.<\/p>\n\n\n\n<p>Con m\u00e1s de 25 a\u00f1os de trayectoria, m\u00e1s de 12,000 inmersiones y la distinci\u00f3n de Elite Instructor de SSI, ha colaborado con instituciones cient\u00edficas y conservacionistas como CUBASUB, el proyecto Naturaleza Secreta y el grupo audiovisual GEMA. Sus fotograf\u00edas han sido expuestas en Cuba y otros pa\u00edses, han obtenido premios internacionales y han sido publicadas en revistas especializadas.<\/p>\n\n\n\n<p><strong>Sobre la motivaci\u00f3n y el patrocinio<\/strong><\/p>\n\n\n\n<p>El principal patrocinador de la muestra es el Ing. Jos\u00e9 \u00d3scar Orsini Bosch, presidente de la Compa\u00f1\u00eda de Luz y Fuerza de Las Terrenas, cuya relaci\u00f3n con Jardines de la Reina se extiende por m\u00e1s de una d\u00e9cada. Visitante frecuente de este enclave marino, ha desarrollado un profundo v\u00ednculo con su biodiversidad y con la labor de conservaci\u00f3n y documentaci\u00f3n fotogr\u00e1fica realizada por Noel L\u00f3pez.<\/p>\n\n\n\n<p>Convencido de que la Rep\u00fablica Dominicana posee el potencial para desarrollar un modelo similar de turismo sostenible, Orsini Bosch considera que estas iniciativas pueden convertirse en motores de generaci\u00f3n de riqueza, empleo y educaci\u00f3n ambiental, sin comprometer la integridad de los ecosistemas.<\/p>\n\n\n\n<p>Su pasi\u00f3n por el mar lo condujo tambi\u00e9n a la regi\u00f3n de Saman\u00e1, donde fue pionero del desarrollo el\u00e9ctrico en Las Terrenas y Las Galeras hace m\u00e1s de 30 a\u00f1os, destac\u00e1ndose adem\u00e1s por impulsar la incorporaci\u00f3n temprana de energ\u00edas renovables en la zona.<\/p>\n\n\n\n<p><strong>Sobre el curador<\/strong><\/p>\n\n\n\n<p>La exposici\u00f3n ha sido curada por Jos\u00e9 Alejandro \u00c1lvarez, fot\u00f3grafo subacu\u00e1tico con m\u00e1s de tres d\u00e9cadas dedicadas a la exploraci\u00f3n y documentaci\u00f3n del mundo marino. Iniciado en la fotograf\u00eda subacu\u00e1tica en 1996, ha realizado m\u00e1s de 4,500 inmersiones en algunos de los ecosistemas mejor conservados del planeta.<\/p>\n\n\n\n<p>Su trabajo ha dado lugar al portafolio m\u00e1s completo de im\u00e1genes subacu\u00e1ticas de la Rep\u00fablica Dominicana y a un valioso archivo art\u00edstico y documental de sitios de buceo internacionales. Su experiencia expositiva respalda una curadur\u00eda concebida para trascender lo est\u00e9tico y comunicar el valor ecol\u00f3gico del oc\u00e9ano, fomentando una relaci\u00f3n m\u00e1s respetuosa y consciente con la vida marina.<\/p>\n","protected":false},"excerpt":{"rendered":"<p>Santo Domingo. &#8211; La exposici\u00f3n fotogr\u00e1fica \u201cJardines de la Reina: Refugio de los arquitectos invisibles del mar\u201d del fot\u00f3grafo y camar\u00f3grafo submarino Noel Enrique L\u00f3pez Fern\u00e1ndez, una muestra que combina&hellip; <\/p>\n","protected":false},"author":2,"featured_media":75450,"comment_status":"closed","ping_status":"closed","sticky":false,"template":"","format":"standard","meta":{"fifu_image_url":"https:\/\/elmundodelosnegocios.com.do\/v1\/wp-content\/uploads\/2026\/01\/Invitacion-Exposicion-Noel-Lopez.jpg","fifu_image_alt":"","footnotes":""},"categories":[148],"tags":[],"class_list":["post-75447","post","type-post","status-publish","format-standard","has-post-thumbnail","hentry","category-cultura"],"_links":{"self":[{"href":"https:\/\/elmundodelosnegocios.com.do\/v1\/wp-json\/wp\/v2\/posts\/75447","targetHints":{"allow":["GET"]}}],"collection":[{"href":"https:\/\/elmundodelosnegocios.com.do\/v1\/wp-json\/wp\/v2\/posts"}],"about":[{"href":"https:\/\/elmundodelosnegocios.com.do\/v1\/wp-json\/wp\/v2\/types\/post"}],"author":[{"embeddable":true,"href":"https:\/\/elmundodelosnegocios.com.do\/v1\/wp-json\/wp\/v2\/users\/2"}],"replies":[{"embeddable":true,"href":"https:\/\/elmundodelosnegocios.com.do\/v1\/wp-json\/wp\/v2\/comments?post=75447"}],"version-history":[{"count":1,"href":"https:\/\/elmundodelosnegocios.com.do\/v1\/wp-json\/wp\/v2\/posts\/75447\/revisions"}],"predecessor-version":[{"id":75449,"href":"https:\/\/elmundodelosnegocios.com.do\/v1\/wp-json\/wp\/v2\/posts\/75447\/revisions\/75449"}],"wp:featuredmedia":[{"embeddable":true,"href":"https:\/\/elmundodelosnegocios.com.do\/v1\/wp-json\/wp\/v2\/media\/75450"}],"wp:attachment":[{"href":"https:\/\/elmundodelosnegocios.com.do\/v1\/wp-json\/wp\/v2\/media?parent=75447"}],"wp:term":[{"taxonomy":"category","embeddable":true,"href":"https:\/\/elmundodelosnegocios.com.do\/v1\/wp-json\/wp\/v2\/categories?post=75447"},{"taxonomy":"post_tag","embeddable":true,"href":"https:\/\/elmundodelosnegocios.com.do\/v1\/wp-json\/wp\/v2\/tags?post=75447"}],"curies":[{"name":"wp","href":"https:\/\/api.w.org\/{rel}","templated":true}]}}