{"id":75458,"date":"2026-01-14T15:04:46","date_gmt":"2026-01-14T19:34:46","guid":{"rendered":"https:\/\/elmundodelosnegocios.com.do\/v1\/mango-y-aguacate-los-nuevos-embajadores-de-republica-dominicana-que-conquistaran-italia\/"},"modified":"2026-01-14T15:04:46","modified_gmt":"2026-01-14T19:34:46","slug":"mango-y-aguacate-los-nuevos-embajadores-de-republica-dominicana-que-conquistaran-italia","status":"publish","type":"post","link":"https:\/\/elmundodelosnegocios.com.do\/v1\/mango-y-aguacate-los-nuevos-embajadores-de-republica-dominicana-que-conquistaran-italia\/","title":{"rendered":"Mango y Aguacate: Los nuevos embajadores de Rep\u00fablica Dominicana que conquistar\u00e1n Italia"},"content":{"rendered":"<div>\n<p><em>Mi\u00e9rcoles 14 de Enero, 2026.<\/em><\/p>\n<p><em>El convenio firmado por MICM, la FAO y MACFRUT, prioriza la tecnificaci\u00f3n y la inversi\u00f3n extranjera, usando el atractivo del mango y el aguacate para captar capital italiano.<\/em><\/p>\n<p class=\"p1\"><strong>Santo Domingo, R.D.-<\/strong> Con la visi\u00f3n de transformar la agroindustria en un motor de divisas y tecnificaci\u00f3n, el ministro Yayo Sanz Lovat\u00f3n encabez\u00f3 la firma de una alianza estrat\u00e9gica entre el MICM, la FAO y MACFRUT. Este pacto estrat\u00e9gico capitaliza el posicionamiento global del mango y el aguacate dominicano para abrir un canal comercial permanente con Italia. La iniciativa busca atraer capital extranjero, transferencia tecnol\u00f3gica a la cadena de valor y acceso directo a los grandes compradores globales para garantizar que los productores dominicanos accedan sin intermediarios a uno de los mercados m\u00e1s importantes del mundo.<\/p>\n<p class=\"p1\">El acuerdo fue firmado por el ministro de Industria, Comercio y Mipymes, Yayo Sanz Lovat\u00f3n; Patricia Jim\u00e9nez Beato, coordinadora de Alianzas P\u00fablico-Privadas y Movilizaci\u00f3n de Recursos de la FAO en la Rep\u00fablica Dominicana; y Enrico Turroni, vicepresidente y responsable de Relaciones Exteriores de MACFRUT.<\/p>\n<p><img fetchpriority=\"high\" decoding=\"async\" class=\"alignnone wp-image-204219\" src=\"https:\/\/micm.gob.do\/wp-content\/uploads\/2026\/01\/Ministro-MICM-Yayo-Sanz-Lovaton-Evento-MacFrut-300x200.jpg\" alt=\"Ministro-MICM-Yayo-Sanz-Lovaton-Evento-MacFrut\" width=\"1400\" height=\"933\" srcset=\"https:\/\/micm.gob.do\/wp-content\/uploads\/2026\/01\/Ministro-MICM-Yayo-Sanz-Lovaton-Evento-MacFrut-300x200.jpg 300w, https:\/\/micm.gob.do\/wp-content\/uploads\/2026\/01\/Ministro-MICM-Yayo-Sanz-Lovaton-Evento-MacFrut-1024x682.jpg 1024w, https:\/\/micm.gob.do\/wp-content\/uploads\/2026\/01\/Ministro-MICM-Yayo-Sanz-Lovaton-Evento-MacFrut-768x512.jpg 768w, https:\/\/micm.gob.do\/wp-content\/uploads\/2026\/01\/Ministro-MICM-Yayo-Sanz-Lovaton-Evento-MacFrut-1536x1023.jpg 1536w, https:\/\/micm.gob.do\/wp-content\/uploads\/2026\/01\/Ministro-MICM-Yayo-Sanz-Lovaton-Evento-MacFrut.jpg 1600w\" sizes=\"(max-width: 1400px) 100vw, 1400px\"><\/p>\n<p class=\"p1\">Durante su ponencia, el ministro Sanz Lovat\u00f3n resalt\u00f3 que este acuerdo coloca a la Rep\u00fablica Dominicana en una posici\u00f3n de ventaja para promover su agroindustria ante el mundo. Se\u00f1al\u00f3 que la firma materializa uno de los pilares econ\u00f3micos del gobierno: hacer del sector agr\u00edcola un generador masivo de empleos y divisas. Seg\u00fan detall\u00f3, la estrategia se centra en fortalecer la cadena de valor mediante la provisi\u00f3n de insumos t\u00e9cnicos, el incremento de la inversi\u00f3n extranjera y la facilitaci\u00f3n del cr\u00e9dito productivo.<\/p>\n<p class=\"p1\">De su lado, Patricia Jim\u00e9nez, coment\u00f3 que \u201ceste acuerdo, busca continuar fortaleciendo la agroindustria y su vinculaci\u00f3n a la gastronom\u00eda, ahora con la incorporaci\u00f3n de MACFRUT, este paso se convierte en un acelerador potente para transformar oportunidades internacionales e innovaci\u00f3n en bienestar rural y aumento de la competitividad en Rep\u00fablica Dominicana\u201d.<\/p>\n<p class=\"p1\">Igualmente, Enrico Turroni explic\u00f3 que \u201cMACFRUT es amigo de la Rep\u00fablica Dominicana y es una feria en la cual podr\u00e1n ofrecer sus productos no solo para los italianos, sino para todo el mercado europeo y otros pa\u00edses\u201d. \u201cTener a la Rep\u00fablica Dominicana en la feria es un placer para nosotros, estamos a su disposici\u00f3n para crecer juntos. Esperamos ver a muchos dominicanos en abril en la feria\u201d.<\/p>\n<p class=\"p1\">El acto cont\u00f3 con la presencia de Rodolfo Colaci, vice-embajador extraordinario y plenipotenciario de la Rep\u00fablica Italiana en la Rep\u00fablica Dominicana; as\u00ed como del Excelent\u00edsimo se\u00f1or Rafael Lantigua, embajador extraordinario y plenipotenciario de la Rep\u00fablica Dominicana ante la Rep\u00fablica Italiana. De igual forma, particip\u00f3 la Excelent\u00edsima Se\u00f1ora Ada Hern\u00e1ndez, embajadora y representante permanente de la Rep\u00fablica Dominicana ante la FAO en Roma, reforzando el car\u00e1cter diplom\u00e1tico y multilateral de esta iniciativa.<\/p>\n<p class=\"p1\"><strong>Sobre el acuerdo<\/strong><\/p>\n<p class=\"p1\">El acuerdo establece la creaci\u00f3n del Pabell\u00f3n Dominicano en MACFRUT, concebido no solo como vitrina comercial, sino como un centro de inteligencia y transferencia tecnol\u00f3gica para la agroindustria nacional. Esta plataforma se refuerza mediante alianzas acad\u00e9micas de alto nivel con instituciones como la Universidad de Bologna, garantizando que el acceso a mercados europeos venga acompa\u00f1ado de la modernizaci\u00f3n productiva y la innovaci\u00f3n que el sector necesita para competir globalmente.<\/p>\n<p class=\"p1\">Para la 43.\u00aa edici\u00f3n en abril de 2026, la estrategia colocar\u00e1 al mango y al aguacate como protagonistas absolutos, capitalizando el hito hist\u00f3rico de la primera denominaci\u00f3n de origen para el aguacate en Am\u00e9rica, lograda bajo la gesti\u00f3n del MICM. Este distintivo de calidad y origen servir\u00e1 de ancla para una agenda de negocios y eventos t\u00e9cnicos de alto perfil, consolidando una oferta exportable con identidad territorial, mayor valor agregado y conexi\u00f3n directa con las cadenas globales de valor.<\/p>\n<p class=\"p1\"><strong style=\"font-size: 16px;\">Fuente:<\/strong><span style=\"font-size: 16px;\"> Direcci\u00f3n de Comunicaciones<\/span><\/p>\n<p>The post <a href=\"https:\/\/micm.gob.do\/mango-y-aguacate-los-nuevos-embajadores-de-republica-dominicana-que-conquistaran-italia\/\">Mango y Aguacate: Los nuevos embajadores de Rep\u00fablica Dominicana que conquistar\u00e1n Italia<\/a> appeared first on <a href=\"https:\/\/micm.gob.do\/\">MICM<\/a>.<\/p>\n<\/div>\n","protected":false},"excerpt":{"rendered":"<p>Mi\u00e9rcoles 14 de Enero, 2026. El convenio firmado por MICM, la FAO y MACFRUT, prioriza la tecnificaci\u00f3n y la inversi\u00f3n extranjera, usando el atractivo del mango y el aguacate para&hellip; <\/p>\n","protected":false},"author":2,"featured_media":75459,"comment_status":"closed","ping_status":"closed","sticky":false,"template":"","format":"standard","meta":{"fifu_image_url":"","fifu_image_alt":"","footnotes":""},"categories":[147],"tags":[],"class_list":["post-75458","post","type-post","status-publish","format-standard","has-post-thumbnail","hentry","category-comercio"],"_links":{"self":[{"href":"https:\/\/elmundodelosnegocios.com.do\/v1\/wp-json\/wp\/v2\/posts\/75458","targetHints":{"allow":["GET"]}}],"collection":[{"href":"https:\/\/elmundodelosnegocios.com.do\/v1\/wp-json\/wp\/v2\/posts"}],"about":[{"href":"https:\/\/elmundodelosnegocios.com.do\/v1\/wp-json\/wp\/v2\/types\/post"}],"author":[{"embeddable":true,"href":"https:\/\/elmundodelosnegocios.com.do\/v1\/wp-json\/wp\/v2\/users\/2"}],"replies":[{"embeddable":true,"href":"https:\/\/elmundodelosnegocios.com.do\/v1\/wp-json\/wp\/v2\/comments?post=75458"}],"version-history":[{"count":0,"href":"https:\/\/elmundodelosnegocios.com.do\/v1\/wp-json\/wp\/v2\/posts\/75458\/revisions"}],"wp:featuredmedia":[{"embeddable":true,"href":"https:\/\/elmundodelosnegocios.com.do\/v1\/wp-json\/wp\/v2\/media\/75459"}],"wp:attachment":[{"href":"https:\/\/elmundodelosnegocios.com.do\/v1\/wp-json\/wp\/v2\/media?parent=75458"}],"wp:term":[{"taxonomy":"category","embeddable":true,"href":"https:\/\/elmundodelosnegocios.com.do\/v1\/wp-json\/wp\/v2\/categories?post=75458"},{"taxonomy":"post_tag","embeddable":true,"href":"https:\/\/elmundodelosnegocios.com.do\/v1\/wp-json\/wp\/v2\/tags?post=75458"}],"curies":[{"name":"wp","href":"https:\/\/api.w.org\/{rel}","templated":true}]}}