{"id":75478,"date":"2026-01-15T11:10:32","date_gmt":"2026-01-15T15:40:32","guid":{"rendered":"https:\/\/elmundodelosnegocios.com.do\/v1\/?p=75478"},"modified":"2026-01-15T11:10:34","modified_gmt":"2026-01-15T15:40:34","slug":"comerciantes-se-reunen-con-ministro-industria-y-comercio","status":"publish","type":"post","link":"https:\/\/elmundodelosnegocios.com.do\/v1\/comerciantes-se-reunen-con-ministro-industria-y-comercio\/","title":{"rendered":"Comerciantes se re\u00fanen con Ministro Industria y Comercio"},"content":{"rendered":"\n<p>La Federaci\u00f3n Dominicana de Comerciantes (FDC) encabez\u00f3 hoy un encuentro, &nbsp;junto a otras entidades representantes del sector comercio, con el ministro de Industria, Comercio y Mipymes, Eduardo Sanz Lovat\u00f3n, con el objetivo de tratar temas que afectan al comercio organizado, como son &nbsp;el art\u00edculo &nbsp;36 de la Ley 98-25 sobre&nbsp; Gesti\u00f3n Integral y Coprocesamiento de Residuos S\u00f3lidos, &nbsp;y la competencia desleal de &nbsp;cadenas de farmacias y &nbsp;tiendas &nbsp;de capital chino.<\/p>\n\n\n<div class=\"wp-block-image\">\n<figure class=\"aligncenter size-large\"><img loading=\"lazy\" decoding=\"async\" width=\"1024\" height=\"620\" src=\"https:\/\/elmundodelosnegocios.com.do\/v1\/wp-content\/uploads\/2026\/01\/IMG-20260114-WA0086-1024x620.jpg\" alt=\"\" class=\"wp-image-75479\" srcset=\"https:\/\/elmundodelosnegocios.com.do\/v1\/wp-content\/uploads\/2026\/01\/IMG-20260114-WA0086-1024x620.jpg 1024w, https:\/\/elmundodelosnegocios.com.do\/v1\/wp-content\/uploads\/2026\/01\/IMG-20260114-WA0086-300x182.jpg 300w, https:\/\/elmundodelosnegocios.com.do\/v1\/wp-content\/uploads\/2026\/01\/IMG-20260114-WA0086-768x465.jpg 768w, https:\/\/elmundodelosnegocios.com.do\/v1\/wp-content\/uploads\/2026\/01\/IMG-20260114-WA0086-1536x930.jpg 1536w, https:\/\/elmundodelosnegocios.com.do\/v1\/wp-content\/uploads\/2026\/01\/IMG-20260114-WA0086.jpg 1600w\" sizes=\"auto, (max-width: 1024px) 100vw, 1024px\" \/><\/figure>\n<\/div>\n\n\n<p>Durante el encuentro, el &nbsp;presidente de la FDC, Iv\u00e1n Garc\u00eda, expres\u00f3 &nbsp;la confianza de que el ministro Sanz Lovat\u00f3n &nbsp;continuar\u00e1 su apoyo al &nbsp;sector &nbsp;comercio, tal y como lo realiz\u00f3 en la Direcci\u00f3n General de Aduanas.<\/p>\n\n\n\n<p>&nbsp;Sobre la Ley 98-25, Gracia&nbsp; dijo que el ministro se comprometi\u00f3 a ser mediador entre las micro, peque\u00f1as y medianas empresas (Mipymes), autoridades gubernamentales &nbsp;y los legisladores con la finalidad de llegar a soluciones que favorezcan &nbsp;a &nbsp;las Mipymes para que este sector pueda continuar creciendo, contribuyendo a la creaci\u00f3n de empleos&nbsp; y realizando los aportes &nbsp;en para el desarrollo del pa\u00eds.<\/p>\n\n\n\n<p>&nbsp;Puntualiz\u00f3 que el sector Mipymes representa el 98.7% del aparato productivo nacional y el mayor empleador del pa\u00eds. &nbsp;<\/p>\n\n\n\n<p>En tanto, con relaci\u00f3n a la competencia desleal en el sector farmacia, el FDC qued\u00f3 &nbsp;de suministrar todas las informaciones sobre esa situaci\u00f3n para que tambi\u00e9n el funcionario pueda intervenir en ese tema.<\/p>\n\n\n\n<p>Mientras que con el tema de los comercios chinos esperan contin\u00faen las &nbsp;reuniones &nbsp;con el Ministro de Hacienda y Econom\u00eda, Magin D\u00edaz; el &nbsp;director de Aduanas, &nbsp;Nelson Arroyo y el director&nbsp; Impuestos Internos (DGII), Pedro Urrutia y otras instituciones gubernamentales &nbsp;en la mesa de trabajo que inici\u00f3 el mes de diciembre del 2025.<\/p>\n\n\n\n<p>\u201cEl ministro Sanz Lovaton es el mediador entre el Gobierno y el Congreso Nacional&nbsp; con &nbsp;la FDC y las Mipymes&nbsp; para resolver estos tres temas de gran importancia para nuestro sector.&nbsp; Consideramos exitosa la reuni\u00f3n y en un plazo de 15 d\u00edas confiamos &nbsp;se terminar\u00e1n las negociaciones sobre el art\u00edculo 36 de la Ley 95-25 para que las micro , peque\u00f1as y medianas empresas del pa\u00eds &nbsp;puedan continuar&nbsp; con la contribuci\u00f3n voluntaria obligatoria de acuerdo a la capacidad del sector\u201d, subray\u00f3 Garc\u00eda.<\/p>\n\n\n\n<p>El presidente de la FDC agradeci\u00f3 en nombre de los dem\u00e1s gremios la mediaci\u00f3n de Sanz Lovaton, al definirlo como un funcionario que siempre ha escuchado las demandas del sector comercio.<\/p>\n\n\n\n<p>En la reuni\u00f3n participaron Jenny Rubiera &nbsp;de ADPYME; &nbsp;F\u00e9lix Rodr\u00edguez, secretario general FDC; &nbsp;Isabel Puig, &nbsp;de &nbsp;CODOPYME; Pablo &nbsp;Adon, vicepresidente FDC sector Supermercados; Juan Mar\u00eda Garc\u00eda, &nbsp;vicepresidente FDC Nordeste; Eduardo Sanz Lovaton, Ministro Industria, Comercio y MIPYMES, Iv\u00e1n Garc\u00eda- Presidente FDC , Raymond Ulloa vicepresidente nacional FDC , Ricardo Rosario, sector Detallista y Carlos Berges , Uni\u00f3n de Farmacias.<\/p>\n","protected":false},"excerpt":{"rendered":"<p>La Federaci\u00f3n Dominicana de Comerciantes (FDC) encabez\u00f3 hoy un encuentro, &nbsp;junto a otras entidades representantes del sector comercio, con el ministro de Industria, Comercio y Mipymes, Eduardo Sanz Lovat\u00f3n, con&hellip; <\/p>\n","protected":false},"author":2,"featured_media":75481,"comment_status":"closed","ping_status":"closed","sticky":false,"template":"","format":"standard","meta":{"fifu_image_url":"https:\/\/elmundodelosnegocios.com.do\/v1\/wp-content\/uploads\/2026\/01\/IMG-20260114-WA0086.jpg","fifu_image_alt":"","footnotes":""},"categories":[147],"tags":[],"class_list":["post-75478","post","type-post","status-publish","format-standard","has-post-thumbnail","hentry","category-comercio"],"_links":{"self":[{"href":"https:\/\/elmundodelosnegocios.com.do\/v1\/wp-json\/wp\/v2\/posts\/75478","targetHints":{"allow":["GET"]}}],"collection":[{"href":"https:\/\/elmundodelosnegocios.com.do\/v1\/wp-json\/wp\/v2\/posts"}],"about":[{"href":"https:\/\/elmundodelosnegocios.com.do\/v1\/wp-json\/wp\/v2\/types\/post"}],"author":[{"embeddable":true,"href":"https:\/\/elmundodelosnegocios.com.do\/v1\/wp-json\/wp\/v2\/users\/2"}],"replies":[{"embeddable":true,"href":"https:\/\/elmundodelosnegocios.com.do\/v1\/wp-json\/wp\/v2\/comments?post=75478"}],"version-history":[{"count":1,"href":"https:\/\/elmundodelosnegocios.com.do\/v1\/wp-json\/wp\/v2\/posts\/75478\/revisions"}],"predecessor-version":[{"id":75480,"href":"https:\/\/elmundodelosnegocios.com.do\/v1\/wp-json\/wp\/v2\/posts\/75478\/revisions\/75480"}],"wp:featuredmedia":[{"embeddable":true,"href":"https:\/\/elmundodelosnegocios.com.do\/v1\/wp-json\/wp\/v2\/media\/75481"}],"wp:attachment":[{"href":"https:\/\/elmundodelosnegocios.com.do\/v1\/wp-json\/wp\/v2\/media?parent=75478"}],"wp:term":[{"taxonomy":"category","embeddable":true,"href":"https:\/\/elmundodelosnegocios.com.do\/v1\/wp-json\/wp\/v2\/categories?post=75478"},{"taxonomy":"post_tag","embeddable":true,"href":"https:\/\/elmundodelosnegocios.com.do\/v1\/wp-json\/wp\/v2\/tags?post=75478"}],"curies":[{"name":"wp","href":"https:\/\/api.w.org\/{rel}","templated":true}]}}