{"id":75502,"date":"2026-01-19T08:04:41","date_gmt":"2026-01-19T12:34:41","guid":{"rendered":"https:\/\/elmundodelosnegocios.com.do\/v1\/primera-dama-micm-y-gildan-llevan-inversion-social-al-municipio-de-guerra\/"},"modified":"2026-01-19T08:04:41","modified_gmt":"2026-01-19T12:34:41","slug":"primera-dama-micm-y-gildan-llevan-inversion-social-al-municipio-de-guerra","status":"publish","type":"post","link":"https:\/\/elmundodelosnegocios.com.do\/v1\/primera-dama-micm-y-gildan-llevan-inversion-social-al-municipio-de-guerra\/","title":{"rendered":"Primera Dama, MICM y Gildan llevan inversi\u00f3n social al Municipio de Guerra"},"content":{"rendered":"<div>\n<p><em>Lunes 19 de Enero, 2026.<\/em><\/p>\n<p class=\"p1\"><em>El programa Parques Recreativos \u201cDe la Industria a la Comunidad\u201d supera los<span class=\"Apple-converted-space\">\u00a0 <\/span>RD$207 millones invertidos, integrando dise\u00f1o inclusivo y sostenibilidad ambiental.<\/em><\/p>\n<p class=\"p1\"><strong>San Antonio de Guerra, provincia S.D.-<\/strong> La primera dama, Raquel Arbaje; el ministro de Industria, Comercio y Mipymes (MICM), Yayo Sanz Lovat\u00f3n, y Arqu\u00edmedes George, vicepresidente y gerente pa\u00eds de Gildan Rep\u00fablica Dominicana, entregaron un parque infantil nuevo y un campo de b\u00e9isbol remozado en la comunidad de Bella Vista, municipio San Antonio de Guerra, en la provincia Santo Domingo. La empresa Gildan invirti\u00f3 RD$4.2 millones de pesos para realizar ambas obras, las cuales ofrecen un espacio seguro y recreativo a las familias de esta localidad.<\/p>\n<p class=\"p1\">Esta es la intervenci\u00f3n n\u00famero veintiuno derivada de la iniciativa<span class=\"Apple-converted-space\">\u00a0 <\/span>\u201cParques Recreativos de la Industria a la Comunidad\u201d, liderada por la primera dama. Hasta la fecha, el programa ha sumado una contribuci\u00f3n total aproximada de RD$207.2 millones, distribuidos en el Distrito Nacional y once provincias del pa\u00eds.<\/p>\n<p><img fetchpriority=\"high\" decoding=\"async\" class=\"alignnone wp-image-205461\" src=\"https:\/\/micm.gob.do\/wp-content\/uploads\/2026\/01\/Primera-Dama-Ministro-Sanz-Lovaton-300x200.jpeg\" alt=\"Primera-Dama-Ministro-Sanz-Lovaton\" width=\"1400\" height=\"933\" srcset=\"https:\/\/micm.gob.do\/wp-content\/uploads\/2026\/01\/Primera-Dama-Ministro-Sanz-Lovaton-300x200.jpeg 300w, https:\/\/micm.gob.do\/wp-content\/uploads\/2026\/01\/Primera-Dama-Ministro-Sanz-Lovaton-1024x682.jpeg 1024w, https:\/\/micm.gob.do\/wp-content\/uploads\/2026\/01\/Primera-Dama-Ministro-Sanz-Lovaton-768x512.jpeg 768w, https:\/\/micm.gob.do\/wp-content\/uploads\/2026\/01\/Primera-Dama-Ministro-Sanz-Lovaton-1536x1023.jpeg 1536w, https:\/\/micm.gob.do\/wp-content\/uploads\/2026\/01\/Primera-Dama-Ministro-Sanz-Lovaton.jpeg 1600w\" sizes=\"(max-width: 1400px) 100vw, 1400px\"><\/p>\n<p class=\"p1\">La primera dama destac\u00f3 el impacto de este programa, que promueve la<span class=\"Apple-converted-space\">\u00a0 <\/span>responsabilidad social de las empresas con el entorno<span class=\"Apple-converted-space\">\u00a0 <\/span>donde operan. Tambi\u00e9n manifest\u00f3 que celebra con mucha alegr\u00eda inagurar el primer parque del a\u00f1o, que se convierte en el parque n\u00famero 21 que ayudar\u00e1 a que los ni\u00f1os y ni\u00f1as puedan desarrollarse y distraerse en un ambiente adecuado. Agradeci\u00f3 el esfuerzo del sector p\u00fablico y privado que han hecho posible dicho parque.\u00a0El ministro Sanz Lovat\u00f3n valor\u00f3 el impulso de la primera dama a la iniciativa. Al mismo tiempo, resalt\u00f3 el rol del MICM para materializar este tipo de inversiones, como canalizador entre el sector privado y las comunidades.<\/p>\n<p class=\"p1\">Se trata de una visi\u00f3n de futuro que devuelve a la gente lugares para compartir, cuidarse y vivir mejor. \u201cQueremos industrias fuertes en comunidades fuertes. Queremos espacios donde los ni\u00f1os jueguen y sue\u00f1en. Queremos un pa\u00eds donde el progreso se vea y se sienta\u201d, enfatiz\u00f3 el titular del MICM, a la vez que exhort\u00f3 a otras empresas a sumarse al programa.<\/p>\n<p class=\"p1\">Por otro lado, el se\u00f1or George, expres\u00f3 que el parque representa un valor incalculable en bienestar, en desarrollo comunitario y como parte de su compromiso social, asegur\u00f3 que Gildan tiene el compromiso de contribuir con el desarrollo educativo de la comunidad y que son plenamente consciente del impacto positivo que dicho<span class=\"Apple-converted-space\">\u00a0 <\/span>parque ser\u00e1<span class=\"Apple-converted-space\">\u00a0 <\/span>lugar seguro y digno para su recreaci\u00f3n de los ni\u00f1os y ni\u00f1as.<\/p>\n<p class=\"p1\">Al acto tambi\u00e9n asistieron, Maira Noem\u00ed Moreno de Flores, vicealcaldesa de San Antonio de Guerra, los viceministros, Gianna Franjul de Desarrollo Industrial, Johannes Kelner de Zonas Francas y Reg\u00edmenes Especiales, as\u00ed como Daniel Liranzo, director del Consejo Nacional de Zonas Francas y de Exportaci\u00f3n (CNZFE) y otros representances de la comunidad. En tanto, el p\u00e1rroco Juan Carlos Mu\u00f1oz, de la parroquia Santa Teresa de Calcuta, bendijo la obra.<\/p>\n<p class=\"p1\"><strong>Sobre la obra<\/strong><\/p>\n<p class=\"p1\">La intervenci\u00f3n integral incluy\u00f3 la construcci\u00f3n de un \u00e1rea infantil con diversos equipos para juegos. Tambi\u00e9n, un gazebo principal, bancos, nueva iluminaci\u00f3n, adem\u00e1s de paredes y verjas perimetrales<span class=\"Apple-converted-space\">\u00a0 <\/span>que delimitan el parque y campo de beisbol. Al mismo tiempo, se realiz\u00f3 la reconstrucci\u00f3n de la reja ubicada detr\u00e1s del home (backstop), la adecuaci\u00f3n de las \u00e1reas de espera y descanso de los jugadores (dugouts), con ba\u00f1os y camerinos integrados, y la instalaci\u00f3n de nuevas bases en el \u00e1rea de juego.<\/p>\n<p><img loading=\"lazy\" decoding=\"async\" class=\"alignnone wp-image-205462\" src=\"https:\/\/micm.gob.do\/wp-content\/uploads\/2026\/01\/Parque-recreativo-juegos-300x200.jpeg\" alt=\"Parque-recreativo-juegos\" width=\"1400\" height=\"933\" srcset=\"https:\/\/micm.gob.do\/wp-content\/uploads\/2026\/01\/Parque-recreativo-juegos-300x200.jpeg 300w, https:\/\/micm.gob.do\/wp-content\/uploads\/2026\/01\/Parque-recreativo-juegos-1024x682.jpeg 1024w, https:\/\/micm.gob.do\/wp-content\/uploads\/2026\/01\/Parque-recreativo-juegos-768x512.jpeg 768w, https:\/\/micm.gob.do\/wp-content\/uploads\/2026\/01\/Parque-recreativo-juegos-1536x1023.jpeg 1536w, https:\/\/micm.gob.do\/wp-content\/uploads\/2026\/01\/Parque-recreativo-juegos.jpeg 1600w\" sizes=\"auto, (max-width: 1400px) 100vw, 1400px\"><\/p>\n<p class=\"p1\">El proyecto destaca por su enfoque sostenible e inclusivo, con senderos nivelados para personas con discapacidad y la instalaci\u00f3n de ocho \u00abpuntos limpios\u00bb para reciclaje de basura. Igualmente, estudiantes de la Escuela Arcadia Reyes y el Liceo Najmeddin Mansour El Fituri pintaron murales tem\u00e1ticos, incluyendo uno ecol\u00f3gico elaborado con tapas recicladas. La Alcald\u00eda local complement\u00f3 los trabajos con la reparaci\u00f3n de aceras, contenes exteriores y el mantenimiento del tendido el\u00e9ctrico circundante.<\/p>\n<p class=\"p1\"><strong>Programa Parques Recreativos: De la Industria a la Comunidad<\/strong><\/p>\n<p class=\"p1\">Liderado por la primera dama Raquel Arbaje y el MICM, este programa invita a industrias y empresas en general a apadrinar espacios recreativos. A la fecha, veintiocho empresas han realizado aportes para contribuir al bienestar de los habitantes del Distrito Nacional y once provincias.<\/p>\n<p><img loading=\"lazy\" decoding=\"async\" class=\"alignnone wp-image-205463\" src=\"https:\/\/micm.gob.do\/wp-content\/uploads\/2026\/01\/Inauguracion-parque-300x200.jpeg\" alt=\"Inauguracion-parque-san-antonio-de-guerra\" width=\"1400\" height=\"933\" srcset=\"https:\/\/micm.gob.do\/wp-content\/uploads\/2026\/01\/Inauguracion-parque-300x200.jpeg 300w, https:\/\/micm.gob.do\/wp-content\/uploads\/2026\/01\/Inauguracion-parque-1024x682.jpeg 1024w, https:\/\/micm.gob.do\/wp-content\/uploads\/2026\/01\/Inauguracion-parque-768x512.jpeg 768w, https:\/\/micm.gob.do\/wp-content\/uploads\/2026\/01\/Inauguracion-parque-1536x1023.jpeg 1536w, https:\/\/micm.gob.do\/wp-content\/uploads\/2026\/01\/Inauguracion-parque.jpeg 1600w\" sizes=\"auto, (max-width: 1400px) 100vw, 1400px\"><\/p>\n<p class=\"p1\"><strong style=\"font-size: 16px;\">Fuente:<\/strong><span style=\"font-size: 16px;\"> Direcci\u00f3n de Comunicaciones<\/span><\/p>\n<p>The post <a href=\"https:\/\/micm.gob.do\/primera-dama-micm-y-gildan-llevan-inversion-social-al-municipio-de-guerra\/\">Primera Dama, MICM y Gildan llevan inversi\u00f3n social al Municipio de Guerra<\/a> appeared first on <a href=\"https:\/\/micm.gob.do\/\">MICM<\/a>.<\/p>\n<\/div>\n","protected":false},"excerpt":{"rendered":"<p>Lunes 19 de Enero, 2026. El programa Parques Recreativos \u201cDe la Industria a la Comunidad\u201d supera los\u00a0 RD$207 millones invertidos, integrando dise\u00f1o inclusivo y sostenibilidad ambiental. San Antonio de Guerra,&hellip; <\/p>\n","protected":false},"author":2,"featured_media":75503,"comment_status":"closed","ping_status":"closed","sticky":false,"template":"","format":"standard","meta":{"fifu_image_url":"","fifu_image_alt":"","footnotes":""},"categories":[147],"tags":[],"class_list":["post-75502","post","type-post","status-publish","format-standard","has-post-thumbnail","hentry","category-comercio"],"_links":{"self":[{"href":"https:\/\/elmundodelosnegocios.com.do\/v1\/wp-json\/wp\/v2\/posts\/75502","targetHints":{"allow":["GET"]}}],"collection":[{"href":"https:\/\/elmundodelosnegocios.com.do\/v1\/wp-json\/wp\/v2\/posts"}],"about":[{"href":"https:\/\/elmundodelosnegocios.com.do\/v1\/wp-json\/wp\/v2\/types\/post"}],"author":[{"embeddable":true,"href":"https:\/\/elmundodelosnegocios.com.do\/v1\/wp-json\/wp\/v2\/users\/2"}],"replies":[{"embeddable":true,"href":"https:\/\/elmundodelosnegocios.com.do\/v1\/wp-json\/wp\/v2\/comments?post=75502"}],"version-history":[{"count":0,"href":"https:\/\/elmundodelosnegocios.com.do\/v1\/wp-json\/wp\/v2\/posts\/75502\/revisions"}],"wp:featuredmedia":[{"embeddable":true,"href":"https:\/\/elmundodelosnegocios.com.do\/v1\/wp-json\/wp\/v2\/media\/75503"}],"wp:attachment":[{"href":"https:\/\/elmundodelosnegocios.com.do\/v1\/wp-json\/wp\/v2\/media?parent=75502"}],"wp:term":[{"taxonomy":"category","embeddable":true,"href":"https:\/\/elmundodelosnegocios.com.do\/v1\/wp-json\/wp\/v2\/categories?post=75502"},{"taxonomy":"post_tag","embeddable":true,"href":"https:\/\/elmundodelosnegocios.com.do\/v1\/wp-json\/wp\/v2\/tags?post=75502"}],"curies":[{"name":"wp","href":"https:\/\/api.w.org\/{rel}","templated":true}]}}