{"id":75511,"date":"2026-01-17T08:42:50","date_gmt":"2026-01-17T13:12:50","guid":{"rendered":"https:\/\/elmundodelosnegocios.com.do\/v1\/?p=75511"},"modified":"2026-01-19T08:54:09","modified_gmt":"2026-01-19T13:24:09","slug":"sector-empresarial-impulsa-la-alianza-5k-por-el-bienestar","status":"publish","type":"post","link":"https:\/\/elmundodelosnegocios.com.do\/v1\/sector-empresarial-impulsa-la-alianza-5k-por-el-bienestar\/","title":{"rendered":"Sector empresarial impulsa la Alianza 5K por el Bienestar"},"content":{"rendered":"\n<p><strong>Santo Domingo. \u2013<\/strong>&nbsp;M\u00e1s de 800 personas participaron en la tercera edici\u00f3n de la Alianza 5K por el Bienestar, realizada en el Parque Mirador Sur, como parte de una iniciativa orientada a fortalecer una visi\u00f3n integral del bienestar y la prevenci\u00f3n en salud, articulada desde el sector empresarial hacia la sociedad.<\/p>\n\n\n<div class=\"wp-block-image\">\n<figure class=\"aligncenter size-large\"><img loading=\"lazy\" decoding=\"async\" width=\"1024\" height=\"683\" src=\"https:\/\/elmundodelosnegocios.com.do\/v1\/wp-content\/uploads\/2026\/01\/tercera-caminata-5k-1024x683.jpeg\" alt=\"\" class=\"wp-image-75512\" srcset=\"https:\/\/elmundodelosnegocios.com.do\/v1\/wp-content\/uploads\/2026\/01\/tercera-caminata-5k-1024x683.jpeg 1024w, https:\/\/elmundodelosnegocios.com.do\/v1\/wp-content\/uploads\/2026\/01\/tercera-caminata-5k-300x200.jpeg 300w, https:\/\/elmundodelosnegocios.com.do\/v1\/wp-content\/uploads\/2026\/01\/tercera-caminata-5k-768x512.jpeg 768w, https:\/\/elmundodelosnegocios.com.do\/v1\/wp-content\/uploads\/2026\/01\/tercera-caminata-5k.jpeg 1280w\" sizes=\"auto, (max-width: 1024px) 100vw, 1024px\" \/><\/figure>\n<\/div>\n\n\n<p>La actividad fue organizada por la Alianza para el Bienestar y la Alimentaci\u00f3n Consciente e impulsada por la Asociaci\u00f3n de Industrias de la Rep\u00fablica Dominicana (AIRD), con el objetivo de consolidar una plataforma que trasciende la realizaci\u00f3n de eventos y promueve la adopci\u00f3n de enfoques sostenidos en favor de la calidad de vida y el desarrollo equilibrado.<\/p>\n\n\n\n<p>Durante el acto de apertura, Mario Pujols, vicepresidente ejecutivo de la AIRD y representante de la Alianza, destac\u00f3 que esta iniciativa responde a una visi\u00f3n estructural del bienestar: \u201cHoy celebramos por tercera ocasi\u00f3n algo m\u00e1s que una carrera: celebramos el compromiso de vivir en equilibrio, de buscar balance en nuestro d\u00eda a d\u00eda y de adoptar estilos de vida que redunden en el bienestar de los dominicanos\u201d.<\/p>\n\n\n\n<p>Desde 2022, la Alianza orienta su trabajo en torno a cinco pilares fundamentales: alimentaci\u00f3n balanceada, actividad f\u00edsica, bienestar emocional, tiempo de calidad y sue\u00f1o reparador. En esta tercera edici\u00f3n, la jornada integr\u00f3 espacios y experiencias complementarias, como \u00e1reas para mascotas, din\u00e1micas interactivas, sesiones de yoga, meditaci\u00f3n y ejercicios de respiraci\u00f3n, concebidas para reforzar ese enfoque integral.<\/p>\n\n\n\n<p>El evento cont\u00f3 con el respaldo de empresas comprometidas con los objetivos transversales de la Alianza, entre ellas Central Romana, Sistema Coca-Cola, CMI Molinos Modernos, Industrias San Miguel, Nestl\u00e9 Dominicana, Pollo Cibao, Quala Dominicana y Helados Bon, reafirmando el rol del sector empresarial en la promoci\u00f3n de iniciativas de impacto social vinculadas al bienestar.<\/p>\n\n\n\n<p>La Alianza ha sido estructurada junto a gremios empresariales como ASIBENAS, ADORA, ADECC y ADIL, as\u00ed como con entidades p\u00fablicas como el Ministerio de Industria, Comercio y MiPymes, el Ministerio de Salud P\u00fablica y Pro Consumidor, consolidando un esquema de colaboraci\u00f3n p\u00fablico-privada orientado a incidir de manera positiva en la calidad de vida de los dominicanos y a fomentar una cultura de autocuidado y equilibrio.<\/p>\n","protected":false},"excerpt":{"rendered":"<p>Santo Domingo. \u2013&nbsp;M\u00e1s de 800 personas participaron en la tercera edici\u00f3n de la Alianza 5K por el Bienestar, realizada en el Parque Mirador Sur, como parte de una iniciativa orientada&hellip; <\/p>\n","protected":false},"author":2,"featured_media":75514,"comment_status":"closed","ping_status":"closed","sticky":false,"template":"","format":"standard","meta":{"fifu_image_url":"https:\/\/elmundodelosnegocios.com.do\/v1\/wp-content\/uploads\/2026\/01\/tercera-caminata-5k.jpeg","fifu_image_alt":"","footnotes":""},"categories":[83],"tags":[],"class_list":["post-75511","post","type-post","status-publish","format-standard","has-post-thumbnail","hentry","category-empresariales-empresariales"],"_links":{"self":[{"href":"https:\/\/elmundodelosnegocios.com.do\/v1\/wp-json\/wp\/v2\/posts\/75511","targetHints":{"allow":["GET"]}}],"collection":[{"href":"https:\/\/elmundodelosnegocios.com.do\/v1\/wp-json\/wp\/v2\/posts"}],"about":[{"href":"https:\/\/elmundodelosnegocios.com.do\/v1\/wp-json\/wp\/v2\/types\/post"}],"author":[{"embeddable":true,"href":"https:\/\/elmundodelosnegocios.com.do\/v1\/wp-json\/wp\/v2\/users\/2"}],"replies":[{"embeddable":true,"href":"https:\/\/elmundodelosnegocios.com.do\/v1\/wp-json\/wp\/v2\/comments?post=75511"}],"version-history":[{"count":1,"href":"https:\/\/elmundodelosnegocios.com.do\/v1\/wp-json\/wp\/v2\/posts\/75511\/revisions"}],"predecessor-version":[{"id":75513,"href":"https:\/\/elmundodelosnegocios.com.do\/v1\/wp-json\/wp\/v2\/posts\/75511\/revisions\/75513"}],"wp:featuredmedia":[{"embeddable":true,"href":"https:\/\/elmundodelosnegocios.com.do\/v1\/wp-json\/wp\/v2\/media\/75514"}],"wp:attachment":[{"href":"https:\/\/elmundodelosnegocios.com.do\/v1\/wp-json\/wp\/v2\/media?parent=75511"}],"wp:term":[{"taxonomy":"category","embeddable":true,"href":"https:\/\/elmundodelosnegocios.com.do\/v1\/wp-json\/wp\/v2\/categories?post=75511"},{"taxonomy":"post_tag","embeddable":true,"href":"https:\/\/elmundodelosnegocios.com.do\/v1\/wp-json\/wp\/v2\/tags?post=75511"}],"curies":[{"name":"wp","href":"https:\/\/api.w.org\/{rel}","templated":true}]}}