{"id":75515,"date":"2026-01-19T08:56:57","date_gmt":"2026-01-19T13:26:57","guid":{"rendered":"https:\/\/elmundodelosnegocios.com.do\/v1\/?p=75515"},"modified":"2026-01-19T08:57:00","modified_gmt":"2026-01-19T13:27:00","slug":"fortaleceran-infotep-y-dgm-competencias-tecnicas-personal-migracion","status":"publish","type":"post","link":"https:\/\/elmundodelosnegocios.com.do\/v1\/fortaleceran-infotep-y-dgm-competencias-tecnicas-personal-migracion\/","title":{"rendered":"Fortalecer\u00e1n Infotep y DGM competencias t\u00e9cnicas personal Migraci\u00f3n"},"content":{"rendered":"\n<p>El Instituto Nacional de Formaci\u00f3n T\u00e9cnico Profesional (INFOTEP) y la Direcci\u00f3n General de Migraci\u00f3n (DGM) renovaron su alianza estrat\u00e9gica para implementar un plan de capacitaci\u00f3n orientado a fortalecer las competencias t\u00e9cnicas y operativas del personal migratorio, como parte de los esfuerzos por mejorar la calidad del servicio y la gesti\u00f3n del ordenamiento y control migratorio.<\/p>\n\n\n<div class=\"wp-block-image\">\n<figure class=\"aligncenter size-large\"><img loading=\"lazy\" decoding=\"async\" width=\"1024\" height=\"683\" src=\"https:\/\/elmundodelosnegocios.com.do\/v1\/wp-content\/uploads\/2026\/01\/El-director-general-del-INFOTEP-Rafael-Santos-Badia-y-el-director-general-de-Migracion-vicealmirante-Luis-Rafael-Lee-Ballester-ARD-1024x683.jpeg\" alt=\"\" class=\"wp-image-75516\" srcset=\"https:\/\/elmundodelosnegocios.com.do\/v1\/wp-content\/uploads\/2026\/01\/El-director-general-del-INFOTEP-Rafael-Santos-Badia-y-el-director-general-de-Migracion-vicealmirante-Luis-Rafael-Lee-Ballester-ARD-1024x683.jpeg 1024w, https:\/\/elmundodelosnegocios.com.do\/v1\/wp-content\/uploads\/2026\/01\/El-director-general-del-INFOTEP-Rafael-Santos-Badia-y-el-director-general-de-Migracion-vicealmirante-Luis-Rafael-Lee-Ballester-ARD-300x200.jpeg 300w, https:\/\/elmundodelosnegocios.com.do\/v1\/wp-content\/uploads\/2026\/01\/El-director-general-del-INFOTEP-Rafael-Santos-Badia-y-el-director-general-de-Migracion-vicealmirante-Luis-Rafael-Lee-Ballester-ARD-768x512.jpeg 768w, https:\/\/elmundodelosnegocios.com.do\/v1\/wp-content\/uploads\/2026\/01\/El-director-general-del-INFOTEP-Rafael-Santos-Badia-y-el-director-general-de-Migracion-vicealmirante-Luis-Rafael-Lee-Ballester-ARD.jpeg 1280w\" sizes=\"auto, (max-width: 1024px) 100vw, 1024px\" \/><figcaption class=\"wp-element-caption\">El director general del INFOTEP, Rafael Santos Bad\u00eda, y el director general de Migraci\u00f3n, vicealmirante Luis Rafael Lee Ballester, ARD<\/figcaption><\/figure>\n<\/div>\n\n\n<p>El acuerdo fue suscrito por el director general del INFOTEP, Rafael Santos Bad\u00eda, y el director general de Migraci\u00f3n, vicealmirante Luis Rafael Lee Ballester, ARD, y contempla un plan integral de capacitaci\u00f3n dirigido a los servidores de la DGM a nivel nacional.<\/p>\n\n\n\n<p>A trav\u00e9s del convenio, el INFOTEP desarrollar\u00e1 acciones formativas en \u00e1reas como herramientas tecnol\u00f3gicas, redacci\u00f3n de informes t\u00e9cnicos, calidad en el servicio, atenci\u00f3n al ciudadano, desarrollo organizacional, manejo de conflictos y trabajo en equipo, as\u00ed como procesos de asesor\u00eda y asistencia t\u00e9cnica en servicio al cliente, planificaci\u00f3n estrat\u00e9gica y gesti\u00f3n humana.<\/p>\n\n\n\n<p>Santos Bad\u00eda destac\u00f3 que esta iniciativa reafirma el compromiso del INFOTEP con el fortalecimiento institucional del Estado, mediante una formaci\u00f3n t\u00e9cnico-profesional pertinente y alineada con las necesidades actuales de la gesti\u00f3n p\u00fablica.<\/p>\n\n\n\n<p>Durante los a\u00f1os 2024 y 2025, m\u00e1s de 500 servidores de la DGM han sido beneficiados con programas de capacitaci\u00f3n en \u00e1reas como atenci\u00f3n al usuario, liderazgo, oratoria, herramientas ofim\u00e1ticas, protocolo y trabajo en equipo, como resultado de la cooperaci\u00f3n entre ambas instituciones.<\/p>\n\n\n\n<p>Por su parte, el vicealmirante Lee Ballester valor\u00f3 la renovaci\u00f3n del acuerdo como un apoyo clave al proceso de fortalecimiento y expansi\u00f3n de la DGM, subrayando que la capacitaci\u00f3n continua del personal es un eje estrat\u00e9gico para responder a la creciente demanda de servicios migratorios en aeropuertos, puertos y zonas fronterizas del pa\u00eds.-.<\/p>\n","protected":false},"excerpt":{"rendered":"<p>El Instituto Nacional de Formaci\u00f3n T\u00e9cnico Profesional (INFOTEP) y la Direcci\u00f3n General de Migraci\u00f3n (DGM) renovaron su alianza estrat\u00e9gica para implementar un plan de capacitaci\u00f3n orientado a fortalecer las competencias&hellip; <\/p>\n","protected":false},"author":2,"featured_media":75518,"comment_status":"closed","ping_status":"closed","sticky":false,"template":"","format":"standard","meta":{"fifu_image_url":"https:\/\/elmundodelosnegocios.com.do\/v1\/wp-content\/uploads\/2026\/01\/El-director-general-del-INFOTEP-Rafael-Santos-Badia-y-el-director-general-de-Migracion-vicealmirante-Luis-Rafael-Lee-Ballester-ARD.jpeg","fifu_image_alt":"","footnotes":""},"categories":[151],"tags":[],"class_list":["post-75515","post","type-post","status-publish","format-standard","has-post-thumbnail","hentry","category-gerencia"],"_links":{"self":[{"href":"https:\/\/elmundodelosnegocios.com.do\/v1\/wp-json\/wp\/v2\/posts\/75515","targetHints":{"allow":["GET"]}}],"collection":[{"href":"https:\/\/elmundodelosnegocios.com.do\/v1\/wp-json\/wp\/v2\/posts"}],"about":[{"href":"https:\/\/elmundodelosnegocios.com.do\/v1\/wp-json\/wp\/v2\/types\/post"}],"author":[{"embeddable":true,"href":"https:\/\/elmundodelosnegocios.com.do\/v1\/wp-json\/wp\/v2\/users\/2"}],"replies":[{"embeddable":true,"href":"https:\/\/elmundodelosnegocios.com.do\/v1\/wp-json\/wp\/v2\/comments?post=75515"}],"version-history":[{"count":1,"href":"https:\/\/elmundodelosnegocios.com.do\/v1\/wp-json\/wp\/v2\/posts\/75515\/revisions"}],"predecessor-version":[{"id":75517,"href":"https:\/\/elmundodelosnegocios.com.do\/v1\/wp-json\/wp\/v2\/posts\/75515\/revisions\/75517"}],"wp:featuredmedia":[{"embeddable":true,"href":"https:\/\/elmundodelosnegocios.com.do\/v1\/wp-json\/wp\/v2\/media\/75518"}],"wp:attachment":[{"href":"https:\/\/elmundodelosnegocios.com.do\/v1\/wp-json\/wp\/v2\/media?parent=75515"}],"wp:term":[{"taxonomy":"category","embeddable":true,"href":"https:\/\/elmundodelosnegocios.com.do\/v1\/wp-json\/wp\/v2\/categories?post=75515"},{"taxonomy":"post_tag","embeddable":true,"href":"https:\/\/elmundodelosnegocios.com.do\/v1\/wp-json\/wp\/v2\/tags?post=75515"}],"curies":[{"name":"wp","href":"https:\/\/api.w.org\/{rel}","templated":true}]}}