{"id":75530,"date":"2026-01-19T09:30:55","date_gmt":"2026-01-19T14:00:55","guid":{"rendered":"https:\/\/elmundodelosnegocios.com.do\/v1\/?p=75530"},"modified":"2026-01-19T09:30:58","modified_gmt":"2026-01-19T14:00:58","slug":"juramenta-aguilera-a-valdez-nuevo-vicepresidente-ejecutivo-seguros-reservas","status":"publish","type":"post","link":"https:\/\/elmundodelosnegocios.com.do\/v1\/juramenta-aguilera-a-valdez-nuevo-vicepresidente-ejecutivo-seguros-reservas\/","title":{"rendered":"Juramenta Aguilera a Valdez nuevo vicepresidente ejecutivo Seguros Reservas"},"content":{"rendered":"\n<p>El presidente ejecutivo del Banco de Reservas, doctor Leonardo Aguilera, jurament\u00f3 a Luis Valdez Veras como el nuevo vicepresidente ejecutivo de Seguros Reservas, quien se suma a la filial del grupo bancario y de servicios financieros para aportar su experiencia gerencial a la empresa aseguradora.<\/p>\n\n\n<div class=\"wp-block-image\">\n<figure class=\"aligncenter size-large\"><img loading=\"lazy\" decoding=\"async\" width=\"1024\" height=\"681\" src=\"https:\/\/elmundodelosnegocios.com.do\/v1\/wp-content\/uploads\/2026\/01\/1-Juramentacion-Seguros-Reservas-1024x681.jpg\" alt=\"\" class=\"wp-image-75531\" srcset=\"https:\/\/elmundodelosnegocios.com.do\/v1\/wp-content\/uploads\/2026\/01\/1-Juramentacion-Seguros-Reservas-1024x681.jpg 1024w, https:\/\/elmundodelosnegocios.com.do\/v1\/wp-content\/uploads\/2026\/01\/1-Juramentacion-Seguros-Reservas-300x199.jpg 300w, https:\/\/elmundodelosnegocios.com.do\/v1\/wp-content\/uploads\/2026\/01\/1-Juramentacion-Seguros-Reservas-768x511.jpg 768w, https:\/\/elmundodelosnegocios.com.do\/v1\/wp-content\/uploads\/2026\/01\/1-Juramentacion-Seguros-Reservas.jpg 1155w\" sizes=\"auto, (max-width: 1024px) 100vw, 1024px\" \/><\/figure>\n<\/div>\n\n\n<p>Luego de juramentar al nuevo incumbente, Aguilera expres\u00f3 su satisfacci\u00f3n de poner al frente de la entidad Valdez, a quien, dijo, entrega el reto de superar los logros alcanzados por Seguros Reservas.<\/p>\n\n\n\n<p>\u201cLo hemos hecho bien y lo vamos a seguir haciendo mejor con la gesti\u00f3n de Luis, probado en el sector p\u00fablico\u201d, destac\u00f3 el ejecutivo bancario.<\/p>\n\n\n\n<p>Valdez Veras, al asumir la direcci\u00f3n de Seguros Reservas, agradeci\u00f3 el respaldo y confianza en esta tarea, y manifest\u00f3 su compromiso con el cumplimiento de las expectativas, llevando a cabo un trabajo eficiente.<\/p>\n\n\n\n<p>\u201cNosotros lo que sabemos hacer es lo mismo que ustedes, trabajar\u201d, dijo Valdez luego de juramentarse en una ceremonia en la sede principal de la empresa, en presencia de ejecutivos de Banreservas, de Seguros Reservas y del anterior incumbente, Nelson Arroyo.<\/p>\n\n\n\n<p><strong>Sobre Luis Valdez<\/strong><\/p>\n\n\n\n<p>El nuevo incumbente es licenciado en Derecho y posee especializaci\u00f3n en Derecho Tributario y Procesal Tributario, con a\u00f1os de experiencia en el sector p\u00fablico. Actualmente cursa un Doctorado en Derecho y Sociedad en la Universidad a Distancia de Madrid (UDIMA), Espa\u00f1a.<\/p>\n\n\n\n<p>Valdez se ha desempe\u00f1ado en el \u00e1rea como consultor presupuestario en el Ministerio de Econom\u00eda, Planificaci\u00f3n y Desarrollo, adem\u00e1s de haber integrado en la Liga Municipal Dominicana la Comisi\u00f3n de Fiscalizaci\u00f3n y Control de los fondos de la Ley 166-03.<\/p>\n\n\n\n<p>En la administraci\u00f3n p\u00fablica dirigi\u00f3 la Direcci\u00f3n General de Impuestos Internos (DGII) desde el 2020 hasta la semana pasada.<\/p>\n\n\n\n<p><strong>Seguros Reservas<\/strong><\/p>\n\n\n\n<p>Esta empresa aseguradora es una subsidiaria del&nbsp;Banco de Reservas. Fue creada en el 2002 y ofrece soluciones financieras integrales a sus clientes, logrando hitos significativos en rentabilidad y expansi\u00f3n. R\u00e1pidamente se consolid\u00f3 en el mercado como una de las entidades m\u00e1s fuertes y de mayor crecimiento del sector.<\/p>\n","protected":false},"excerpt":{"rendered":"<p>El presidente ejecutivo del Banco de Reservas, doctor Leonardo Aguilera, jurament\u00f3 a Luis Valdez Veras como el nuevo vicepresidente ejecutivo de Seguros Reservas, quien se suma a la filial del&hellip; <\/p>\n","protected":false},"author":2,"featured_media":75533,"comment_status":"closed","ping_status":"closed","sticky":false,"template":"","format":"standard","meta":{"fifu_image_url":"https:\/\/elmundodelosnegocios.com.do\/v1\/wp-content\/uploads\/2026\/01\/1-Juramentacion-Seguros-Reservas.jpg","fifu_image_alt":"","footnotes":""},"categories":[89],"tags":[],"class_list":["post-75530","post","type-post","status-publish","format-standard","has-post-thumbnail","hentry","category-seguros"],"_links":{"self":[{"href":"https:\/\/elmundodelosnegocios.com.do\/v1\/wp-json\/wp\/v2\/posts\/75530","targetHints":{"allow":["GET"]}}],"collection":[{"href":"https:\/\/elmundodelosnegocios.com.do\/v1\/wp-json\/wp\/v2\/posts"}],"about":[{"href":"https:\/\/elmundodelosnegocios.com.do\/v1\/wp-json\/wp\/v2\/types\/post"}],"author":[{"embeddable":true,"href":"https:\/\/elmundodelosnegocios.com.do\/v1\/wp-json\/wp\/v2\/users\/2"}],"replies":[{"embeddable":true,"href":"https:\/\/elmundodelosnegocios.com.do\/v1\/wp-json\/wp\/v2\/comments?post=75530"}],"version-history":[{"count":1,"href":"https:\/\/elmundodelosnegocios.com.do\/v1\/wp-json\/wp\/v2\/posts\/75530\/revisions"}],"predecessor-version":[{"id":75532,"href":"https:\/\/elmundodelosnegocios.com.do\/v1\/wp-json\/wp\/v2\/posts\/75530\/revisions\/75532"}],"wp:featuredmedia":[{"embeddable":true,"href":"https:\/\/elmundodelosnegocios.com.do\/v1\/wp-json\/wp\/v2\/media\/75533"}],"wp:attachment":[{"href":"https:\/\/elmundodelosnegocios.com.do\/v1\/wp-json\/wp\/v2\/media?parent=75530"}],"wp:term":[{"taxonomy":"category","embeddable":true,"href":"https:\/\/elmundodelosnegocios.com.do\/v1\/wp-json\/wp\/v2\/categories?post=75530"},{"taxonomy":"post_tag","embeddable":true,"href":"https:\/\/elmundodelosnegocios.com.do\/v1\/wp-json\/wp\/v2\/tags?post=75530"}],"curies":[{"name":"wp","href":"https:\/\/api.w.org\/{rel}","templated":true}]}}