{"id":75641,"date":"2026-01-21T16:15:58","date_gmt":"2026-01-21T20:45:58","guid":{"rendered":"https:\/\/elmundodelosnegocios.com.do\/v1\/?p=75641"},"modified":"2026-01-21T16:16:00","modified_gmt":"2026-01-21T20:46:00","slug":"representantes-del-banco-mundial-destacan-estabilidad-y-crecimiento-sostenido-de-la-republica-dominicana-tras-visita-al-presidente-abinader","status":"publish","type":"post","link":"https:\/\/elmundodelosnegocios.com.do\/v1\/representantes-del-banco-mundial-destacan-estabilidad-y-crecimiento-sostenido-de-la-republica-dominicana-tras-visita-al-presidente-abinader\/","title":{"rendered":"Representantes del Banco Mundial destacan estabilidad y crecimiento sostenido de la Rep\u00fablica Dominicana tras visita al presidente Abinader"},"content":{"rendered":"\n<p>Santo Domingo.\u2013&nbsp;<strong>El presidente Luis Abinader<\/strong>&nbsp;recibi\u00f3 este martes en el Palacio Nacional a&nbsp;<strong>representantes del Directorio del Banco Mundial&nbsp;<\/strong>tras una visita oficial, quienes resaltaron el&nbsp;<strong>desempe\u00f1o econ\u00f3mico y social<\/strong>&nbsp;de la Rep\u00fablica Dominicana, en un encuentro que marc\u00f3 la&nbsp;<strong>culminaci\u00f3n de una misi\u00f3n t\u00e9cnica<\/strong>&nbsp;realizada al pa\u00eds.<\/p>\n\n\n<div class=\"wp-block-image\">\n<figure data-wp-context=\"{&quot;imageId&quot;:&quot;69ec698861955&quot;}\" data-wp-interactive=\"core\/image\" data-wp-key=\"69ec698861955\" class=\"aligncenter size-large wp-lightbox-container\"><img decoding=\"async\" data-wp-class--hide=\"state.isContentHidden\" data-wp-class--show=\"state.isContentVisible\" data-wp-init=\"callbacks.setButtonStyles\" data-wp-on--click=\"actions.showLightbox\" data-wp-on--load=\"callbacks.setButtonStyles\" data-wp-on-window--resize=\"callbacks.setButtonStyles\" src=\"https:\/\/presidencia.gob.do\/sites\/default\/files\/styles\/large\/public\/news\/2026-01\/1001230815.jpg?itok=sUYg6tL3\" alt=\"\"\/><button\n\t\t\tclass=\"lightbox-trigger\"\n\t\t\ttype=\"button\"\n\t\t\taria-haspopup=\"dialog\"\n\t\t\taria-label=\"Agrandar\"\n\t\t\tdata-wp-init=\"callbacks.initTriggerButton\"\n\t\t\tdata-wp-on--click=\"actions.showLightbox\"\n\t\t\tdata-wp-style--right=\"state.imageButtonRight\"\n\t\t\tdata-wp-style--top=\"state.imageButtonTop\"\n\t\t>\n\t\t\t<svg xmlns=\"http:\/\/www.w3.org\/2000\/svg\" width=\"12\" height=\"12\" fill=\"none\" viewBox=\"0 0 12 12\">\n\t\t\t\t<path fill=\"#fff\" d=\"M2 0a2 2 0 0 0-2 2v2h1.5V2a.5.5 0 0 1 .5-.5h2V0H2Zm2 10.5H2a.5.5 0 0 1-.5-.5V8H0v2a2 2 0 0 0 2 2h2v-1.5ZM8 12v-1.5h2a.5.5 0 0 0 .5-.5V8H12v2a2 2 0 0 1-2 2H8Zm2-12a2 2 0 0 1 2 2v2h-1.5V2a.5.5 0 0 0-.5-.5H8V0h2Z\" \/>\n\t\t\t<\/svg>\n\t\t<\/button><\/figure>\n<\/div>\n\n\n<p>El mandatario estuvo acompa\u00f1ado del ministro de la Presidencia,&nbsp;<strong>Jos\u00e9 Ignacio Paliza.<\/strong><\/p>\n\n\n\n<p>Los representantes del organismo multilateral abordaron temas relacionados con la&nbsp;<strong>agenda de desarrollo&nbsp;<\/strong>del pa\u00eds, as\u00ed como los&nbsp;<strong>programas y proyectos que el Banco Mundial<\/strong>&nbsp;impulsa en \u00e1reas estrat\u00e9gicas para el&nbsp;<strong>crecimiento econ\u00f3mico<\/strong>, la&nbsp;<strong>inclusi\u00f3n social<\/strong>&nbsp;y el&nbsp;<strong>fortalecimiento institucional<\/strong>.<\/p>\n\n\n\n<p><strong>Diana Alarc\u00f3n<\/strong><\/p>\n\n\n\n<p>Al finalizar la reuni\u00f3n,&nbsp;<strong>Diana Alarc\u00f3n<\/strong>, representante del Directorio del Banco Mundial, explic\u00f3 que&nbsp;<strong>la delegaci\u00f3n<\/strong>&nbsp;\u2014que representa a cerca de&nbsp;<strong>una tercera parte de los pa\u00edses miembros&nbsp;<\/strong>de la instituci\u00f3n\u2014 recorri\u00f3 distintos proyectos financiados y apoyados por el Banco Mundial, con el objetivo de evaluar su&nbsp;<strong>funcionamiento y resultados.<\/strong><\/p>\n\n\n<div class=\"wp-block-image\">\n<figure data-wp-context=\"{&quot;imageId&quot;:&quot;69ec698861d02&quot;}\" data-wp-interactive=\"core\/image\" data-wp-key=\"69ec698861d02\" class=\"aligncenter wp-lightbox-container\"><img decoding=\"async\" data-wp-class--hide=\"state.isContentHidden\" data-wp-class--show=\"state.isContentVisible\" data-wp-init=\"callbacks.setButtonStyles\" data-wp-on--click=\"actions.showLightbox\" data-wp-on--load=\"callbacks.setButtonStyles\" data-wp-on-window--resize=\"callbacks.setButtonStyles\" src=\"https:\/\/presidencia.gob.do\/sites\/default\/files\/inline-images\/1001230814.jpg\" alt=\"\"\/><button\n\t\t\tclass=\"lightbox-trigger\"\n\t\t\ttype=\"button\"\n\t\t\taria-haspopup=\"dialog\"\n\t\t\taria-label=\"Agrandar\"\n\t\t\tdata-wp-init=\"callbacks.initTriggerButton\"\n\t\t\tdata-wp-on--click=\"actions.showLightbox\"\n\t\t\tdata-wp-style--right=\"state.imageButtonRight\"\n\t\t\tdata-wp-style--top=\"state.imageButtonTop\"\n\t\t>\n\t\t\t<svg xmlns=\"http:\/\/www.w3.org\/2000\/svg\" width=\"12\" height=\"12\" fill=\"none\" viewBox=\"0 0 12 12\">\n\t\t\t\t<path fill=\"#fff\" d=\"M2 0a2 2 0 0 0-2 2v2h1.5V2a.5.5 0 0 1 .5-.5h2V0H2Zm2 10.5H2a.5.5 0 0 1-.5-.5V8H0v2a2 2 0 0 0 2 2h2v-1.5ZM8 12v-1.5h2a.5.5 0 0 0 .5-.5V8H12v2a2 2 0 0 1-2 2H8Zm2-12a2 2 0 0 1 2 2v2h-1.5V2a.5.5 0 0 0-.5-.5H8V0h2Z\" \/>\n\t\t\t<\/svg>\n\t\t<\/button><\/figure>\n<\/div>\n\n\n<p>Alarc\u00f3n calific\u00f3 como \u201cmuy impresionante\u201d el trabajo realizado por el Gobierno dominicano para mantener la estabilidad macroecon\u00f3mica y pol\u00edtica, al tiempo que destac\u00f3 los&nbsp;<strong>esfuerzos&nbsp;<\/strong>orientados a sostener el<strong>&nbsp;crecimiento econ\u00f3mico<\/strong>&nbsp;con&nbsp;<strong>reducci\u00f3n de la pobreza y aumento de los salarios<\/strong>.<\/p>\n\n\n\n<p>Se\u00f1al\u00f3, adem\u00e1s, que existen importantes&nbsp;<strong>oportunidades<\/strong>&nbsp;para continuar fortaleciendo la&nbsp;<strong>cooperaci\u00f3n<\/strong>&nbsp;del Banco Mundial con el pa\u00eds, tanto en programas sociales como en el apoyo a las&nbsp;<strong>peque\u00f1as y medianas empresas y al sector privado<\/strong>, especialmente en \u00e1reas como&nbsp;<strong>turismo, energ\u00eda y banca comercial.<\/strong><\/p>\n\n\n\n<p><strong>Marcos Chiliatto<\/strong><\/p>\n\n\n\n<p>De su lado, Marcos Chiliatto, tambi\u00e9n representante del Directorio del Banco Mundial, subray\u00f3 que la Rep\u00fablica Dominicana ha logrado mantener un&nbsp;<strong>nivel de crecimiento superior al 5 % durante los \u00faltimos 30 a\u00f1os<\/strong>, una haza\u00f1a que, asegur\u00f3, han alcanzado&nbsp;<strong>muy pocos pa\u00edses<\/strong>&nbsp;a nivel mundial. Indic\u00f3 que este crecimiento ha sido clave para la reducci\u00f3n de la pobreza.<\/p>\n\n\n\n<p>Chiliatto valor\u00f3 igualmente los&nbsp;<strong>avances del pa\u00eds en indicadores sociales<\/strong>, como la&nbsp;<strong>reducci\u00f3n del hambre<\/strong>&nbsp;a niveles m\u00ednimos hist\u00f3ricos, en coordinaci\u00f3n con organismos como la&nbsp;<strong>FAO<\/strong>, y el fortalecimiento de&nbsp;<strong>pol\u00edticas de empleo y capacitaci\u00f3n labora<\/strong>l, incluyendo programas apoyados por el Banco Mundial como&nbsp;<strong>S\u00faperate<\/strong>.<\/p>\n\n\n\n<p>A\u00f1adi\u00f3 que los&nbsp;<strong>principales retos<\/strong>&nbsp;hacia adelante est\u00e1n vinculados al&nbsp;<strong>aumento de la productividad<\/strong>, mediante mejoras en infraestructura, educaci\u00f3n, energ\u00eda, puertos y sistemas de comunicaci\u00f3n, para recuperar las tasas hist\u00f3ricas de crecimiento de entre 4 % y 5 %, consideradas referentes en la regi\u00f3n.<\/p>\n\n\n<div class=\"wp-block-image\">\n<figure data-wp-context=\"{&quot;imageId&quot;:&quot;69ec698861fd2&quot;}\" data-wp-interactive=\"core\/image\" data-wp-key=\"69ec698861fd2\" class=\"aligncenter wp-lightbox-container\"><img decoding=\"async\" data-wp-class--hide=\"state.isContentHidden\" data-wp-class--show=\"state.isContentVisible\" data-wp-init=\"callbacks.setButtonStyles\" data-wp-on--click=\"actions.showLightbox\" data-wp-on--load=\"callbacks.setButtonStyles\" data-wp-on-window--resize=\"callbacks.setButtonStyles\" src=\"https:\/\/presidencia.gob.do\/sites\/default\/files\/inline-images\/1001230632.jpg\" alt=\"\"\/><button\n\t\t\tclass=\"lightbox-trigger\"\n\t\t\ttype=\"button\"\n\t\t\taria-haspopup=\"dialog\"\n\t\t\taria-label=\"Agrandar\"\n\t\t\tdata-wp-init=\"callbacks.initTriggerButton\"\n\t\t\tdata-wp-on--click=\"actions.showLightbox\"\n\t\t\tdata-wp-style--right=\"state.imageButtonRight\"\n\t\t\tdata-wp-style--top=\"state.imageButtonTop\"\n\t\t>\n\t\t\t<svg xmlns=\"http:\/\/www.w3.org\/2000\/svg\" width=\"12\" height=\"12\" fill=\"none\" viewBox=\"0 0 12 12\">\n\t\t\t\t<path fill=\"#fff\" d=\"M2 0a2 2 0 0 0-2 2v2h1.5V2a.5.5 0 0 1 .5-.5h2V0H2Zm2 10.5H2a.5.5 0 0 1-.5-.5V8H0v2a2 2 0 0 0 2 2h2v-1.5ZM8 12v-1.5h2a.5.5 0 0 0 .5-.5V8H12v2a2 2 0 0 1-2 2H8Zm2-12a2 2 0 0 1 2 2v2h-1.5V2a.5.5 0 0 0-.5-.5H8V0h2Z\" \/>\n\t\t\t<\/svg>\n\t\t<\/button><\/figure>\n<\/div>\n\n\n<p><strong>Delegaci\u00f3n<\/strong><\/p>\n\n\n\n<p>La delegaci\u00f3n del Banco Mundial estuvo encabezada por&nbsp;<strong>Abdelhak Bedjaoui<\/strong>, director ejecutivo, junto con&nbsp;<strong>Naoya Jinda<\/strong>, directora ejecutiva para Jap\u00f3n, y&nbsp;<strong>Sigrun Rawet<\/strong>, directora ejecutiva. Asimismo, participaron&nbsp;<strong>Paul Bonmartin y Lonkhululeko Magagula<\/strong>, directores ejecutivos suplentes.<\/p>\n\n\n\n<p>Tambi\u00e9n formaron parte de la reuni\u00f3n&nbsp;<strong>Julio D\u00eda<\/strong>z, asesor del director ejecutivo por la Rep\u00fablica Dominicana;&nbsp;<strong>Elizabeth Ann Marcano<\/strong>, directora de Divisi\u00f3n de la Corporaci\u00f3n Financiera Internacional (IFC);&nbsp;<strong>Ronke Ogunsulire<\/strong>, gerente nacional de IFC; y&nbsp;<strong>Carolina Rend\u00f3n<\/strong>, representante residente del Banco Mundial en el pa\u00eds. La delegaci\u00f3n estuvo acompa\u00f1ada adem\u00e1s por la se\u00f1ora&nbsp;<strong>Mar\u00eda Hermann<\/strong>.<\/p>\n\n\n\n<p>Este encuentro reafirma el compromiso del Gobierno dominicano de mantener una&nbsp;<strong>relaci\u00f3n de cooperaci\u00f3n activa con los organismos financieros internacionales<\/strong>, orientada a impulsar pol\u00edticas p\u00fablicas y proyectos que contribuyan al&nbsp;<strong>desarrollo sostenible<\/strong>&nbsp;y al&nbsp;<strong>bienestar<\/strong>&nbsp;de la poblaci\u00f3n.<\/p>\n","protected":false},"excerpt":{"rendered":"<p>Santo Domingo.\u2013&nbsp;El presidente Luis Abinader&nbsp;recibi\u00f3 este martes en el Palacio Nacional a&nbsp;representantes del Directorio del Banco Mundial&nbsp;tras una visita oficial, quienes resaltaron el&nbsp;desempe\u00f1o econ\u00f3mico y social&nbsp;de la Rep\u00fablica Dominicana, en&hellip; <\/p>\n","protected":false},"author":2,"featured_media":75643,"comment_status":"closed","ping_status":"closed","sticky":false,"template":"","format":"standard","meta":{"fifu_image_url":"https:\/\/presidencia.gob.do\/sites\/default\/files\/styles\/large\/public\/news\/2026-01\/1001230815.jpg?itok=sUYg6tL3","fifu_image_alt":"","footnotes":""},"categories":[62],"tags":[],"class_list":["post-75641","post","type-post","status-publish","format-standard","has-post-thumbnail","hentry","category-economia"],"_links":{"self":[{"href":"https:\/\/elmundodelosnegocios.com.do\/v1\/wp-json\/wp\/v2\/posts\/75641","targetHints":{"allow":["GET"]}}],"collection":[{"href":"https:\/\/elmundodelosnegocios.com.do\/v1\/wp-json\/wp\/v2\/posts"}],"about":[{"href":"https:\/\/elmundodelosnegocios.com.do\/v1\/wp-json\/wp\/v2\/types\/post"}],"author":[{"embeddable":true,"href":"https:\/\/elmundodelosnegocios.com.do\/v1\/wp-json\/wp\/v2\/users\/2"}],"replies":[{"embeddable":true,"href":"https:\/\/elmundodelosnegocios.com.do\/v1\/wp-json\/wp\/v2\/comments?post=75641"}],"version-history":[{"count":1,"href":"https:\/\/elmundodelosnegocios.com.do\/v1\/wp-json\/wp\/v2\/posts\/75641\/revisions"}],"predecessor-version":[{"id":75642,"href":"https:\/\/elmundodelosnegocios.com.do\/v1\/wp-json\/wp\/v2\/posts\/75641\/revisions\/75642"}],"wp:featuredmedia":[{"embeddable":true,"href":"https:\/\/elmundodelosnegocios.com.do\/v1\/wp-json\/wp\/v2\/media\/75643"}],"wp:attachment":[{"href":"https:\/\/elmundodelosnegocios.com.do\/v1\/wp-json\/wp\/v2\/media?parent=75641"}],"wp:term":[{"taxonomy":"category","embeddable":true,"href":"https:\/\/elmundodelosnegocios.com.do\/v1\/wp-json\/wp\/v2\/categories?post=75641"},{"taxonomy":"post_tag","embeddable":true,"href":"https:\/\/elmundodelosnegocios.com.do\/v1\/wp-json\/wp\/v2\/tags?post=75641"}],"curies":[{"name":"wp","href":"https:\/\/api.w.org\/{rel}","templated":true}]}}