{"id":75656,"date":"2026-01-22T13:04:48","date_gmt":"2026-01-22T17:34:48","guid":{"rendered":"https:\/\/elmundodelosnegocios.com.do\/v1\/?p=75656"},"modified":"2026-01-22T13:04:51","modified_gmt":"2026-01-22T17:34:51","slug":"resalta-ministro-cruz-liderazgo-abinader-unidad-prm-y-agenda-nacional-inversiones-deportivas","status":"publish","type":"post","link":"https:\/\/elmundodelosnegocios.com.do\/v1\/resalta-ministro-cruz-liderazgo-abinader-unidad-prm-y-agenda-nacional-inversiones-deportivas\/","title":{"rendered":"Resalta ministro Cruz liderazgo Abinader, unidad PRM y agenda nacional inversiones deportivas"},"content":{"rendered":"\n<p><strong>Santo Domingo. &#8211;<\/strong>&nbsp;El ministro de Deportes, Kelvin Cruz, afirm\u00f3 que la unidad interna del Partido Revolucionario Moderno (PRM), el respaldo al liderazgo del presidente Luis Abinader y una gesti\u00f3n transparente de los recursos p\u00fablicos son factores clave para la estabilidad pol\u00edtica y el desarrollo del pa\u00eds.<br>Cruz tambi\u00e9n destac\u00f3 una agenda nacional de grandes inversiones deportivas financiadas con fondos recuperados de la corrupci\u00f3n.<br>Las declaraciones fueron ofrecidas durante una entrevista realizada por el periodista Julio Mart\u00ednez Pozo en el programa Toque Final por Antena 7, donde abord\u00f3 temas de actualidad, incluyendo la gesti\u00f3n gubernamental, la situaci\u00f3n pol\u00edtica, el caso Seguro Nacional de Salud (SeNaSa) y el escenario interno del PRM.<\/p>\n\n\n<div class=\"wp-block-image\">\n<figure class=\"aligncenter size-large\"><img loading=\"lazy\" decoding=\"async\" width=\"1024\" height=\"570\" src=\"https:\/\/elmundodelosnegocios.com.do\/v1\/wp-content\/uploads\/2026\/01\/Kelvin-Cruz-ministro-de-Deportes-en-el-programa-Toque-Final-con-Julio-Martinez-Pozo-1-1024x570.jpeg\" alt=\"\" class=\"wp-image-75657\" srcset=\"https:\/\/elmundodelosnegocios.com.do\/v1\/wp-content\/uploads\/2026\/01\/Kelvin-Cruz-ministro-de-Deportes-en-el-programa-Toque-Final-con-Julio-Martinez-Pozo-1-1024x570.jpeg 1024w, https:\/\/elmundodelosnegocios.com.do\/v1\/wp-content\/uploads\/2026\/01\/Kelvin-Cruz-ministro-de-Deportes-en-el-programa-Toque-Final-con-Julio-Martinez-Pozo-1-300x167.jpeg 300w, https:\/\/elmundodelosnegocios.com.do\/v1\/wp-content\/uploads\/2026\/01\/Kelvin-Cruz-ministro-de-Deportes-en-el-programa-Toque-Final-con-Julio-Martinez-Pozo-1-768x427.jpeg 768w, https:\/\/elmundodelosnegocios.com.do\/v1\/wp-content\/uploads\/2026\/01\/Kelvin-Cruz-ministro-de-Deportes-en-el-programa-Toque-Final-con-Julio-Martinez-Pozo-1-1536x855.jpeg 1536w, https:\/\/elmundodelosnegocios.com.do\/v1\/wp-content\/uploads\/2026\/01\/Kelvin-Cruz-ministro-de-Deportes-en-el-programa-Toque-Final-con-Julio-Martinez-Pozo-1.jpeg 1572w\" sizes=\"auto, (max-width: 1024px) 100vw, 1024px\" \/><\/figure>\n<\/div>\n\n\n<p><strong>Recuperaci\u00f3n de fondos y obras deportivas<\/strong><br>El ministro de Deportes inform\u00f3 que de los fondos que el Estado dominicano ha recuperado mediante acuerdos judiciales en la lucha contra la corrupci\u00f3n, dos mil millones se destinan directamente a obras deportivas y comunitarias, en coordinaci\u00f3n con la Procuradur\u00eda General de la Rep\u00fablica.<br>Explic\u00f3 que esos recursos permitir\u00e1n la construcci\u00f3n de multiusos deportivos en municipios que carecen de infraestructuras adecuadas y que actualmente, s\u00f3lo 28 municipios cuentan con instalaciones de ese tipo, mientras que cientos no disponen de ninguna.<br>Entre los proyectos se destacan: Intervenci\u00f3n del Estadio de B\u00e9isbol de San Juan, reconstrucci\u00f3n del Centro Ol\u00edmpico de San Pedro de Macor\u00eds remodelaci\u00f3n integral del Centro Ol\u00edmpico de La Vega, con pista de atletismo, arena de baloncesto, piscina ol\u00edmpica e instalaciones para voleibol.<br>Indic\u00f3 que a dichas obras se suman proyectos ejecutados en Montecristi, Hig\u00fcey, La Romana, San Pedro de Macor\u00eds, el Distrito Nacional, y otras provincias, en una agenda deportiva inclusiva e integral, orientada a fortalecer el tejido social y el desarrollo nacional.<\/p>\n\n\n\n<p><strong>Unidad pol\u00edtica y liderazgo<\/strong><br>Por otro lado, Cruz destac\u00f3 la labor del presidente de la C\u00e1mara de Diputados, Alfredo Pacheco, se\u00f1alando que \u201cha realizado un gran trabajo al frente de la C\u00e1mara\u201d. Adem\u00e1s, llam\u00f3 a la clase pol\u00edtica a manejar diferencias con madurez y di\u00e1logo, siguiendo los canales institucionales y evitando confrontaciones p\u00fablicas que afecten la imagen del sistema democr\u00e1tico.<br><strong><br>Caso SeNaSa<\/strong><br>Sobre el caso del Seguro Nacional de Salud (SeNaSa), Cruz reconoci\u00f3 que ha impactado la imagen del Gobierno y del PRM, pero resalt\u00f3 la actitud del presidente Luis Abinader, quien, a su entender, ha dado la cara, permitido que los organismos competentes act\u00faen con independencia y afirmado que \u201cse puede tener amigos, pero no c\u00f3mplices\u201d.<\/p>\n\n\n\n<p><strong>Escenario electoral y precandidatos del PRM<\/strong><br>En cuanto al escenario electoral, dijo que el PRM ronda actualmente un 41 % en las mediciones recientes, tras un a\u00f1o pol\u00edticamente complejo. Cruz subray\u00f3 que la pol\u00edtica es un proceso de largo plazo que exige constancia, correcci\u00f3n de errores y cohesi\u00f3n interna.<br>El ministro enfatiz\u00f3 la importancia de preservar la unidad en torno a una candidatura presidencial, se\u00f1alando que los precandidatos del PRM han mostrado mayor madurez pol\u00edtica y conciencia de que sin entendimiento y unidad el partido no puede mantenerse en el poder.<br>Aunque expres\u00f3 respeto y cercan\u00eda con todos los aspirantes, consider\u00f3 que David Collado re\u00fane las condiciones para ser un relevo excepcional del presidente Abinader, destacando su trayectoria como diputado, alcalde y ministro de Turismo, su reconocimiento internacional y su estilo de liderazgo basado en transparencia, dignidad y respeto institucional, como garant\u00eda de la continuidad de la obra de gobierno m\u00e1s all\u00e1 del 2028.<\/p>\n","protected":false},"excerpt":{"rendered":"<p>Santo Domingo. &#8211;&nbsp;El ministro de Deportes, Kelvin Cruz, afirm\u00f3 que la unidad interna del Partido Revolucionario Moderno (PRM), el respaldo al liderazgo del presidente Luis Abinader y una gesti\u00f3n transparente&hellip; <\/p>\n","protected":false},"author":2,"featured_media":75659,"comment_status":"closed","ping_status":"closed","sticky":false,"template":"","format":"standard","meta":{"fifu_image_url":"https:\/\/elmundodelosnegocios.com.do\/v1\/wp-content\/uploads\/2026\/01\/Kelvin-Cruz-ministro-de-Deportes-en-el-programa-Toque-Final-con-Julio-Martinez-Pozo-1.jpeg","fifu_image_alt":"","footnotes":""},"categories":[231],"tags":[],"class_list":["post-75656","post","type-post","status-publish","format-standard","has-post-thumbnail","hentry","category-politica"],"_links":{"self":[{"href":"https:\/\/elmundodelosnegocios.com.do\/v1\/wp-json\/wp\/v2\/posts\/75656","targetHints":{"allow":["GET"]}}],"collection":[{"href":"https:\/\/elmundodelosnegocios.com.do\/v1\/wp-json\/wp\/v2\/posts"}],"about":[{"href":"https:\/\/elmundodelosnegocios.com.do\/v1\/wp-json\/wp\/v2\/types\/post"}],"author":[{"embeddable":true,"href":"https:\/\/elmundodelosnegocios.com.do\/v1\/wp-json\/wp\/v2\/users\/2"}],"replies":[{"embeddable":true,"href":"https:\/\/elmundodelosnegocios.com.do\/v1\/wp-json\/wp\/v2\/comments?post=75656"}],"version-history":[{"count":1,"href":"https:\/\/elmundodelosnegocios.com.do\/v1\/wp-json\/wp\/v2\/posts\/75656\/revisions"}],"predecessor-version":[{"id":75658,"href":"https:\/\/elmundodelosnegocios.com.do\/v1\/wp-json\/wp\/v2\/posts\/75656\/revisions\/75658"}],"wp:featuredmedia":[{"embeddable":true,"href":"https:\/\/elmundodelosnegocios.com.do\/v1\/wp-json\/wp\/v2\/media\/75659"}],"wp:attachment":[{"href":"https:\/\/elmundodelosnegocios.com.do\/v1\/wp-json\/wp\/v2\/media?parent=75656"}],"wp:term":[{"taxonomy":"category","embeddable":true,"href":"https:\/\/elmundodelosnegocios.com.do\/v1\/wp-json\/wp\/v2\/categories?post=75656"},{"taxonomy":"post_tag","embeddable":true,"href":"https:\/\/elmundodelosnegocios.com.do\/v1\/wp-json\/wp\/v2\/tags?post=75656"}],"curies":[{"name":"wp","href":"https:\/\/api.w.org\/{rel}","templated":true}]}}