{"id":75660,"date":"2026-01-22T15:04:54","date_gmt":"2026-01-22T19:34:54","guid":{"rendered":"https:\/\/elmundodelosnegocios.com.do\/v1\/gobierno-entrega-dos-ambulancias-para-fortalecer-el-acceso-a-la-salud-en-barahona-y-montecristi\/"},"modified":"2026-01-22T15:04:54","modified_gmt":"2026-01-22T19:34:54","slug":"gobierno-entrega-dos-ambulancias-para-fortalecer-el-acceso-a-la-salud-en-barahona-y-montecristi","status":"publish","type":"post","link":"https:\/\/elmundodelosnegocios.com.do\/v1\/gobierno-entrega-dos-ambulancias-para-fortalecer-el-acceso-a-la-salud-en-barahona-y-montecristi\/","title":{"rendered":"Gobierno entrega dos ambulancias para fortalecer el acceso a la salud en Barahona y Montecristi"},"content":{"rendered":"<div>\n<div class=\"pf-content\">\n<div class=\"printfriendly pf-button pf-button-content pf-alignright\">\n                    <a href=\"https:\/\/mem.gob.do\/gobierno-entrega-dos-ambulancias-para-fortalecer-el-acceso-a-la-salud-en-barahona-y-montecristi\/?pfstyle=wp\" rel=\"nofollow\" onclick=\"\" title=\"Printer Friendly, PDF &amp; Email\"><br \/>\n                    <img decoding=\"async\" class=\"pf-button-img\" src=\"https:\/\/cdn.printfriendly.com\/buttons\/printfriendly-pdf-email-button-notext.png\" alt=\"Print Friendly, PDF &amp; Email\" style=\"width: 110px;height: 30px;\"><br \/>\n                    <\/a>\n                <\/div>\n<p><em>El ministro Joel Santos dijo que la destinada a Barahona viene a mejorar el acceso a la salud de los mineros de larimar y la de Montecristi es parte de las soluciones del programa \u201cEl Gobierno en las Provincias\u201d<\/em><\/p>\n<p><span id=\"more-12829\"><\/span><\/p>\n<p><em>El ministro Joel Santos dijo que la destinada a Barahona viene a mejorar el acceso a la salud de los mineros de larimar y la de Montecristi es parte de las soluciones del programa \u201cEl Gobierno en las Provincias\u201d<\/em><\/p>\n<div class=\"wp-block-post-date\"><time datetime=\"2026-01-22T18:46:12.989Z\">22 enero, 2026<\/time><\/div>\n<p><strong>SANTO DOMINGO.<\/strong> El Gobierno dominicano, a trav\u00e9s del Ministerio de Energ\u00eda y Minas, entreg\u00f3 dos ambulancias para las provincias Barahona y Montecristi, como parte del fortalecimiento de los servicios de emergencia extrahospitalaria a nivel nacional y del compromiso del presidente Luis Abinader con la protecci\u00f3n de la vida, dignidad y bienestar de la poblaci\u00f3n.<\/p>\n<p>El ministro de Energ\u00eda y Minas, Joel Santos, explic\u00f3 que las ambulancias fueron facilitadas por Sistema Nacional de Atenci\u00f3n a Emergencias 9-1-1 y la Direcci\u00f3n de Atenci\u00f3n a Emergencias Extrahospitalarias (DAEH), organismos que administran la atenci\u00f3n de las emergencias a nivel nacional.<\/p>\n<div class=\"wp-block-media-text has-media-on-the-right is-stacked-on-mobile\" style=\"grid-template-columns:auto 36%\">\n<div class=\"wp-block-media-text__content\">\n<p>Santos precis\u00f3 que, en el caso de Barahona, la ambulancia forma parte de las acciones orientadas a mejorar las condiciones de salud y seguridad de los residentes del distrito municipal Bahoruco, especialmente en la zona donde se desarrolla la actividad minera del larimar.<\/p>\n<\/div>\n<figure class=\"wp-block-media-text__media\"><img fetchpriority=\"high\" decoding=\"async\" width=\"1024\" height=\"683\" src=\"https:\/\/mem.gob.do\/wp-content\/uploads\/2026\/01\/WhatsApp-Image-2026-01-22-at-2.31.38-PM-1024x683.jpeg\" alt=\"Joel Santos encabeza el acto de entrega de las ambulancias facilitadas por el Sistema 9-1-1 y la DAEH\" class=\"wp-image-12832 size-full\" srcset=\"https:\/\/mem.gob.do\/wp-content\/uploads\/2026\/01\/WhatsApp-Image-2026-01-22-at-2.31.38-PM-1024x683.jpeg 1024w, https:\/\/mem.gob.do\/wp-content\/uploads\/2026\/01\/WhatsApp-Image-2026-01-22-at-2.31.38-PM-300x200.jpeg 300w, https:\/\/mem.gob.do\/wp-content\/uploads\/2026\/01\/WhatsApp-Image-2026-01-22-at-2.31.38-PM-768x512.jpeg 768w, https:\/\/mem.gob.do\/wp-content\/uploads\/2026\/01\/WhatsApp-Image-2026-01-22-at-2.31.38-PM.jpeg 1280w\" sizes=\"(max-width: 1024px) 100vw, 1024px\"><\/figure>\n<\/div>\n<p>Record\u00f3 que esa unidad se suma a otras iniciativas impulsadas en favor de los mineros, como la implementaci\u00f3n de un seguro de vida colectivo, entrega de comedores, programas de capacitaci\u00f3n especializada en gesti\u00f3n de riesgos y rescate, as\u00ed como la readecuaci\u00f3n estructural de la mina.<\/p>\n<p>\u201cEstas ambulancias no son solo veh\u00edculos: son herramientas de esperanza, de respuesta oportuna y de protecci\u00f3n para nuestras familias. Representan un esfuerzo conjunto del Gobierno para llevar soluciones concretas a los territorios y dignificar a quienes impulsan el desarrollo local\u201d, expres\u00f3 el ministro.<\/p>\n<p>Santos a\u00f1adi\u00f3 que la ambulancia de Barahona beneficiar\u00e1 tambi\u00e9n a las comunidades de La Ci\u00e9naga, Juan Esteban, El Arroyo y Las Filipinas e hizo un llamado a la ciudadan\u00eda de ambas provincias a cuidarlas como un patrimonio colectivo al servicio de las emergencias intra y extrahospitalarias.<\/p>\n<p>En cuanto a Montecristi, indic\u00f3 que la entrega responde a los compromisos asumidos en el marco del programa \u201cEl Gobierno en las Provincias\u201d, una iniciativa que durante 2025 acerc\u00f3 las instituciones del Estado a las comunidades para identificar y dar seguimiento a sus principales necesidades.<\/p>\n<div class=\"wp-block-media-text is-stacked-on-mobile\">\n<figure class=\"wp-block-media-text__media\"><img loading=\"lazy\" decoding=\"async\" width=\"1024\" height=\"683\" src=\"https:\/\/mem.gob.do\/wp-content\/uploads\/2026\/01\/WhatsApp-Image-2026-01-22-at-2.42.10-PM-1-1024x683.jpeg\" alt=\"\" class=\"wp-image-12831 size-full\" srcset=\"https:\/\/mem.gob.do\/wp-content\/uploads\/2026\/01\/WhatsApp-Image-2026-01-22-at-2.42.10-PM-1-1024x683.jpeg 1024w, https:\/\/mem.gob.do\/wp-content\/uploads\/2026\/01\/WhatsApp-Image-2026-01-22-at-2.42.10-PM-1-300x200.jpeg 300w, https:\/\/mem.gob.do\/wp-content\/uploads\/2026\/01\/WhatsApp-Image-2026-01-22-at-2.42.10-PM-1-768x512.jpeg 768w, https:\/\/mem.gob.do\/wp-content\/uploads\/2026\/01\/WhatsApp-Image-2026-01-22-at-2.42.10-PM-1.jpeg 1280w\" sizes=\"auto, (max-width: 1024px) 100vw, 1024px\"><\/figure>\n<div class=\"wp-block-media-text__content\">\n<p>Las ambulancias fueron recibidas por la gobernadora de Montecristi, Leissa Cruz y el alcalde del distrito municipal Bahoruco, Francisco G\u00f3mez, quienes agradecieron la articulaci\u00f3n entre el Ministerio de Energ\u00eda y Minas, el 9-1-1 y la DAEH, para garantizar una atenci\u00f3n m\u00e9dica oportuna en sus territorios.<\/p>\n<\/div>\n<\/div>\n<p>Al acto asistieron el director de la DAEH, Juan Manuel M\u00e9ndez; el director ejecutivo del Sistema 9-1-1, Randolfo Rijo; el director de Miner\u00eda, Rolando Mu\u00f1oz, as\u00ed como funcionarios del Ministerio de Energ\u00eda y Minas.<\/p>\n<\/div>\n<p>The post <a href=\"https:\/\/mem.gob.do\/gobierno-entrega-dos-ambulancias-para-fortalecer-el-acceso-a-la-salud-en-barahona-y-montecristi\/\">Gobierno entrega dos ambulancias para fortalecer el acceso a la salud en Barahona y Montecristi<\/a> first appeared on <a href=\"https:\/\/mem.gob.do\/\">Ministerio de Energ\u00eda y Minas<\/a>.<\/p>\n<\/div>\n","protected":false},"excerpt":{"rendered":"<p>El ministro Joel Santos dijo que la destinada a Barahona viene a mejorar el acceso a la salud de los mineros de larimar y la de Montecristi es parte de&hellip; <\/p>\n","protected":false},"author":3,"featured_media":0,"comment_status":"closed","ping_status":"closed","sticky":false,"template":"","format":"standard","meta":{"fifu_image_url":"","fifu_image_alt":"","footnotes":""},"categories":[182],"tags":[],"class_list":["post-75660","post","type-post","status-publish","format-standard","hentry","category-energia"],"_links":{"self":[{"href":"https:\/\/elmundodelosnegocios.com.do\/v1\/wp-json\/wp\/v2\/posts\/75660","targetHints":{"allow":["GET"]}}],"collection":[{"href":"https:\/\/elmundodelosnegocios.com.do\/v1\/wp-json\/wp\/v2\/posts"}],"about":[{"href":"https:\/\/elmundodelosnegocios.com.do\/v1\/wp-json\/wp\/v2\/types\/post"}],"author":[{"embeddable":true,"href":"https:\/\/elmundodelosnegocios.com.do\/v1\/wp-json\/wp\/v2\/users\/3"}],"replies":[{"embeddable":true,"href":"https:\/\/elmundodelosnegocios.com.do\/v1\/wp-json\/wp\/v2\/comments?post=75660"}],"version-history":[{"count":0,"href":"https:\/\/elmundodelosnegocios.com.do\/v1\/wp-json\/wp\/v2\/posts\/75660\/revisions"}],"wp:attachment":[{"href":"https:\/\/elmundodelosnegocios.com.do\/v1\/wp-json\/wp\/v2\/media?parent=75660"}],"wp:term":[{"taxonomy":"category","embeddable":true,"href":"https:\/\/elmundodelosnegocios.com.do\/v1\/wp-json\/wp\/v2\/categories?post=75660"},{"taxonomy":"post_tag","embeddable":true,"href":"https:\/\/elmundodelosnegocios.com.do\/v1\/wp-json\/wp\/v2\/tags?post=75660"}],"curies":[{"name":"wp","href":"https:\/\/api.w.org\/{rel}","templated":true}]}}