{"id":75822,"date":"2026-01-29T16:04:41","date_gmt":"2026-01-29T20:34:41","guid":{"rendered":"https:\/\/elmundodelosnegocios.com.do\/v1\/yayo-proyecta-a-la-republica-dominicana-como-socio-confiable-en-el-comercio-de-america-latina-y-el-caribe\/"},"modified":"2026-01-29T16:04:41","modified_gmt":"2026-01-29T20:34:41","slug":"yayo-proyecta-a-la-republica-dominicana-como-socio-confiable-en-el-comercio-de-america-latina-y-el-caribe","status":"publish","type":"post","link":"https:\/\/elmundodelosnegocios.com.do\/v1\/yayo-proyecta-a-la-republica-dominicana-como-socio-confiable-en-el-comercio-de-america-latina-y-el-caribe\/","title":{"rendered":"Yayo proyecta a la Rep\u00fablica Dominicana como socio confiable en el comercio de Am\u00e9rica Latina y el Caribe"},"content":{"rendered":"<div>\n<p><em>Jueves 29 de Enero, 2026.<\/em><\/p>\n<p><em>Participa en el Foro Econ\u00f3mico Internacional Am\u00e9rica Latina y el Caribe 2026, organizado por el CAF.<\/em><\/p>\n<p class=\"p1\"><strong>Panam\u00e1. \u2013 <\/strong>En el marco de un escenario econ\u00f3mico global redefinido por la reconfiguraci\u00f3n de las cadenas de suministro, el ministro de Industria, Comercio y Mipymes (MICM), Eduardo -Yayo- Sanz Lovat\u00f3n, posicion\u00f3 a la Rep\u00fablica Dominicana como el socio comercial m\u00e1s confiable y estrat\u00e9gico del Caribe, durante su participaci\u00f3n en el Foro Econ\u00f3mico Internacional Am\u00e9rica Latina y el Caribe 2026.<\/p>\n<p class=\"p1\"><img fetchpriority=\"high\" decoding=\"async\" class=\"alignnone wp-image-206879\" src=\"https:\/\/micm.gob.do\/wp-content\/uploads\/2026\/01\/Ministro-Yayo-Sanz-Lovaton-Foro-EIALC-2026-1-300x178.jpeg\" alt=\"Ministro-Yayo-Sanz-Lovaton-Foro-EIALC-2026-1\" width=\"1400\" height=\"831\" srcset=\"https:\/\/micm.gob.do\/wp-content\/uploads\/2026\/01\/Ministro-Yayo-Sanz-Lovaton-Foro-EIALC-2026-1-300x178.jpeg 300w, https:\/\/micm.gob.do\/wp-content\/uploads\/2026\/01\/Ministro-Yayo-Sanz-Lovaton-Foro-EIALC-2026-1-1024x608.jpeg 1024w, https:\/\/micm.gob.do\/wp-content\/uploads\/2026\/01\/Ministro-Yayo-Sanz-Lovaton-Foro-EIALC-2026-1-768x456.jpeg 768w, https:\/\/micm.gob.do\/wp-content\/uploads\/2026\/01\/Ministro-Yayo-Sanz-Lovaton-Foro-EIALC-2026-1.jpeg 1280w\" sizes=\"(max-width: 1400px) 100vw, 1400px\"><\/p>\n<p>Al intervenir en la mesa t\u00e9cnica de alto nivel \u201cComercio en un mundo fragmentado: oportunidades para Am\u00e9rica Latina y el Caribe\u201d, organizada por el Banco de Desarrollo de Am\u00e9rica Latina y el Caribe (CAF), el funcionario destac\u00f3 que la respuesta dominicana ante la incertidumbre global ha sido una pol\u00edtica de Estado clara: institucionalidad, apertura comercial y modernizaci\u00f3n industrial.<\/p>\n<p>\u201cEn un mundo fragmentado, el capital no solo busca rentabilidad, busca refugio y aliados con valores compartidos. Bajo la visi\u00f3n del presidente Luis Abinader, Rep\u00fablica Dominicana ha pasado de ser un destino de inversi\u00f3n a convertirse en un Hub Log\u00edstico de clase mundial y una plataforma segura para el nearshoring y el friend-shoring\u201d, afirm\u00f3 Sanz Lovat\u00f3n ante l\u00edderes globales.<\/p>\n<p>\u201cNo estamos hablando solo de ensamblaje; estamos hablando de integrar a la Rep\u00fablica Dominicana en las cadenas de valor m\u00e1s sofisticadas del planeta, como la de los dispositivos m\u00e9dicos y los semiconductores. Esto es sin\u00f3nimo de empleos de mayor calidad y transferencia tecnol\u00f3gica\u201d, enfatiz\u00f3.<\/p>\n<p><img loading=\"lazy\" decoding=\"async\" class=\"alignnone wp-image-206880\" src=\"https:\/\/micm.gob.do\/wp-content\/uploads\/2026\/01\/Ministro-Yayo-Sanz-Lovaton-Foro-EIALC-3-300x200.jpeg\" alt=\"Ministro-Yayo-Sanz-Lovaton-Foro-EIALC-3\" width=\"1400\" height=\"934\" srcset=\"https:\/\/micm.gob.do\/wp-content\/uploads\/2026\/01\/Ministro-Yayo-Sanz-Lovaton-Foro-EIALC-3-300x200.jpeg 300w, https:\/\/micm.gob.do\/wp-content\/uploads\/2026\/01\/Ministro-Yayo-Sanz-Lovaton-Foro-EIALC-3-1024x683.jpeg 1024w, https:\/\/micm.gob.do\/wp-content\/uploads\/2026\/01\/Ministro-Yayo-Sanz-Lovaton-Foro-EIALC-3-768x512.jpeg 768w, https:\/\/micm.gob.do\/wp-content\/uploads\/2026\/01\/Ministro-Yayo-Sanz-Lovaton-Foro-EIALC-3.jpeg 1280w\" sizes=\"auto, (max-width: 1400px) 100vw, 1400px\"><\/p>\n<p>Sanz Lovat\u00f3n comparti\u00f3 el panel con figuras clave del comercio mundial, lo que reafirma el peso espec\u00edfico del pa\u00eds en la discusi\u00f3n regional. Entre los panelistas estuvieron Antoni Estevadeordal, del Georgetown Americas Institute; Luz Mar\u00eda de la Mora (UNCTAD); Elvire Fabry, del Instituto Jacques Delors de Par\u00eds; y Fukunari Kimura, de IDE-JETRO.<\/p>\n<p><img loading=\"lazy\" decoding=\"async\" class=\"alignnone wp-image-206881\" src=\"https:\/\/micm.gob.do\/wp-content\/uploads\/2026\/01\/Ministro-Yayo-Sanz-Lovaton-Foro-EIALC-2-300x200.jpeg\" alt=\"Ministro-Yayo-Sanz-Lovaton-Foro-EIALC-2\" width=\"1400\" height=\"934\" srcset=\"https:\/\/micm.gob.do\/wp-content\/uploads\/2026\/01\/Ministro-Yayo-Sanz-Lovaton-Foro-EIALC-2-300x200.jpeg 300w, https:\/\/micm.gob.do\/wp-content\/uploads\/2026\/01\/Ministro-Yayo-Sanz-Lovaton-Foro-EIALC-2-1024x683.jpeg 1024w, https:\/\/micm.gob.do\/wp-content\/uploads\/2026\/01\/Ministro-Yayo-Sanz-Lovaton-Foro-EIALC-2-768x512.jpeg 768w, https:\/\/micm.gob.do\/wp-content\/uploads\/2026\/01\/Ministro-Yayo-Sanz-Lovaton-Foro-EIALC-2.jpeg 1280w\" sizes=\"auto, (max-width: 1400px) 100vw, 1400px\"><\/p>\n<p>El ministro concluy\u00f3 se\u00f1alando que la participaci\u00f3n del pa\u00eds en estos foros no es protocolar, sino estrat\u00e9gica: \u201cEstamos aqu\u00ed para proyectar a una Rep\u00fablica Dominicana que ya no es espectadora, sino protagonista de las soluciones que la regi\u00f3n necesita para crecer\u201d.<\/p>\n<p><strong>Sobre el Foro CAF 2026<\/strong><\/p>\n<p>El evento que se celebr\u00f3 del 28 al 29 de enero reuni\u00f3 a jefes de Estado, ministros y l\u00edderes empresariales para debatir los desaf\u00edos de la regi\u00f3n, buscando construir soluciones de competitividad e inclusi\u00f3n. El CAF, conformado por 24 pa\u00edses y bancos privados, act\u00faa como un catalizador del desarrollo sostenible y la integraci\u00f3n regional.<\/p>\n<p class=\"p1\"><strong style=\"font-size: 16px;\">Fuente:<\/strong><span style=\"font-size: 16px;\"> Direcci\u00f3n de Comunicaciones<\/span><\/p>\n<p>The post <a href=\"https:\/\/micm.gob.do\/yayo-proyecta-a-la-republica-dominicana-como-socio-confiable-en-el-comercio-de-america-latina-y-el-caribe\/\">Yayo proyecta a la Rep\u00fablica Dominicana como socio confiable en el comercio de Am\u00e9rica Latina y el Caribe<\/a> appeared first on <a href=\"https:\/\/micm.gob.do\/\">MICM<\/a>.<\/p>\n<\/div>\n","protected":false},"excerpt":{"rendered":"<p>Jueves 29 de Enero, 2026. Participa en el Foro Econ\u00f3mico Internacional Am\u00e9rica Latina y el Caribe 2026, organizado por el CAF. Panam\u00e1. \u2013 En el marco de un escenario econ\u00f3mico&hellip; <\/p>\n","protected":false},"author":2,"featured_media":75823,"comment_status":"closed","ping_status":"closed","sticky":false,"template":"","format":"standard","meta":{"fifu_image_url":"","fifu_image_alt":"","footnotes":""},"categories":[147],"tags":[],"class_list":["post-75822","post","type-post","status-publish","format-standard","has-post-thumbnail","hentry","category-comercio"],"_links":{"self":[{"href":"https:\/\/elmundodelosnegocios.com.do\/v1\/wp-json\/wp\/v2\/posts\/75822","targetHints":{"allow":["GET"]}}],"collection":[{"href":"https:\/\/elmundodelosnegocios.com.do\/v1\/wp-json\/wp\/v2\/posts"}],"about":[{"href":"https:\/\/elmundodelosnegocios.com.do\/v1\/wp-json\/wp\/v2\/types\/post"}],"author":[{"embeddable":true,"href":"https:\/\/elmundodelosnegocios.com.do\/v1\/wp-json\/wp\/v2\/users\/2"}],"replies":[{"embeddable":true,"href":"https:\/\/elmundodelosnegocios.com.do\/v1\/wp-json\/wp\/v2\/comments?post=75822"}],"version-history":[{"count":0,"href":"https:\/\/elmundodelosnegocios.com.do\/v1\/wp-json\/wp\/v2\/posts\/75822\/revisions"}],"wp:featuredmedia":[{"embeddable":true,"href":"https:\/\/elmundodelosnegocios.com.do\/v1\/wp-json\/wp\/v2\/media\/75823"}],"wp:attachment":[{"href":"https:\/\/elmundodelosnegocios.com.do\/v1\/wp-json\/wp\/v2\/media?parent=75822"}],"wp:term":[{"taxonomy":"category","embeddable":true,"href":"https:\/\/elmundodelosnegocios.com.do\/v1\/wp-json\/wp\/v2\/categories?post=75822"},{"taxonomy":"post_tag","embeddable":true,"href":"https:\/\/elmundodelosnegocios.com.do\/v1\/wp-json\/wp\/v2\/tags?post=75822"}],"curies":[{"name":"wp","href":"https:\/\/api.w.org\/{rel}","templated":true}]}}