{"id":75899,"date":"2026-02-02T11:40:48","date_gmt":"2026-02-02T16:10:48","guid":{"rendered":"https:\/\/elmundodelosnegocios.com.do\/v1\/?p=75899"},"modified":"2026-02-02T11:40:51","modified_gmt":"2026-02-02T16:10:51","slug":"san-valentin-2026-exte-propone-claves-contextuales-para-conectar-con-audiencias-cada-vez-mas-selectivas","status":"publish","type":"post","link":"https:\/\/elmundodelosnegocios.com.do\/v1\/san-valentin-2026-exte-propone-claves-contextuales-para-conectar-con-audiencias-cada-vez-mas-selectivas\/","title":{"rendered":"San valent\u00edn 2026: EXTE propone claves contextuales para conectar con audiencias cada vez m\u00e1s selectivas"},"content":{"rendered":"\n<ul class=\"wp-block-list\">\n<li><strong>En 2026, se prev\u00e9 que el 60 % de las ventas vinculadas a la fecha se realicen online, con un gasto promedio estimado de 55 USD por persona<\/strong><\/li>\n\n\n\n<li><strong>Tecnolog\u00eda contextual avanzada, formatos digitales premium y creatividad integrada para acompa\u00f1ar a las marcas a lo largo de todo el recorrido de compra<\/strong><\/li>\n<\/ul>\n\n\n\n<p><em>LatAm,&nbsp;<\/em><em>2<\/em><em>&nbsp;de febrero de 2026.\u2013<\/em>&nbsp;EXTE, la compa\u00f1\u00eda AdTech que integra tecnolog\u00eda, creatividad y medios, presenta una gu\u00eda de insights y soluciones con tecnolog\u00eda contextual avanzada y formatos digitales premium pensadas para San Valent\u00edn 2026. El objetivo es acompa\u00f1ar a las marcas en una de las fechas m\u00e1s relevantes del calendario comercial, ayud\u00e1ndolas a conectar con las audiencias desde la relevancia, el contexto y el momento oportuno.<\/p>\n\n\n<div class=\"wp-block-image\">\n<figure class=\"aligncenter size-large\"><img loading=\"lazy\" decoding=\"async\" width=\"1024\" height=\"666\" src=\"https:\/\/elmundodelosnegocios.com.do\/v1\/wp-content\/uploads\/2026\/02\/1180x768_SanValentin_3-1024x666.jpg\" alt=\"\" class=\"wp-image-75900\" srcset=\"https:\/\/elmundodelosnegocios.com.do\/v1\/wp-content\/uploads\/2026\/02\/1180x768_SanValentin_3-1024x666.jpg 1024w, https:\/\/elmundodelosnegocios.com.do\/v1\/wp-content\/uploads\/2026\/02\/1180x768_SanValentin_3-300x195.jpg 300w, https:\/\/elmundodelosnegocios.com.do\/v1\/wp-content\/uploads\/2026\/02\/1180x768_SanValentin_3-768x500.jpg 768w, https:\/\/elmundodelosnegocios.com.do\/v1\/wp-content\/uploads\/2026\/02\/1180x768_SanValentin_3.jpg 1180w\" sizes=\"auto, (max-width: 1024px) 100vw, 1024px\" \/><\/figure>\n<\/div>\n\n\n<p>En Am\u00e9rica Latina, San Valent\u00edn se ha&nbsp;consolidado&nbsp;como una oportunidad clave para el consumo, con una evoluci\u00f3n que ampl\u00eda el concepto tradicional de celebraci\u00f3n rom\u00e1ntica hacia un territorio m\u00e1s diverso, que incluye la amistad, el autocuidado y las experiencias compartidas. Esta expansi\u00f3n emocional habilita m\u00faltiples puntos de contacto entre las marcas y los consumidores, en un escenario donde captar la atenci\u00f3n ya no depende solo del mensaje, sino del entorno en el que ese mensaje aparece.<\/p>\n\n\n\n<p>De cara a 2026, se estima que el 60 % de las ventas asociadas a la fecha se concreten a trav\u00e9s de canales online, con un gasto promedio de 55 USD por persona. El grupo etario de entre 25 y 40 a\u00f1os se mantiene como el segmento con mayor nivel de consumo, consolid\u00e1ndose como el principal impulsor de la demanda durante esta temporada.<\/p>\n\n\n\n<p>En este contexto, la publicidad contextual adquiere un rol estrat\u00e9gico. A trav\u00e9s de su plataforma de Targeting Intelligence, EXTE ai, la compa\u00f1\u00eda permite a las marcas posicionarse junto a contenidos altamente relevantes, acompa\u00f1ando a los consumidores en las distintas etapas del&nbsp;<em>journey<\/em>, desde la inspiraci\u00f3n hasta la conversi\u00f3n. La estrategia se apoya en la creaci\u00f3n de territorios contextuales alineados con los principales intereses asociados a la fecha, como regalos, experiencias, tecnolog\u00eda, bienestar, personalizaci\u00f3n y conveniencia.<\/p>\n\n\n\n<p>La propuesta se completa con el uso de formatos digitales premium y soluciones creativas desarrolladas por EXTE Studio, que permiten destacar los mensajes en entornos de alta calidad editorial. La combinaci\u00f3n entre creatividad, datos y tecnolog\u00eda contextual avanzada busca generar experiencias publicitarias m\u00e1s naturales, mejor integradas al consumo de contenidos y mejor valoradas por las audiencias.<\/p>\n\n\n\n<p>\u201c<em>San Valent\u00edn es una fecha clave, pero tambi\u00e9n un desaf\u00edo para las marcas en un contexto de alta competencia por la atenci\u00f3n. El diferencial est\u00e1 en entender cu\u00e1ndo y d\u00f3nde comunicar para que cada mensaje resulte relevante y genere impacto real<\/em>\u201d, comenta&nbsp;Rossana Peragallo,&nbsp;Country Manager Chile&nbsp;de EXTE.<\/p>\n\n\n\n<p><em>\u201cCon una mirada puesta en la efectividad y en la construcci\u00f3n de v\u00ednculos significativos entre marcas y personas, desde EXTE proponemos transformar San Valent\u00edn 2026 en una oportunidad para generar conexi\u00f3n, diferenciaci\u00f3n y resultados en un ecosistema digital cada vez m\u00e1s exigente<\/em>\u201d,&nbsp;concluye Irmgard Alcal\u00e1, Country Manager M\u00e9xico de EXTE.&nbsp;<\/p>\n\n\n\n<p>\/\/<\/p>\n\n\n\n<p><strong>SOBRE EXTE<\/strong><\/p>\n\n\n\n<p>EXTE, la compa\u00f1\u00eda AdTech, es un punto de encuentro entre tecnolog\u00eda, creatividad y medios. Con sus soluciones ayuda a anunciantes y publishers a identificar y alcanzar a las audiencias espec\u00edficas, ofreciendo&nbsp;los mensajes personalizados m\u00e1s adecuados para ellas, que capten la atenci\u00f3n del consumidor y le inspire a la acci\u00f3n a trav\u00e9s de formatos Display, Video, rich media, native y CTV. EXTE cuenta con una plantilla de m\u00e1s de 300 personas de 24 nacionalidades distribuidas en 19 oficinas de 15 pa\u00edses en todo el mundo, lo que nos aporta una mentalidad global: mindset global con enfoque y ejecuci\u00f3n local. Todo ello bajo la direcci\u00f3n de un equipo directivo con d\u00e9cadas de experiencia en el sector del marketing digital.<\/p>\n","protected":false},"excerpt":{"rendered":"<p>LatAm,&nbsp;2&nbsp;de febrero de 2026.\u2013&nbsp;EXTE, la compa\u00f1\u00eda AdTech que integra tecnolog\u00eda, creatividad y medios, presenta una gu\u00eda de insights y soluciones con tecnolog\u00eda contextual avanzada y formatos digitales premium pensadas para&hellip; <\/p>\n","protected":false},"author":2,"featured_media":75902,"comment_status":"closed","ping_status":"closed","sticky":false,"template":"","format":"standard","meta":{"fifu_image_url":"https:\/\/elmundodelosnegocios.com.do\/v1\/wp-content\/uploads\/2026\/02\/1180x768_SanValentin_3.jpg","fifu_image_alt":"","footnotes":""},"categories":[157],"tags":[],"class_list":["post-75899","post","type-post","status-publish","format-standard","has-post-thumbnail","hentry","category-marketing"],"_links":{"self":[{"href":"https:\/\/elmundodelosnegocios.com.do\/v1\/wp-json\/wp\/v2\/posts\/75899","targetHints":{"allow":["GET"]}}],"collection":[{"href":"https:\/\/elmundodelosnegocios.com.do\/v1\/wp-json\/wp\/v2\/posts"}],"about":[{"href":"https:\/\/elmundodelosnegocios.com.do\/v1\/wp-json\/wp\/v2\/types\/post"}],"author":[{"embeddable":true,"href":"https:\/\/elmundodelosnegocios.com.do\/v1\/wp-json\/wp\/v2\/users\/2"}],"replies":[{"embeddable":true,"href":"https:\/\/elmundodelosnegocios.com.do\/v1\/wp-json\/wp\/v2\/comments?post=75899"}],"version-history":[{"count":1,"href":"https:\/\/elmundodelosnegocios.com.do\/v1\/wp-json\/wp\/v2\/posts\/75899\/revisions"}],"predecessor-version":[{"id":75901,"href":"https:\/\/elmundodelosnegocios.com.do\/v1\/wp-json\/wp\/v2\/posts\/75899\/revisions\/75901"}],"wp:featuredmedia":[{"embeddable":true,"href":"https:\/\/elmundodelosnegocios.com.do\/v1\/wp-json\/wp\/v2\/media\/75902"}],"wp:attachment":[{"href":"https:\/\/elmundodelosnegocios.com.do\/v1\/wp-json\/wp\/v2\/media?parent=75899"}],"wp:term":[{"taxonomy":"category","embeddable":true,"href":"https:\/\/elmundodelosnegocios.com.do\/v1\/wp-json\/wp\/v2\/categories?post=75899"},{"taxonomy":"post_tag","embeddable":true,"href":"https:\/\/elmundodelosnegocios.com.do\/v1\/wp-json\/wp\/v2\/tags?post=75899"}],"curies":[{"name":"wp","href":"https:\/\/api.w.org\/{rel}","templated":true}]}}