{"id":75903,"date":"2026-02-02T12:26:53","date_gmt":"2026-02-02T16:56:53","guid":{"rendered":"https:\/\/elmundodelosnegocios.com.do\/v1\/?p=75903"},"modified":"2026-02-02T12:26:55","modified_gmt":"2026-02-02T16:56:55","slug":"asociacion-cibao-inaugura-su-primera-sucursal-en-puerto-plata","status":"publish","type":"post","link":"https:\/\/elmundodelosnegocios.com.do\/v1\/asociacion-cibao-inaugura-su-primera-sucursal-en-puerto-plata\/","title":{"rendered":"Asociaci\u00f3n Cibao inaugura su primera sucursal en Puerto Plata"},"content":{"rendered":"\n<p><strong><em>La apertura forma parte del proceso de expansi\u00f3n geogr\u00e1fica de la entidad en la regi\u00f3n norte del pa\u00eds, ampliando su red de oficinas y cobertura de servicios financieros<\/em><\/strong><\/p>\n\n\n\n<p><strong>Puerto Plata, Rep\u00fablica Dominicana.-<\/strong>&nbsp;Como parte de su estrategia de expansi\u00f3n nacional, Asociaci\u00f3n Cibao de Ahorros y Pr\u00e9stamos inaugur\u00f3 su primera sucursal en la provincia de Puerto Plata, correspondiente a la oficina n\u00famero 58 de la entidad.&nbsp;<\/p>\n\n\n\n<figure class=\"wp-block-image size-large\"><img loading=\"lazy\" decoding=\"async\" width=\"1024\" height=\"683\" src=\"https:\/\/elmundodelosnegocios.com.do\/v1\/wp-content\/uploads\/2026\/02\/Magdalena-Jaquez-Monica-Ceballos-Rebeca-Melendez-Rafael-Genao-Jose-Luis-Ventura-Joel-Diaz-1024x683.jpg\" alt=\"\" class=\"wp-image-75904\" srcset=\"https:\/\/elmundodelosnegocios.com.do\/v1\/wp-content\/uploads\/2026\/02\/Magdalena-Jaquez-Monica-Ceballos-Rebeca-Melendez-Rafael-Genao-Jose-Luis-Ventura-Joel-Diaz-1024x683.jpg 1024w, https:\/\/elmundodelosnegocios.com.do\/v1\/wp-content\/uploads\/2026\/02\/Magdalena-Jaquez-Monica-Ceballos-Rebeca-Melendez-Rafael-Genao-Jose-Luis-Ventura-Joel-Diaz-300x200.jpg 300w, https:\/\/elmundodelosnegocios.com.do\/v1\/wp-content\/uploads\/2026\/02\/Magdalena-Jaquez-Monica-Ceballos-Rebeca-Melendez-Rafael-Genao-Jose-Luis-Ventura-Joel-Diaz-768x512.jpg 768w, https:\/\/elmundodelosnegocios.com.do\/v1\/wp-content\/uploads\/2026\/02\/Magdalena-Jaquez-Monica-Ceballos-Rebeca-Melendez-Rafael-Genao-Jose-Luis-Ventura-Joel-Diaz-1536x1024.jpg 1536w, https:\/\/elmundodelosnegocios.com.do\/v1\/wp-content\/uploads\/2026\/02\/Magdalena-Jaquez-Monica-Ceballos-Rebeca-Melendez-Rafael-Genao-Jose-Luis-Ventura-Joel-Diaz-2048x1365.jpg 2048w\" sizes=\"auto, (max-width: 1024px) 100vw, 1024px\" \/><\/figure>\n\n\n\n<p>La apertura ampl\u00eda la cobertura territorial de la instituci\u00f3n y permitir\u00e1 ofrecer sus servicios financieros en una provincia con actividad econ\u00f3mica vinculada al comercio, los servicios y el turismo.<\/p>\n\n\n\n<p>Durante el acto inaugural, Rebeca Mel\u00e9ndez, vicepresidenta ejecutiva de Negocios, se\u00f1al\u00f3 que esta apertura estrat\u00e9gica responde al compromiso con el crecimiento sostenible de la regi\u00f3n. \u201cCreemos firmemente que el acceso a servicios financieros confiables, transparentes y oportunos es un elemento clave para el desarrollo sostenible de las personas, las familias y los negocios\u201d, indic\u00f3.&nbsp;<\/p>\n\n\n\n<p>De igual forma, su presidente ejecutivo, Jos\u00e9 Luis Ventura manifest\u00f3 que la instituci\u00f3n desembarca en la Novia del Atl\u00e1ntico con una base financiera para respaldar el desarrollo de la provincia.&nbsp;<\/p>\n\n\n\n<p>\u201cEsta sucursal es parte de una instituci\u00f3n financiera que a diciembre de 2025 alcanz\u00f3 activos por RD$111,145 millones y una cartera de cr\u00e9ditos neta de RD$66,161 millones. Con esta base financiera desembarcamos aqu\u00ed para respaldar el desarrollo de la Novia del Atl\u00e1ntico\u2026 Luego de tantos a\u00f1os anhelando tener presencia f\u00edsica aqu\u00ed para estar m\u00e1s cerca, hoy lo hacemos realidad\u201d, asegur\u00f3.&nbsp;&nbsp;<\/p>\n\n\n\n<p>El nuevo espacio fue concebido para brindar una oferta financiera integral que abarca tanto soluciones personales como empresariales, respaldada por procesos operativos modernos y canales de atenci\u00f3n alineados a las necesidades actuales de los asociados y clientes.<\/p>\n\n\n\n<p>En esta provincia la instituci\u00f3n continuar\u00e1 promoviendo la sostenibilidad, no solo desde una perspectiva financiera, sino tambi\u00e9n impulsando iniciativas de responsabilidad social, educaci\u00f3n financiera y apoyo comunitario, convencida de que el crecimiento solo es aut\u00e9ntico cuando genera bienestar colectivo.<\/p>\n\n\n\n<p>Joel D\u00edaz, gerente de la sucursal, afirm\u00f3 que esta apertura permitir\u00e1 atender de manera directa a los clientes de Puerto Plata y zonas cercanas, facilitando el acceso a los productos y servicios de la Asociaci\u00f3n Cibao. Destac\u00f3 que la oficina fue dise\u00f1ada con criterios de accesibilidad e inclusi\u00f3n, incorporando facilidades para personas con discapacidad, como parte del compromiso institucional con una atenci\u00f3n financiera equitativa para todos.<\/p>\n\n\n\n<p>En esta provincia, adem\u00e1s, la Asociaci\u00f3n continuar\u00e1 promoviendo su visi\u00f3n integral de sostenibilidad, que trasciende la perspectiva financiera, para impulsar adem\u00e1s iniciativas de responsabilidad social, educaci\u00f3n financiera y gesti\u00f3n ambiental, convencida de que el crecimiento solo es integral cuando genera bienestar colectivo.<\/p>\n\n\n\n<p>Con la apertura de esta sucursal, la Asociaci\u00f3n Cibao contin\u00faa la ampliaci\u00f3n de su red de oficinas a nivel nacional, fortaleciendo su estructura de atenci\u00f3n y su presencia en distintas provincias del pa\u00eds.<\/p>\n","protected":false},"excerpt":{"rendered":"<p>La apertura forma parte del proceso de expansi\u00f3n geogr\u00e1fica de la entidad en la regi\u00f3n norte del pa\u00eds, ampliando su red de oficinas y cobertura de servicios financieros Puerto Plata,&hellip; <\/p>\n","protected":false},"author":2,"featured_media":75906,"comment_status":"closed","ping_status":"closed","sticky":false,"template":"","format":"standard","meta":{"fifu_image_url":"https:\/\/elmundodelosnegocios.com.do\/v1\/wp-content\/uploads\/2026\/02\/Magdalena-Jaquez-Monica-Ceballos-Rebeca-Melendez-Rafael-Genao-Jose-Luis-Ventura-Joel-Diaz-scaled.jpg","fifu_image_alt":"","footnotes":""},"categories":[1],"tags":[],"class_list":["post-75903","post","type-post","status-publish","format-standard","has-post-thumbnail","hentry","category-uncategorized"],"_links":{"self":[{"href":"https:\/\/elmundodelosnegocios.com.do\/v1\/wp-json\/wp\/v2\/posts\/75903","targetHints":{"allow":["GET"]}}],"collection":[{"href":"https:\/\/elmundodelosnegocios.com.do\/v1\/wp-json\/wp\/v2\/posts"}],"about":[{"href":"https:\/\/elmundodelosnegocios.com.do\/v1\/wp-json\/wp\/v2\/types\/post"}],"author":[{"embeddable":true,"href":"https:\/\/elmundodelosnegocios.com.do\/v1\/wp-json\/wp\/v2\/users\/2"}],"replies":[{"embeddable":true,"href":"https:\/\/elmundodelosnegocios.com.do\/v1\/wp-json\/wp\/v2\/comments?post=75903"}],"version-history":[{"count":1,"href":"https:\/\/elmundodelosnegocios.com.do\/v1\/wp-json\/wp\/v2\/posts\/75903\/revisions"}],"predecessor-version":[{"id":75905,"href":"https:\/\/elmundodelosnegocios.com.do\/v1\/wp-json\/wp\/v2\/posts\/75903\/revisions\/75905"}],"wp:featuredmedia":[{"embeddable":true,"href":"https:\/\/elmundodelosnegocios.com.do\/v1\/wp-json\/wp\/v2\/media\/75906"}],"wp:attachment":[{"href":"https:\/\/elmundodelosnegocios.com.do\/v1\/wp-json\/wp\/v2\/media?parent=75903"}],"wp:term":[{"taxonomy":"category","embeddable":true,"href":"https:\/\/elmundodelosnegocios.com.do\/v1\/wp-json\/wp\/v2\/categories?post=75903"},{"taxonomy":"post_tag","embeddable":true,"href":"https:\/\/elmundodelosnegocios.com.do\/v1\/wp-json\/wp\/v2\/tags?post=75903"}],"curies":[{"name":"wp","href":"https:\/\/api.w.org\/{rel}","templated":true}]}}