{"id":76029,"date":"2026-02-10T15:04:55","date_gmt":"2026-02-10T19:34:55","guid":{"rendered":"https:\/\/elmundodelosnegocios.com.do\/v1\/ministro-joel-santos-anuncia-segunda-ronda-petrolera-se-iniciara-en-noviembre\/"},"modified":"2026-02-10T15:18:26","modified_gmt":"2026-02-10T19:48:26","slug":"ministro-joel-santos-anuncia-segunda-ronda-petrolera-se-iniciara-en-noviembre","status":"publish","type":"post","link":"https:\/\/elmundodelosnegocios.com.do\/v1\/ministro-joel-santos-anuncia-segunda-ronda-petrolera-se-iniciara-en-noviembre\/","title":{"rendered":"Ministro Joel Santos anuncia segunda ronda petrolera se iniciar\u00e1 en noviembre"},"content":{"rendered":"<div class=\"pf-content\">\n<p><em>El titular de Energ\u00eda y Minas indic\u00f3 que el proceso, que se extender\u00e1 hasta 2028, contempla la perforaci\u00f3n de un pozo exploratorio terrestre y la ampliaci\u00f3n de los estudios s\u00edsmicos y gravim\u00e9tricos<\/em><\/p>\n<div class=\"wp-block-post-date\"><img loading=\"lazy\" decoding=\"async\" class=\"wp-image-12951 size-full\" style=\"color: initial;\" src=\"https:\/\/mem.gob.do\/wp-content\/uploads\/2026\/02\/IMG-20260210-WA0003-1024x683.jpg\" sizes=\"auto, (max-width: 1024px) 100vw, 1024px\" srcset=\"https:\/\/mem.gob.do\/wp-content\/uploads\/2026\/02\/IMG-20260210-WA0003-1024x683.jpg 1024w, https:\/\/mem.gob.do\/wp-content\/uploads\/2026\/02\/IMG-20260210-WA0003-300x200.jpg 300w, https:\/\/mem.gob.do\/wp-content\/uploads\/2026\/02\/IMG-20260210-WA0003-768x512.jpg 768w, https:\/\/mem.gob.do\/wp-content\/uploads\/2026\/02\/IMG-20260210-WA0003.jpg 1280w\" alt=\"\" width=\"1024\" height=\"683\" \/><\/div>\n<p><strong>SANTO DOMINGO. <\/strong>El ministro de Energ\u00eda y Minas, Joel Santos, present\u00f3 la hoja de ruta t\u00e9cnica que conducir\u00e1 al inicio de la segunda ronda petrolera de Rep\u00fablica Dominicana, prevista para noviembre pr\u00f3ximo, como parte de una estrategia orientada a fortalecer el conocimiento del potencial hidrocarbur\u00edfero nacional, bajo criterios de sostenibilidad, rigor cient\u00edfico e inter\u00e9s p\u00fablico.<\/p>\n<p>La iniciativa contempla la licitaci\u00f3n de bloques de exploraci\u00f3n en distintas zonas del pa\u00eds que ya han sido objeto de estudios geol\u00f3gicos y geof\u00edsicos preliminares, en consonancia con lo establecido en la Constituci\u00f3n de la Rep\u00fablica y el marco legal vigente en materia de hidrocarburos.<\/p>\n<p>Santos explic\u00f3 que la proyecci\u00f3n de los trabajos, que se desarrollar\u00e1n hasta 2028, incluye la perforaci\u00f3n de un pozo exploratorio terrestre, la adquisici\u00f3n m\u00ednima de 2,500 kil\u00f3metros de s\u00edsmica 2D, el procesamiento de 1,500 kil\u00f3metros adicionales y la ampliaci\u00f3n de 300 nuevos puntos gravim\u00e9tricos, con el objetivo de reducir la incertidumbre geol\u00f3gica y atraer inversi\u00f3n responsable.<\/p>\n<p>Las declaraciones fueron ofrecidas durante el Primer Foro de Exploraci\u00f3n y Explotaci\u00f3n, celebrado en el Hotel JW Marriott, con la participaci\u00f3n de autoridades, expertos nacionales e internacionales y representantes del sector p\u00fablico y privado.<\/p>\n<p>En ese escenario, el ministro resalt\u00f3 las acciones impulsadas desde 2024 por el Viceministerio de Hidrocarburos para crear un entorno competitivo, transparente y predecible que incentive la participaci\u00f3n de empresas l\u00edderes en exploraci\u00f3n y producci\u00f3n de petr\u00f3leo y gas.<\/p>\n<p>\u201cCuando la gente ve pozos con emanaciones, eso indica la presencia de formaciones geol\u00f3gicas, pero no significa necesariamente que exista una producci\u00f3n comercialmente viable. De ah\u00ed la importancia de los estudios t\u00e9cnicos y de las perforaciones exploratorias para determinar la calidad y cantidad de los recursos\u201d, subray\u00f3 Santos.<\/p>\n<p>El funcionario record\u00f3 que, tras la promulgaci\u00f3n en julio de 2025 de la Ley 37-25 por parte del presidente Luis Abinader, que modifica el art\u00edculo 4 de la Ley 4532 de 1956, se cre\u00f3 un marco m\u00e1s atractivo para la inversi\u00f3n nacional y extranjera en hidrocarburos, en beneficio de la econom\u00eda dominicana.<\/p>\n<p><strong>Avances t\u00e9cnicos y cient\u00edficos<\/strong><\/p>\n<p>Santos explic\u00f3 que desde 2024 el Ministerio de Energ\u00eda y Minas ha ejecutado estudios geof\u00edsicos, geol\u00f3gicos y geoqu\u00edmicos para evaluar el potencial petrolero y gas\u00edfero de las cuencas sedimentarias del pa\u00eds. Estos trabajos incluyen s\u00edsmica 2D, gravimetr\u00eda, an\u00e1lisis estructurales y estudios de carbono org\u00e1nico total, con intervenciones en zonas como el pozo Melano I, en Azua.<\/p>\n<p>Detall\u00f3 que se han analizado 156 muestras de rocas y fluidos en coordinaci\u00f3n con la empresa Geolog y universidades europeas, adem\u00e1s de 25 muestras con la Universidad de Perugia. Asimismo, destac\u00f3 la instalaci\u00f3n de 50 estaciones gravim\u00e9tricas a nivel nacional, colaboracion cientifica para el proyecto de adquisici\u00f3n de m\u00e1s de 5,000 kil\u00f3metros de registros geof\u00edsicos marinos mediante el proyecto Geomarhis y adicional el fortalecimiento del Banco Nacional de Datos de Hidrocarburos, que hoy concentra miles de mapas, perfiles s\u00edsmicos y registros t\u00e9cnicos.<\/p>\n<p>En total, el Estado dominicano ha recopilado alrededor de 21,500 kil\u00f3metros de l\u00edneas s\u00edsmicas 2D, con una inversi\u00f3n estimada de US$100 millones de d\u00f3lares. El ministro enfatiz\u00f3 que estos esfuerzos buscan consolidar una cultura de exploraci\u00f3n basada en la legalidad, el conocimiento cient\u00edfico y la prevenci\u00f3n de pr\u00e1cticas informales en el aprovechamiento de los recursos naturales.<\/p>\n<p><strong>Paneles y participantes<\/strong><\/p>\n<div class=\"wp-block-media-text is-stacked-on-mobile\" style=\"grid-template-columns: 35% auto;\">\n<figure class=\"wp-block-media-text__media\"><img loading=\"lazy\" decoding=\"async\" class=\"wp-image-12952 size-full\" src=\"https:\/\/mem.gob.do\/wp-content\/uploads\/2026\/02\/1000058401-1024x683.jpg\" sizes=\"auto, (max-width: 1024px) 100vw, 1024px\" srcset=\"https:\/\/mem.gob.do\/wp-content\/uploads\/2026\/02\/1000058401-1024x683.jpg 1024w, https:\/\/mem.gob.do\/wp-content\/uploads\/2026\/02\/1000058401-300x200.jpg 300w, https:\/\/mem.gob.do\/wp-content\/uploads\/2026\/02\/1000058401-768x512.jpg 768w, https:\/\/mem.gob.do\/wp-content\/uploads\/2026\/02\/1000058401.jpg 1280w\" alt=\"Noel B\u00e1ez, junto al el director ejecutivo del Servicio Geol\u00f3gico Nacional, Edwin Garc\u00eda Cocco, durante uno de los paneles del \u201cPrimer Foro de Exploraci\u00f3n y Explotaci\u00f3n\u201d.\" width=\"1024\" height=\"683\" \/><\/figure>\n<div class=\"wp-block-media-text__content\">\n<p>Durante el foro se desarrollaron varios paneles t\u00e9cnicos, moderados por el viceministro de Hidrocarburos, Noel B\u00e1ez Paredes y el director de Regulaci\u00f3n, Importaci\u00f3n y Uso de Hidrocarburos, Wandy Tejada Disla, en los que se abordaron el potencial geol\u00f3gico del pa\u00eds, nuevas fronteras exploratorias, el marco legal vigente y los retos de la exploraci\u00f3n y eventual explotaci\u00f3n de hidrocarburos.<\/p>\n<\/div>\n<\/div>\n<div class=\"wp-block-media-text has-media-on-the-right is-stacked-on-mobile\" style=\"grid-template-columns: auto 36%;\">\n<div class=\"wp-block-media-text__content\">\n<p>Entre los panelistas figuraron el director ejecutivo del Servicio Geol\u00f3gico Nacional, Edwin Garc\u00eda Cocco; el presidente de Lumina, The Leading Light in Energy, Carlos Moreno; el viceministro de justicia , Pedro Montilla; el economista Henri Hebrard; el ge\u00f3logo internacional C\u00e9sar Lugo, y el asesor en materia de hidrocarburos Alberto Reyes.<\/p>\n<\/div>\n<figure class=\"wp-block-media-text__media\"><img loading=\"lazy\" decoding=\"async\" class=\"wp-image-12953 size-full\" src=\"https:\/\/mem.gob.do\/wp-content\/uploads\/2026\/02\/1000058533-1024x683.jpg\" sizes=\"auto, (max-width: 1024px) 100vw, 1024px\" srcset=\"https:\/\/mem.gob.do\/wp-content\/uploads\/2026\/02\/1000058533-1024x683.jpg 1024w, https:\/\/mem.gob.do\/wp-content\/uploads\/2026\/02\/1000058533-300x200.jpg 300w, https:\/\/mem.gob.do\/wp-content\/uploads\/2026\/02\/1000058533-768x512.jpg 768w, https:\/\/mem.gob.do\/wp-content\/uploads\/2026\/02\/1000058533.jpg 1280w\" alt=\"\" width=\"1024\" height=\"683\" \/><\/figure>\n<\/div>\n<p>Al encuentro asistieron Samuel Pereyra, presidente de la Refiner\u00eda Dominicana de Petr\u00f3leo (Refidomsa); Rolando Mu\u00f1oz, director de Miner\u00eda; Betty Soto, viceministra de Innovaci\u00f3n y Transici\u00f3n Energ\u00e9tica; Gaddis Corpor\u00e1n, viceministro de Energ\u00eda Nuclear; Noelia Rivera, viceministra de Representaci\u00f3n Judicial y Extrajudicial del Ministerio de Justicia; entre otros funcionarios y especialistas.<\/p>\n<\/div>\n","protected":false},"excerpt":{"rendered":"<p>El titular de Energ\u00eda y Minas indic\u00f3 que el proceso, que se extender\u00e1 hasta 2028, contempla la perforaci\u00f3n de un pozo exploratorio terrestre y la ampliaci\u00f3n de los estudios s\u00edsmicos&hellip; <\/p>\n","protected":false},"author":3,"featured_media":76043,"comment_status":"closed","ping_status":"closed","sticky":false,"template":"","format":"standard","meta":{"fifu_image_url":"https:\/\/mem.gob.do\/wp-content\/uploads\/2026\/02\/IMG-20260210-WA0003.jpg","fifu_image_alt":"","footnotes":""},"categories":[182],"tags":[],"class_list":["post-76029","post","type-post","status-publish","format-standard","has-post-thumbnail","hentry","category-energia"],"_links":{"self":[{"href":"https:\/\/elmundodelosnegocios.com.do\/v1\/wp-json\/wp\/v2\/posts\/76029","targetHints":{"allow":["GET"]}}],"collection":[{"href":"https:\/\/elmundodelosnegocios.com.do\/v1\/wp-json\/wp\/v2\/posts"}],"about":[{"href":"https:\/\/elmundodelosnegocios.com.do\/v1\/wp-json\/wp\/v2\/types\/post"}],"author":[{"embeddable":true,"href":"https:\/\/elmundodelosnegocios.com.do\/v1\/wp-json\/wp\/v2\/users\/3"}],"replies":[{"embeddable":true,"href":"https:\/\/elmundodelosnegocios.com.do\/v1\/wp-json\/wp\/v2\/comments?post=76029"}],"version-history":[{"count":1,"href":"https:\/\/elmundodelosnegocios.com.do\/v1\/wp-json\/wp\/v2\/posts\/76029\/revisions"}],"predecessor-version":[{"id":76042,"href":"https:\/\/elmundodelosnegocios.com.do\/v1\/wp-json\/wp\/v2\/posts\/76029\/revisions\/76042"}],"wp:featuredmedia":[{"embeddable":true,"href":"https:\/\/elmundodelosnegocios.com.do\/v1\/wp-json\/wp\/v2\/media\/76043"}],"wp:attachment":[{"href":"https:\/\/elmundodelosnegocios.com.do\/v1\/wp-json\/wp\/v2\/media?parent=76029"}],"wp:term":[{"taxonomy":"category","embeddable":true,"href":"https:\/\/elmundodelosnegocios.com.do\/v1\/wp-json\/wp\/v2\/categories?post=76029"},{"taxonomy":"post_tag","embeddable":true,"href":"https:\/\/elmundodelosnegocios.com.do\/v1\/wp-json\/wp\/v2\/tags?post=76029"}],"curies":[{"name":"wp","href":"https:\/\/api.w.org\/{rel}","templated":true}]}}