{"id":76121,"date":"2026-02-14T09:04:53","date_gmt":"2026-02-14T13:34:53","guid":{"rendered":"https:\/\/elmundodelosnegocios.com.do\/v1\/ministerio-de-energia-y-minas-desarrolla-jornadas-formativas-en-ahorro-de-energia\/"},"modified":"2026-02-14T09:04:53","modified_gmt":"2026-02-14T13:34:53","slug":"ministerio-de-energia-y-minas-desarrolla-jornadas-formativas-en-ahorro-de-energia","status":"publish","type":"post","link":"https:\/\/elmundodelosnegocios.com.do\/v1\/ministerio-de-energia-y-minas-desarrolla-jornadas-formativas-en-ahorro-de-energia\/","title":{"rendered":"Ministerio de Energ\u00eda y Minas desarrolla jornadas formativas en ahorro de energ\u00eda"},"content":{"rendered":"<div>\n<div class=\"pf-content\">\n<div class=\"printfriendly pf-button pf-button-content pf-alignright\">\n                    <a href=\"https:\/\/mem.gob.do\/ministerio-de-energia-y-minas-desarrolla-jornadas-formativas-en-ahorro-de-energia\/?pfstyle=wp\" rel=\"nofollow\" onclick=\"\" title=\"Printer Friendly, PDF &amp; Email\"><br \/>\n                    <img decoding=\"async\" class=\"pf-button-img\" src=\"https:\/\/cdn.printfriendly.com\/buttons\/printfriendly-pdf-email-button-notext.png\" alt=\"Print Friendly, PDF &amp; Email\" style=\"width: 110px;height: 30px;\"><br \/>\n                    <\/a>\n                <\/div>\n<p><em>Se socializaron las disposiciones emitidas en el decreto 158-23, sobre la implementaci\u00f3n de una pol\u00edtica de ahorro y eficiencia energ\u00e9tica en instituciones del Estado<\/em><\/p>\n<p><span id=\"more-12984\"><\/span><\/p>\n<p><em>Se socializaron las disposiciones emitidas en el decreto 158-23, sobre la implementaci\u00f3n de una pol\u00edtica de ahorro y eficiencia energ\u00e9tica en instituciones del Estado<\/em><\/p>\n<div class=\"wp-block-post-date\"><time datetime=\"2026-02-14T12:44:34.325Z\">14 febrero, 2026<\/time><\/div>\n<div class=\"wp-block-media-text is-stacked-on-mobile\" style=\"grid-template-columns:37% auto\">\n<figure class=\"wp-block-media-text__media\"><img fetchpriority=\"high\" decoding=\"async\" width=\"1024\" height=\"683\" src=\"https:\/\/mem.gob.do\/wp-content\/uploads\/2026\/02\/WhatsApp-Image-2026-02-13-at-6.01.59-PM-1024x683.jpeg\" alt=\"Uso Racional de la Energia\" class=\"wp-image-12988 size-full\" srcset=\"https:\/\/mem.gob.do\/wp-content\/uploads\/2026\/02\/WhatsApp-Image-2026-02-13-at-6.01.59-PM-1024x683.jpeg 1024w, https:\/\/mem.gob.do\/wp-content\/uploads\/2026\/02\/WhatsApp-Image-2026-02-13-at-6.01.59-PM-300x200.jpeg 300w, https:\/\/mem.gob.do\/wp-content\/uploads\/2026\/02\/WhatsApp-Image-2026-02-13-at-6.01.59-PM-768x512.jpeg 768w, https:\/\/mem.gob.do\/wp-content\/uploads\/2026\/02\/WhatsApp-Image-2026-02-13-at-6.01.59-PM.jpeg 1280w\" sizes=\"(max-width: 1024px) 100vw, 1024px\"><\/figure>\n<div class=\"wp-block-media-text__content\">\n<p><strong>SANTO DOMINGO.<\/strong> \u2013 Como parte de su compromiso de fomentar una cultura de ahorro energ\u00e9tico y uso eficiente del sistema el\u00e9ctrico, el Ministerio de Energ\u00eda y Minas desarroll\u00f3 la charla \u201cUso racional de la energ\u00eda\u201d, dirigida a los colaboradores de las diferentes \u00e1reas, quienes conocieron en detalle las l\u00edneas de acci\u00f3n del Gobierno contenidas en el decreto 158-23.<\/p>\n<\/div>\n<\/div>\n<p>A trav\u00e9s del decreto 158-23, el Poder Ejecutivo declar\u00f3 de alta prioridad nacional la implementaci\u00f3n de una pol\u00edtica de ahorro y eficiencia energ\u00e9tica en todos los \u00f3rganos de la administraci\u00f3n p\u00fablica.<\/p>\n<p>De igual forma, una jornada formativa con el mismo enfoque fue impartida en el Ministerio de Medio Ambiente y Recursos Naturales, como parte de los esfuerzos interinstitucionales para socializar las disposiciones del decreto y promover las pr\u00e1cticas responsables en el uso de la energ\u00eda dentro del sector p\u00fablico.<\/p>\n<div class=\"wp-block-media-text has-media-on-the-right is-stacked-on-mobile\" style=\"grid-template-columns:auto 36%\">\n<div class=\"wp-block-media-text__content\">\n<p>Las charlas, organizadas por las direcciones de Recursos Humanos, estuvieron a cargo de los gestores \u00c1ngel Reyes, V\u00edctor Guill\u00e9n y Dioneyci Dic\u00e9n, del Viceministerio de Innovaci\u00f3n y Transici\u00f3n Energ\u00e9tica de Energ\u00eda y Minas, los cuales explicaron la necesidad que los \u00f3rganos del Estado, y los organismos aut\u00f3nomos y descentralizados, adopten las medidas espec\u00edficas para el uso eficiente de la energ\u00eda.<\/p>\n<\/div>\n<figure class=\"wp-block-media-text__media\"><img loading=\"lazy\" decoding=\"async\" width=\"1024\" height=\"634\" src=\"https:\/\/mem.gob.do\/wp-content\/uploads\/2026\/02\/WhatsApp-Image-2026-02-13-at-6.02.43-PM-1-1024x634.jpeg\" alt=\"\" class=\"wp-image-12990 size-full\" srcset=\"https:\/\/mem.gob.do\/wp-content\/uploads\/2026\/02\/WhatsApp-Image-2026-02-13-at-6.02.43-PM-1-1024x634.jpeg 1024w, https:\/\/mem.gob.do\/wp-content\/uploads\/2026\/02\/WhatsApp-Image-2026-02-13-at-6.02.43-PM-1-300x186.jpeg 300w, https:\/\/mem.gob.do\/wp-content\/uploads\/2026\/02\/WhatsApp-Image-2026-02-13-at-6.02.43-PM-1-768x475.jpeg 768w, https:\/\/mem.gob.do\/wp-content\/uploads\/2026\/02\/WhatsApp-Image-2026-02-13-at-6.02.43-PM-1-1536x950.jpeg 1536w, https:\/\/mem.gob.do\/wp-content\/uploads\/2026\/02\/WhatsApp-Image-2026-02-13-at-6.02.43-PM-1-2048x1267.jpeg 2048w\" sizes=\"auto, (max-width: 1024px) 100vw, 1024px\"><\/figure>\n<\/div>\n<div class=\"wp-block-media-text has-media-on-the-right is-stacked-on-mobile\" style=\"grid-template-columns:auto 35%\">\n<div class=\"wp-block-media-text__content\">\n<p>Reyes explic\u00f3 en qu\u00e9 consisten las pol\u00edticas de ahorro y eficiencia energ\u00e9tica establecidas en el decreto, incluidas las caracter\u00edsticas y obligaciones de los peque\u00f1os y grandes consumidores estatales interconectados a la red el\u00e9ctrica; las funciones y responsabilidades de los gestores energ\u00e9ticos; las metas de ahorro de consumo energ\u00e9tico como parte de los planes estrat\u00e9gicos institucionales, y la implementaci\u00f3n de fuentes renovable.<\/p>\n<\/div>\n<figure class=\"wp-block-media-text__media\"><img loading=\"lazy\" decoding=\"async\" width=\"1024\" height=\"683\" src=\"https:\/\/mem.gob.do\/wp-content\/uploads\/2026\/02\/WhatsApp-Image-2026-02-13-at-6.01.59-PM-1-1024x683.jpeg\" alt=\"\" class=\"wp-image-12991 size-full\" srcset=\"https:\/\/mem.gob.do\/wp-content\/uploads\/2026\/02\/WhatsApp-Image-2026-02-13-at-6.01.59-PM-1-1024x683.jpeg 1024w, https:\/\/mem.gob.do\/wp-content\/uploads\/2026\/02\/WhatsApp-Image-2026-02-13-at-6.01.59-PM-1-300x200.jpeg 300w, https:\/\/mem.gob.do\/wp-content\/uploads\/2026\/02\/WhatsApp-Image-2026-02-13-at-6.01.59-PM-1-768x512.jpeg 768w, https:\/\/mem.gob.do\/wp-content\/uploads\/2026\/02\/WhatsApp-Image-2026-02-13-at-6.01.59-PM-1.jpeg 1280w\" sizes=\"auto, (max-width: 1024px) 100vw, 1024px\"><\/figure>\n<\/div>\n<div class=\"wp-block-media-text is-stacked-on-mobile\" style=\"grid-template-columns:39% auto\">\n<figure class=\"wp-block-media-text__media\"><img loading=\"lazy\" decoding=\"async\" width=\"1024\" height=\"601\" src=\"https:\/\/mem.gob.do\/wp-content\/uploads\/2026\/02\/WhatsApp-Image-2026-02-13-at-6.02.42-PM-1-1024x601.jpeg\" alt=\"\" class=\"wp-image-12992 size-full\" srcset=\"https:\/\/mem.gob.do\/wp-content\/uploads\/2026\/02\/WhatsApp-Image-2026-02-13-at-6.02.42-PM-1-1024x601.jpeg 1024w, https:\/\/mem.gob.do\/wp-content\/uploads\/2026\/02\/WhatsApp-Image-2026-02-13-at-6.02.42-PM-1-300x176.jpeg 300w, https:\/\/mem.gob.do\/wp-content\/uploads\/2026\/02\/WhatsApp-Image-2026-02-13-at-6.02.42-PM-1-768x451.jpeg 768w, https:\/\/mem.gob.do\/wp-content\/uploads\/2026\/02\/WhatsApp-Image-2026-02-13-at-6.02.42-PM-1-1536x901.jpeg 1536w, https:\/\/mem.gob.do\/wp-content\/uploads\/2026\/02\/WhatsApp-Image-2026-02-13-at-6.02.42-PM-1-2048x1202.jpeg 2048w\" sizes=\"auto, (max-width: 1024px) 100vw, 1024px\"><\/figure>\n<div class=\"wp-block-media-text__content\">\n<p>De su lado, Guill\u00e9n record\u00f3 que \u201chacer un uso racional de la energ\u00eda implica que cada uno de nosotros ponga su granito de arena\u201d. Se\u00f1al\u00f3 que todos los aparatos el\u00e9ctricos y electr\u00f3nicos inciden en el ahorro energ\u00e9tico, y a\u00f1adi\u00f3 que en el Ministerio de Energ\u00eda y Minas se mide de manera permanente el consumo de las instalaciones.<\/p>\n<\/div>\n<\/div>\n<div class=\"wp-block-media-text has-media-on-the-right is-stacked-on-mobile\" style=\"grid-template-columns:auto 38%\">\n<div class=\"wp-block-media-text__content\">\n<p>Mientras, la gestora Dic\u00e9n abord\u00f3 c\u00f3mo hacer un uso correcto de los equipos tecnol\u00f3gicos, de refrigeraci\u00f3n, iluminaci\u00f3n y otros, as\u00ed como los beneficios de aplicar las buenas pr\u00e1cticas, que incluyen la mejora de la econom\u00eda, menor dependencia energ\u00e9tica, reducci\u00f3n de emisiones contaminantes, mayor sostenibilidad y menos impactos negativos en la salud humana, al disminuir el da\u00f1o ambiental.<\/p>\n<\/div>\n<figure class=\"wp-block-media-text__media\"><img loading=\"lazy\" decoding=\"async\" width=\"1024\" height=\"684\" src=\"https:\/\/mem.gob.do\/wp-content\/uploads\/2026\/02\/WhatsApp-Image-2026-02-13-at-6.02.43-PM-1024x684.jpeg\" alt=\"\" class=\"wp-image-12993 size-full\" srcset=\"https:\/\/mem.gob.do\/wp-content\/uploads\/2026\/02\/WhatsApp-Image-2026-02-13-at-6.02.43-PM-1024x684.jpeg 1024w, https:\/\/mem.gob.do\/wp-content\/uploads\/2026\/02\/WhatsApp-Image-2026-02-13-at-6.02.43-PM-300x200.jpeg 300w, https:\/\/mem.gob.do\/wp-content\/uploads\/2026\/02\/WhatsApp-Image-2026-02-13-at-6.02.43-PM-768x513.jpeg 768w, https:\/\/mem.gob.do\/wp-content\/uploads\/2026\/02\/WhatsApp-Image-2026-02-13-at-6.02.43-PM-1536x1026.jpeg 1536w, https:\/\/mem.gob.do\/wp-content\/uploads\/2026\/02\/WhatsApp-Image-2026-02-13-at-6.02.43-PM-2048x1368.jpeg 2048w\" sizes=\"auto, (max-width: 1024px) 100vw, 1024px\"><\/figure>\n<\/div>\n<p>Los expositores recomendaron a los colaboradores velar por ajustar los sistemas de climatizaci\u00f3n a 23 grados Celsius, procurar que puertas y ventanas permanezcan cerradas en \u00e1reas climatizadas y seleccionar los equipos acordes al tama\u00f1o de los espacios, a fin de evitar un consumo innecesario de energ\u00eda.<\/p>\n<div class=\"wp-block-media-text is-stacked-on-mobile\" style=\"grid-template-columns:36% auto\">\n<figure class=\"wp-block-media-text__media\"><img loading=\"lazy\" decoding=\"async\" width=\"1024\" height=\"683\" src=\"https:\/\/mem.gob.do\/wp-content\/uploads\/2026\/02\/WhatsApp-Image-2026-02-13-at-6.02.00-PM-1024x683.jpeg\" alt=\"\" class=\"wp-image-12994 size-full\" srcset=\"https:\/\/mem.gob.do\/wp-content\/uploads\/2026\/02\/WhatsApp-Image-2026-02-13-at-6.02.00-PM-1024x683.jpeg 1024w, https:\/\/mem.gob.do\/wp-content\/uploads\/2026\/02\/WhatsApp-Image-2026-02-13-at-6.02.00-PM-300x200.jpeg 300w, https:\/\/mem.gob.do\/wp-content\/uploads\/2026\/02\/WhatsApp-Image-2026-02-13-at-6.02.00-PM-768x512.jpeg 768w, https:\/\/mem.gob.do\/wp-content\/uploads\/2026\/02\/WhatsApp-Image-2026-02-13-at-6.02.00-PM.jpeg 1280w\" sizes=\"auto, (max-width: 1024px) 100vw, 1024px\"><\/figure>\n<div class=\"wp-block-media-text__content\">\n<p>Adem\u00e1s, sugirieron apagar las computadoras, desconectar cargadores y otros dispositivos el\u00e9ctricos cuando no est\u00e9n en uso, y preferir la iluminaci\u00f3n LED por su eficiencia, mayor vida \u00fatil y menor demanda energ\u00e9tica. Tambi\u00e9n motivaron al personal a replicar estas orientaciones, destacando que la aplicaci\u00f3n de pol\u00edticas adecuadas y los h\u00e1bitos responsables pueden traducirse en un ahorro energ\u00e9tico considerable.<\/p>\n<\/div>\n<\/div>\n<p>Del mismo modo, mostraron c\u00f3mo ambas instituciones trabajan para mantener el control del consumo energ\u00e9tico y las acciones ejecutadas para convertirse en referentes de responsabilidad energ\u00e9tica y ambiental. A las charlas asistieron representantes de los diferentes viceministerios y otras \u00e1reas de ambas instituciones.<\/p>\n<\/div>\n<p>The post <a href=\"https:\/\/mem.gob.do\/ministerio-de-energia-y-minas-desarrolla-jornadas-formativas-en-ahorro-de-energia\/\">Ministerio de Energ\u00eda y Minas desarrolla jornadas formativas en ahorro de energ\u00eda<\/a> first appeared on <a href=\"https:\/\/mem.gob.do\/\">Ministerio de Energ\u00eda y Minas<\/a>.<\/p>\n<\/div>\n","protected":false},"excerpt":{"rendered":"<p>Se socializaron las disposiciones emitidas en el decreto 158-23, sobre la implementaci\u00f3n de una pol\u00edtica de ahorro y eficiencia energ\u00e9tica en instituciones del Estado Se socializaron las disposiciones emitidas en&hellip; <\/p>\n","protected":false},"author":3,"featured_media":0,"comment_status":"closed","ping_status":"closed","sticky":false,"template":"","format":"standard","meta":{"fifu_image_url":"","fifu_image_alt":"","footnotes":""},"categories":[182],"tags":[],"class_list":["post-76121","post","type-post","status-publish","format-standard","hentry","category-energia"],"_links":{"self":[{"href":"https:\/\/elmundodelosnegocios.com.do\/v1\/wp-json\/wp\/v2\/posts\/76121","targetHints":{"allow":["GET"]}}],"collection":[{"href":"https:\/\/elmundodelosnegocios.com.do\/v1\/wp-json\/wp\/v2\/posts"}],"about":[{"href":"https:\/\/elmundodelosnegocios.com.do\/v1\/wp-json\/wp\/v2\/types\/post"}],"author":[{"embeddable":true,"href":"https:\/\/elmundodelosnegocios.com.do\/v1\/wp-json\/wp\/v2\/users\/3"}],"replies":[{"embeddable":true,"href":"https:\/\/elmundodelosnegocios.com.do\/v1\/wp-json\/wp\/v2\/comments?post=76121"}],"version-history":[{"count":0,"href":"https:\/\/elmundodelosnegocios.com.do\/v1\/wp-json\/wp\/v2\/posts\/76121\/revisions"}],"wp:attachment":[{"href":"https:\/\/elmundodelosnegocios.com.do\/v1\/wp-json\/wp\/v2\/media?parent=76121"}],"wp:term":[{"taxonomy":"category","embeddable":true,"href":"https:\/\/elmundodelosnegocios.com.do\/v1\/wp-json\/wp\/v2\/categories?post=76121"},{"taxonomy":"post_tag","embeddable":true,"href":"https:\/\/elmundodelosnegocios.com.do\/v1\/wp-json\/wp\/v2\/tags?post=76121"}],"curies":[{"name":"wp","href":"https:\/\/api.w.org\/{rel}","templated":true}]}}