{"id":76123,"date":"2026-02-15T13:04:53","date_gmt":"2026-02-15T17:34:53","guid":{"rendered":"https:\/\/elmundodelosnegocios.com.do\/v1\/el-gramaso-en-lo-alto-de-la-cordillera-central-ya-tiene-energia-electrica\/"},"modified":"2026-02-15T13:04:53","modified_gmt":"2026-02-15T17:34:53","slug":"el-gramaso-en-lo-alto-de-la-cordillera-central-ya-tiene-energia-electrica","status":"publish","type":"post","link":"https:\/\/elmundodelosnegocios.com.do\/v1\/el-gramaso-en-lo-alto-de-la-cordillera-central-ya-tiene-energia-electrica\/","title":{"rendered":"El Gramaso, en lo alto de la cordillera Central, ya tiene energ\u00eda el\u00e9ctrica"},"content":{"rendered":"<div>\n<div class=\"pf-content\">\n<div class=\"printfriendly pf-button pf-button-content pf-alignright\">\n                    <a href=\"https:\/\/mem.gob.do\/el-gramaso-en-lo-alto-de-la-cordillera-central-ya-tiene-energia-electrica\/?pfstyle=wp\" rel=\"nofollow\" onclick=\"\" title=\"Printer Friendly, PDF &amp; Email\"><br \/>\n                    <img decoding=\"async\" class=\"pf-button-img\" src=\"https:\/\/cdn.printfriendly.com\/buttons\/printfriendly-pdf-email-button-notext.png\" alt=\"Print Friendly, PDF &amp; Email\" style=\"width: 110px;height: 30px;\"><br \/>\n                    <\/a>\n                <\/div>\n<p><em>La \u00faltima comunidad en las monta\u00f1as de Padre las Casas, lim\u00edtrofe con Constanza, recibe electricidad; el ministro Joel Santos anuncia nuevas obras de electrificaci\u00f3n rural por m\u00e1s de RD$28 millones<\/em><\/p>\n<p><span id=\"more-12996\"><\/span><\/p>\n<p><em>La \u00faltima comunidad en las monta\u00f1as de Padre las Casas, lim\u00edtrofe con Constanza, recibe electricidad; el ministro Joel Santos anuncia nuevas obras de electrificaci\u00f3n rural por m\u00e1s de RD$28 millones<\/em><\/p>\n<div class=\"wp-block-media-text is-stacked-on-mobile\" style=\"grid-template-columns:37% auto\">\n<figure class=\"wp-block-media-text__media\"><img fetchpriority=\"high\" decoding=\"async\" width=\"1024\" height=\"575\" src=\"https:\/\/mem.gob.do\/wp-content\/uploads\/2026\/02\/WhatsApp-Image-2026-02-15-at-12.34.39-PM-1024x575.jpeg\" alt=\"El Gramaso\" class=\"wp-image-12998 size-full\" srcset=\"https:\/\/mem.gob.do\/wp-content\/uploads\/2026\/02\/WhatsApp-Image-2026-02-15-at-12.34.39-PM-1024x575.jpeg 1024w, https:\/\/mem.gob.do\/wp-content\/uploads\/2026\/02\/WhatsApp-Image-2026-02-15-at-12.34.39-PM-300x169.jpeg 300w, https:\/\/mem.gob.do\/wp-content\/uploads\/2026\/02\/WhatsApp-Image-2026-02-15-at-12.34.39-PM-768x431.jpeg 768w, https:\/\/mem.gob.do\/wp-content\/uploads\/2026\/02\/WhatsApp-Image-2026-02-15-at-12.34.39-PM.jpeg 1043w\" sizes=\"(max-width: 1024px) 100vw, 1024px\"><\/figure>\n<div class=\"wp-block-media-text__content\">\n<p><strong>PADRE LAS CASAS, AZUA. <\/strong>Enclavada en la cordillera Central, en lo m\u00e1s alto de una monta\u00f1a que marca el l\u00edmite natural con el municipio Constanza, la comunidad de El Gramaso dej\u00f3 atr\u00e1s d\u00e9cadas de oscuridad.<\/p>\n<\/div>\n<\/div>\n<p>Considerada la \u00faltima localidad habitada en esa l\u00ednea de monta\u00f1as y de dif\u00edcil acceso, donde el trayecto implica recorrer caminos empinados y cruzar afluentes, hoy cuenta por primera vez con energ\u00eda el\u00e9ctrica, gracias a un sistema de generaci\u00f3n solar instalado por el Gobierno dominicano.<\/p>\n<p>El ministro de Energ\u00eda y Minas, Joel Santos, puso en funcionamiento el proyecto de electrificaci\u00f3n rural que beneficia directamente a 81 familias, as\u00ed como al Centro Educativo Vicente Cruz Victoriano, un centro de internet y la residencia de los profesores, impactando a m\u00e1s de 300 personas.<\/p>\n<p>Resalt\u00f3 que llevar electricidad hasta El Gramaso representa un acto de justicia territorial y el cumplimiento del compromiso del presidente Luis Abinader, de atender a las comunidades m\u00e1s necesitadas, sin importar la distancia ni la complejidad del acceso.<\/p>\n<div class=\"wp-block-media-text is-stacked-on-mobile\" style=\"grid-template-columns:37% auto\">\n<figure class=\"wp-block-media-text__media\"><img loading=\"lazy\" decoding=\"async\" width=\"1024\" height=\"684\" src=\"https:\/\/mem.gob.do\/wp-content\/uploads\/2026\/02\/WhatsApp-Image-2026-02-15-at-12.34.40-PM-1-1024x684.jpeg\" alt=\"El ministro Joel Santos anunci\u00f3 que este a\u00f1o se ejecutar\u00e1n nuevos proyectos de electrificaci\u00f3n en otras zonas aleda\u00f1as a El Gramaso.\" class=\"wp-image-12999 size-full\" srcset=\"https:\/\/mem.gob.do\/wp-content\/uploads\/2026\/02\/WhatsApp-Image-2026-02-15-at-12.34.40-PM-1-1024x684.jpeg 1024w, https:\/\/mem.gob.do\/wp-content\/uploads\/2026\/02\/WhatsApp-Image-2026-02-15-at-12.34.40-PM-1-300x200.jpeg 300w, https:\/\/mem.gob.do\/wp-content\/uploads\/2026\/02\/WhatsApp-Image-2026-02-15-at-12.34.40-PM-1-768x513.jpeg 768w, https:\/\/mem.gob.do\/wp-content\/uploads\/2026\/02\/WhatsApp-Image-2026-02-15-at-12.34.40-PM-1-1536x1026.jpeg 1536w, https:\/\/mem.gob.do\/wp-content\/uploads\/2026\/02\/WhatsApp-Image-2026-02-15-at-12.34.40-PM-1.jpeg 2048w\" sizes=\"auto, (max-width: 1024px) 100vw, 1024px\"><\/figure>\n<div class=\"wp-block-media-text__content\">\n<p>\u201cEstamos en la cima de la cordillera Central, en una comunidad que pareci\u00f3 demasiado lejana para ser prioridad. Hoy demostramos que donde el acceso es m\u00e1s dif\u00edcil, la presencia del Estado es m\u00e1s necesaria\u201d, expres\u00f3.<\/p>\n<\/div>\n<\/div>\n<p>Durante su intervenci\u00f3n, el ministro anunci\u00f3 nuevas obras de electrificaci\u00f3n rural en las comunidades de la cordillera Central, dentro de las que cit\u00f3 a El Tetero y Vallecito, en las que se ejecutar\u00e1n proyectos en varias etapas, con una inversi\u00f3n aproximada de RD$28.9 millones.<\/p>\n<p>Santos precis\u00f3 que, actualmente mantiene en proceso de levantamiento 34 nuevos proyectos en el municipio, que incluye 19 de electrificaci\u00f3n de redes y 16 de instalaci\u00f3n de luminarias (m\u00e1s de 2,000 unidades), para ampliar la cobertura el\u00e9ctrica y fortalecer la seguridad comunitaria.<\/p>\n<p>Record\u00f3 que esas iniciativas se suman a proyectos ya ejecutados en 2025, como la extensi\u00f3n de redes en la comunidad San Miguel, tambi\u00e9n en Padre Las Casas.<\/p>\n<p>Con esa intervenci\u00f3n, El Gramaso deja de ser la \u00faltima comunidad sin energ\u00eda en lo alto de la cordillera Central y se convierte en s\u00edmbolo de c\u00f3mo la planificaci\u00f3n t\u00e9cnica y la sensibilidad social pueden cruzar monta\u00f1as y reducir brechas hist\u00f3ricas, llevando progreso y oportunidades donde antes solo hab\u00eda aislamiento.<\/p>\n<p><strong>Llevando Luz<\/strong><\/p>\n<div class=\"wp-block-media-text is-stacked-on-mobile\" style=\"grid-template-columns:37% auto\">\n<figure class=\"wp-block-media-text__media\"><img loading=\"lazy\" decoding=\"async\" width=\"1024\" height=\"576\" src=\"https:\/\/mem.gob.do\/wp-content\/uploads\/2026\/02\/WhatsApp-Image-2026-02-15-at-12.34.41-PM-1024x576.jpeg\" alt=\"\" class=\"wp-image-13000 size-full\" srcset=\"https:\/\/mem.gob.do\/wp-content\/uploads\/2026\/02\/WhatsApp-Image-2026-02-15-at-12.34.41-PM-1024x576.jpeg 1024w, https:\/\/mem.gob.do\/wp-content\/uploads\/2026\/02\/WhatsApp-Image-2026-02-15-at-12.34.41-PM-300x169.jpeg 300w, https:\/\/mem.gob.do\/wp-content\/uploads\/2026\/02\/WhatsApp-Image-2026-02-15-at-12.34.41-PM-768x432.jpeg 768w, https:\/\/mem.gob.do\/wp-content\/uploads\/2026\/02\/WhatsApp-Image-2026-02-15-at-12.34.41-PM-1536x864.jpeg 1536w, https:\/\/mem.gob.do\/wp-content\/uploads\/2026\/02\/WhatsApp-Image-2026-02-15-at-12.34.41-PM.jpeg 1600w\" sizes=\"auto, (max-width: 1024px) 100vw, 1024px\"><\/figure>\n<div class=\"wp-block-media-text__content\">\n<p>La obra, ejecutada por la Direcci\u00f3n de Electrificaci\u00f3n Rural y Suburbana (DERS), del Viceministerio de Energ\u00eda, ejecut\u00f3 una inversi\u00f3n de RD$8,955,950 y contempla una capacidad instalada de 46.6 kilovatios pico, mediante la colocaci\u00f3n de 84 paneles solares de 555 Wp, bater\u00edas de ciclo profundo e infraestructura el\u00e9ctrica interna que garantiza un suministro seguro y sostenible.<\/p>\n<\/div>\n<\/div>\n<p>Santos subray\u00f3 que la iniciativa tambi\u00e9n tendr\u00e1 un impacto positivo en la educaci\u00f3n de esa comunidad: \u201cDotar de energ\u00eda a la escuela, al centro de internet y al hogar de las profesoras es apostar al futuro de El Gramaso. Es decirles a nuestros ni\u00f1os y j\u00f3venes que el conocimiento tambi\u00e9n puede subir la loma y cruzar el r\u00edo; que no est\u00e1n solos y que el Estado cree en su potencial\u201d, dijo.<\/p>\n<p>El ministro destac\u00f3 el trabajo del equipo t\u00e9cnico del Programa Llevando Luz, ejecutado por la DERS, que hizo posible la instalaci\u00f3n del proyecto en la citada comunidad, ubicada a m\u00e1s de 45 kil\u00f3metros de Padre Las Casas, cuyo acceso implica recorrer caminos entre monta\u00f1as y cruzar afluentes.<\/p>\n<p>La DERS tiene como misi\u00f3n llevar energ\u00eda el\u00e9ctrica a las comunidades rurales y suburbanas del pa\u00eds, promoviendo el uso responsable de la energ\u00eda y el cuidado del medioambiente, con el prop\u00f3sito de mejorar la calidad de vida, reducir la inequidad social e impulsar el desarrollo socioecon\u00f3mico en las zonas impactadas.<\/p>\n<div class=\"wp-block-media-text has-media-on-the-right is-stacked-on-mobile\" style=\"grid-template-columns:auto 37%\">\n<div class=\"wp-block-media-text__content\">\n<p>Al cierre de la actividad, Santos jurament\u00f3 una comisi\u00f3n de comunitarios que estar\u00e1n encargados de velar por el proyecto. Del mismo modo, llam\u00f3 a todos los residentes de El Gramaso a hacer un uso correcto de la energ\u00eda. \u201cCu\u00eddenla, aprov\u00e9chenla y sigan creyendo: cuando una comunidad persevera, \u00a1la luz siempre termina llegando!\u201d, exclam\u00f3.<\/p>\n<\/div>\n<figure class=\"wp-block-media-text__media\"><img loading=\"lazy\" decoding=\"async\" width=\"1024\" height=\"849\" src=\"https:\/\/mem.gob.do\/wp-content\/uploads\/2026\/02\/WhatsApp-Image-2026-02-15-at-12.34.41-PM-1-1024x849.jpeg\" alt=\"\" class=\"wp-image-13001 size-full\" srcset=\"https:\/\/mem.gob.do\/wp-content\/uploads\/2026\/02\/WhatsApp-Image-2026-02-15-at-12.34.41-PM-1-1024x849.jpeg 1024w, https:\/\/mem.gob.do\/wp-content\/uploads\/2026\/02\/WhatsApp-Image-2026-02-15-at-12.34.41-PM-1-300x249.jpeg 300w, https:\/\/mem.gob.do\/wp-content\/uploads\/2026\/02\/WhatsApp-Image-2026-02-15-at-12.34.41-PM-1-768x636.jpeg 768w, https:\/\/mem.gob.do\/wp-content\/uploads\/2026\/02\/WhatsApp-Image-2026-02-15-at-12.34.41-PM-1-1536x1273.jpeg 1536w, https:\/\/mem.gob.do\/wp-content\/uploads\/2026\/02\/WhatsApp-Image-2026-02-15-at-12.34.41-PM-1.jpeg 2048w\" sizes=\"auto, (max-width: 1024px) 100vw, 1024px\"><\/figure>\n<\/div>\n<p>De su lado, tanto la gobernadora de Azua, Mar\u00eda Minerva Navarro, as\u00ed como la senadora de esa demarcaci\u00f3n y el alcalde del distrito municipal Las Lagunas, L\u00eda D\u00edaz y Wilkin Abreu, respectivamente, coincidieron en que la implementaci\u00f3n del proyecto en El Gramaso representa m\u00e1s que energ\u00eda limpia, dignidad para cada uno de los residentes de esa remota comunidad.<\/p>\n<p>En el acto de entrega tambi\u00e9n estuvieron la diputada de Azua, Grey P\u00e9rez; Ricardo Guerrero, viceministro de Energ\u00eda; Eick D\u00edaz Beltr\u00e9, director de la DERS; Vladimir Ozorio, director de Gesti\u00f3n Social; los se\u00f1ores Ram\u00f3n D\u00edaz y Luis Pi\u00f1a, en representaci\u00f3n de Melba Segura de Grull\u00f3n, presidenta de la Fundaci\u00f3n Sur Futuro y sor Audelia Rodr\u00edguez, encargada del distrito El Gramaso, de la Congregaci\u00f3n Hermanas Apost\u00f3licas en Cristo Crucificado.<\/p>\n<\/div>\n<p>The post <a href=\"https:\/\/mem.gob.do\/el-gramaso-en-lo-alto-de-la-cordillera-central-ya-tiene-energia-electrica\/\">El Gramaso, en lo alto de la cordillera Central, ya tiene energ\u00eda el\u00e9ctrica<\/a> first appeared on <a href=\"https:\/\/mem.gob.do\/\">Ministerio de Energ\u00eda y Minas<\/a>.<\/p>\n<\/div>\n","protected":false},"excerpt":{"rendered":"<p>La \u00faltima comunidad en las monta\u00f1as de Padre las Casas, lim\u00edtrofe con Constanza, recibe electricidad; el ministro Joel Santos anuncia nuevas obras de electrificaci\u00f3n rural por m\u00e1s de RD$28 millones&hellip; <\/p>\n","protected":false},"author":3,"featured_media":0,"comment_status":"closed","ping_status":"closed","sticky":false,"template":"","format":"standard","meta":{"fifu_image_url":"","fifu_image_alt":"","footnotes":""},"categories":[182],"tags":[],"class_list":["post-76123","post","type-post","status-publish","format-standard","hentry","category-energia"],"_links":{"self":[{"href":"https:\/\/elmundodelosnegocios.com.do\/v1\/wp-json\/wp\/v2\/posts\/76123","targetHints":{"allow":["GET"]}}],"collection":[{"href":"https:\/\/elmundodelosnegocios.com.do\/v1\/wp-json\/wp\/v2\/posts"}],"about":[{"href":"https:\/\/elmundodelosnegocios.com.do\/v1\/wp-json\/wp\/v2\/types\/post"}],"author":[{"embeddable":true,"href":"https:\/\/elmundodelosnegocios.com.do\/v1\/wp-json\/wp\/v2\/users\/3"}],"replies":[{"embeddable":true,"href":"https:\/\/elmundodelosnegocios.com.do\/v1\/wp-json\/wp\/v2\/comments?post=76123"}],"version-history":[{"count":0,"href":"https:\/\/elmundodelosnegocios.com.do\/v1\/wp-json\/wp\/v2\/posts\/76123\/revisions"}],"wp:attachment":[{"href":"https:\/\/elmundodelosnegocios.com.do\/v1\/wp-json\/wp\/v2\/media?parent=76123"}],"wp:term":[{"taxonomy":"category","embeddable":true,"href":"https:\/\/elmundodelosnegocios.com.do\/v1\/wp-json\/wp\/v2\/categories?post=76123"},{"taxonomy":"post_tag","embeddable":true,"href":"https:\/\/elmundodelosnegocios.com.do\/v1\/wp-json\/wp\/v2\/tags?post=76123"}],"curies":[{"name":"wp","href":"https:\/\/api.w.org\/{rel}","templated":true}]}}