{"id":76141,"date":"2026-02-16T16:48:09","date_gmt":"2026-02-16T21:18:09","guid":{"rendered":"https:\/\/elmundodelosnegocios.com.do\/v1\/?p=76141"},"modified":"2026-02-16T16:48:11","modified_gmt":"2026-02-16T21:18:11","slug":"refidomsa-dona-obra-de-minerva-mirabal-a-museo-hermanas-mirabal","status":"publish","type":"post","link":"https:\/\/elmundodelosnegocios.com.do\/v1\/refidomsa-dona-obra-de-minerva-mirabal-a-museo-hermanas-mirabal\/","title":{"rendered":"Refidomsa dona obra de Minerva Mirabal a museo Hermanas Mirabal"},"content":{"rendered":"\n<p>El presidente del Consejo de Administraci\u00f3n de la Refiner\u00eda Dominicana de Petr\u00f3leo (Refidomsa), Samuel Pereyra, don\u00f3 el pasado jueves una pintura de la hero\u00edna Minerva Mirabal a la Fundaci\u00f3n Museo Hermanas Mirabal en Ojo de Agua, Salcedo.<\/p>\n\n\n<div class=\"wp-block-image\">\n<figure data-wp-context=\"{&quot;imageId&quot;:&quot;69ec7fdb6faf6&quot;}\" data-wp-interactive=\"core\/image\" data-wp-key=\"69ec7fdb6faf6\" class=\"aligncenter size-large wp-lightbox-container\"><img loading=\"lazy\" decoding=\"async\" width=\"1024\" height=\"576\" data-wp-class--hide=\"state.isContentHidden\" data-wp-class--show=\"state.isContentVisible\" data-wp-init=\"callbacks.setButtonStyles\" data-wp-on--click=\"actions.showLightbox\" data-wp-on--load=\"callbacks.setButtonStyles\" data-wp-on-window--resize=\"callbacks.setButtonStyles\" src=\"https:\/\/elmundodelosnegocios.com.do\/v1\/wp-content\/uploads\/2026\/02\/Devalacion-de-la-Obra-1024x576.jpeg\" alt=\"\" class=\"wp-image-76142\" srcset=\"https:\/\/elmundodelosnegocios.com.do\/v1\/wp-content\/uploads\/2026\/02\/Devalacion-de-la-Obra-1024x576.jpeg 1024w, https:\/\/elmundodelosnegocios.com.do\/v1\/wp-content\/uploads\/2026\/02\/Devalacion-de-la-Obra-300x169.jpeg 300w, https:\/\/elmundodelosnegocios.com.do\/v1\/wp-content\/uploads\/2026\/02\/Devalacion-de-la-Obra-768x432.jpeg 768w, https:\/\/elmundodelosnegocios.com.do\/v1\/wp-content\/uploads\/2026\/02\/Devalacion-de-la-Obra.jpeg 1365w\" sizes=\"auto, (max-width: 1024px) 100vw, 1024px\" \/><button\n\t\t\tclass=\"lightbox-trigger\"\n\t\t\ttype=\"button\"\n\t\t\taria-haspopup=\"dialog\"\n\t\t\taria-label=\"Agrandar\"\n\t\t\tdata-wp-init=\"callbacks.initTriggerButton\"\n\t\t\tdata-wp-on--click=\"actions.showLightbox\"\n\t\t\tdata-wp-style--right=\"state.imageButtonRight\"\n\t\t\tdata-wp-style--top=\"state.imageButtonTop\"\n\t\t>\n\t\t\t<svg xmlns=\"http:\/\/www.w3.org\/2000\/svg\" width=\"12\" height=\"12\" fill=\"none\" viewBox=\"0 0 12 12\">\n\t\t\t\t<path fill=\"#fff\" d=\"M2 0a2 2 0 0 0-2 2v2h1.5V2a.5.5 0 0 1 .5-.5h2V0H2Zm2 10.5H2a.5.5 0 0 1-.5-.5V8H0v2a2 2 0 0 0 2 2h2v-1.5ZM8 12v-1.5h2a.5.5 0 0 0 .5-.5V8H12v2a2 2 0 0 1-2 2H8Zm2-12a2 2 0 0 1 2 2v2h-1.5V2a.5.5 0 0 0-.5-.5H8V0h2Z\" \/>\n\t\t\t<\/svg>\n\t\t<\/button><\/figure>\n<\/div>\n\n\n<p>La obra, titulada \u201cBodeg\u00f3n\u201d, realizada por Minerva Mirabal en 1949 y regalada por su autora a una amiga de infancia, viaj\u00f3 a Madrid y posteriormente a Nueva York, para luego regresar a Santiago durante la pandemia del COVID-19 en 2020. M\u00e1s adelante fue localizada por amigos de la familia Mirabal y adquirida por Pereyra para su restauraci\u00f3n y posterior donaci\u00f3n al museo.<\/p>\n\n\n\n<p>En un acto emotivo y de gran significaci\u00f3n hist\u00f3rica, la obra fue develada en presencia del personal directivo de la fundaci\u00f3n museo; autoridades provinciales, entre ellas la senadora Mercedes Ortiz (Mecho); miembros de la familia Mirabal y de la fundaci\u00f3n, incluyendo a Jaime David Fern\u00e1ndez Mirabal; ejecutivos de Refidomsa; Wilson Rodr\u00edguez, miembro del Consejo de Administraci\u00f3n; Rafael Cabrera, coordinador del Consejo Administrativo; Luis Mi\u00f1oso, director de Comunicaciones; as\u00ed como gestores culturales y representantes de la prensa local.<\/p>\n\n\n\n<p>El reconocido cr\u00edtico de arte Abil Peralta Ag\u00fcero realiz\u00f3 la autenticaci\u00f3n y curadur\u00eda de la pieza, informando que la restauraci\u00f3n estuvo a cargo del destacado artista peruano Antonio Gonz\u00e1lez Duche.<\/p>\n\n\n\n<p>En su intervenci\u00f3n, el se\u00f1or Abil Peralta destac\u00f3 las cualidades intelectuales de Minerva Mirabal y su incursi\u00f3n en la literatura nacional en el g\u00e9nero epistolar, as\u00ed como en el arte, donde cre\u00f3 unas 18 obras pl\u00e1sticas y varias esculturas, incluso desde la c\u00e1rcel. Peralta Ag\u00fcero describi\u00f3 la donaci\u00f3n de Samuel Pereyra como \u201cun rescate a la memoria hist\u00f3rica de las mariposas dominicanas\u201d.<\/p>\n\n\n\n<p>De su parte, el presidente del Consejo de Administraci\u00f3n de Refidomsa, Samuel Pereyra, con ra\u00edces familiares en la provincia Hermanas Mirabal, ponder\u00f3 como \u201cinmensa\u201d la memoria de Patria Mirabal, Minerva Mirabal y Mar\u00eda Teresa Mirabal, exhortando a todos los j\u00f3venes dominicanos a visitar el museo y sentir la presencia de las hero\u00ednas.<\/p>\n\n\n\n<p>Pereyra dijo que \u201ces un honor contribuir con la adquisici\u00f3n y donaci\u00f3n de un producto cultural fruto del esfuerzo art\u00edstico de Minerva Mirabal; todo lo que podamos hacer como ciudadanos es poco para preservar el patrimonio cultural de nuestras mariposas de la libertad\u201d.<\/p>\n\n\n\n<p>El acto de donaci\u00f3n concluy\u00f3 con las palabras de Manolo Tavares Mirabal, quien agradeci\u00f3 a Pereyra la donaci\u00f3n de la obra y, en nombre de la familia, mostr\u00f3 su complacencia por la actividad.<\/p>\n\n\n\n<p>La actividad de donaci\u00f3n y develaci\u00f3n de la obra estuvo presidida por una visita guiada a cargo de Minou Tavarez Mirabal y emotivos momentos durante el recorrido, observando la colecci\u00f3n del museo donde se exhiben piezas personales, muebles, fotograf\u00edas, ropas, libros y otras pertenencias de Patria, Minerva y Mar\u00eda Teresa Mirabal.<\/p>\n","protected":false},"excerpt":{"rendered":"<p>El presidente del Consejo de Administraci\u00f3n de la Refiner\u00eda Dominicana de Petr\u00f3leo (Refidomsa), Samuel Pereyra, don\u00f3 el pasado jueves una pintura de la hero\u00edna Minerva Mirabal a la Fundaci\u00f3n Museo&hellip; <\/p>\n","protected":false},"author":2,"featured_media":76144,"comment_status":"closed","ping_status":"closed","sticky":false,"template":"","format":"standard","meta":{"fifu_image_url":"https:\/\/elmundodelosnegocios.com.do\/v1\/wp-content\/uploads\/2026\/02\/Devalacion-de-la-Obra.jpeg","fifu_image_alt":"","footnotes":""},"categories":[148],"tags":[],"class_list":["post-76141","post","type-post","status-publish","format-standard","has-post-thumbnail","hentry","category-cultura"],"_links":{"self":[{"href":"https:\/\/elmundodelosnegocios.com.do\/v1\/wp-json\/wp\/v2\/posts\/76141","targetHints":{"allow":["GET"]}}],"collection":[{"href":"https:\/\/elmundodelosnegocios.com.do\/v1\/wp-json\/wp\/v2\/posts"}],"about":[{"href":"https:\/\/elmundodelosnegocios.com.do\/v1\/wp-json\/wp\/v2\/types\/post"}],"author":[{"embeddable":true,"href":"https:\/\/elmundodelosnegocios.com.do\/v1\/wp-json\/wp\/v2\/users\/2"}],"replies":[{"embeddable":true,"href":"https:\/\/elmundodelosnegocios.com.do\/v1\/wp-json\/wp\/v2\/comments?post=76141"}],"version-history":[{"count":1,"href":"https:\/\/elmundodelosnegocios.com.do\/v1\/wp-json\/wp\/v2\/posts\/76141\/revisions"}],"predecessor-version":[{"id":76143,"href":"https:\/\/elmundodelosnegocios.com.do\/v1\/wp-json\/wp\/v2\/posts\/76141\/revisions\/76143"}],"wp:featuredmedia":[{"embeddable":true,"href":"https:\/\/elmundodelosnegocios.com.do\/v1\/wp-json\/wp\/v2\/media\/76144"}],"wp:attachment":[{"href":"https:\/\/elmundodelosnegocios.com.do\/v1\/wp-json\/wp\/v2\/media?parent=76141"}],"wp:term":[{"taxonomy":"category","embeddable":true,"href":"https:\/\/elmundodelosnegocios.com.do\/v1\/wp-json\/wp\/v2\/categories?post=76141"},{"taxonomy":"post_tag","embeddable":true,"href":"https:\/\/elmundodelosnegocios.com.do\/v1\/wp-json\/wp\/v2\/tags?post=76141"}],"curies":[{"name":"wp","href":"https:\/\/api.w.org\/{rel}","templated":true}]}}