{"id":76146,"date":"2026-02-17T11:04:51","date_gmt":"2026-02-17T15:34:51","guid":{"rendered":"https:\/\/elmundodelosnegocios.com.do\/v1\/ministerio-de-energia-y-minas-organiza-taller-sobre-usos-y-caracteristicas-de-baterias-para-almacenamiento-de-energia\/"},"modified":"2026-02-17T11:04:51","modified_gmt":"2026-02-17T15:34:51","slug":"ministerio-de-energia-y-minas-organiza-taller-sobre-usos-y-caracteristicas-de-baterias-para-almacenamiento-de-energia","status":"publish","type":"post","link":"https:\/\/elmundodelosnegocios.com.do\/v1\/ministerio-de-energia-y-minas-organiza-taller-sobre-usos-y-caracteristicas-de-baterias-para-almacenamiento-de-energia\/","title":{"rendered":"Ministerio de Energ\u00eda y Minas organiza taller sobre usos y caracter\u00edsticas de bater\u00edas para almacenamiento de energ\u00eda"},"content":{"rendered":"<div>\n<div class=\"pf-content\">\n<div class=\"printfriendly pf-button pf-button-content pf-alignright\">\n                    <a href=\"https:\/\/mem.gob.do\/ministerio-de-energia-y-minas-organiza-taller-sobre-usos-y-caracteristicas-de-baterias-para-almacenamiento-de-energia\/?pfstyle=wp\" rel=\"nofollow\" onclick=\"\" title=\"Printer Friendly, PDF &amp; Email\"><br \/>\n                    <img decoding=\"async\" class=\"pf-button-img\" src=\"https:\/\/cdn.printfriendly.com\/buttons\/printfriendly-pdf-email-button-notext.png\" alt=\"Print Friendly, PDF &amp; Email\" style=\"width: 110px;height: 30px;\"><br \/>\n                    <\/a>\n                <\/div>\n<p><em>La capacitaci\u00f3n estuvo dirigida a t\u00e9cnicos del sector el\u00e9ctrico nacional, ante los planes de incorporar sistemas de almacenamiento a la operaci\u00f3n del SENI<\/em><\/p>\n<p><span id=\"more-13008\"><\/span><\/p>\n<p><em>La capacitaci\u00f3n estuvo dirigida a t\u00e9cnicos del sector el\u00e9ctrico nacional, ante los planes de incorporar sistemas de almacenamiento a la operaci\u00f3n del SENI<\/em><\/p>\n<div class=\"wp-block-post-date\"><time datetime=\"2026-02-17T15:10:44.782Z\">17 febrero, 2026<\/time><\/div>\n<div class=\"wp-block-media-text is-stacked-on-mobile\" style=\"grid-template-columns:36% auto\">\n<figure class=\"wp-block-media-text__media\"><img fetchpriority=\"high\" decoding=\"async\" width=\"1024\" height=\"684\" src=\"https:\/\/mem.gob.do\/wp-content\/uploads\/2026\/02\/1000059709-1024x684.jpg\" alt=\"Equipos t\u00e9cnicos reciben informaci\u00f3n actualizada sobre tendencias y aplicaciones de sistemas de almacenamiento energ\u00e9tico.\" class=\"wp-image-13010 size-full\" srcset=\"https:\/\/mem.gob.do\/wp-content\/uploads\/2026\/02\/1000059709-1024x684.jpg 1024w, https:\/\/mem.gob.do\/wp-content\/uploads\/2026\/02\/1000059709-300x200.jpg 300w, https:\/\/mem.gob.do\/wp-content\/uploads\/2026\/02\/1000059709-768x513.jpg 768w, https:\/\/mem.gob.do\/wp-content\/uploads\/2026\/02\/1000059709-1536x1026.jpg 1536w, https:\/\/mem.gob.do\/wp-content\/uploads\/2026\/02\/1000059709-2048x1368.jpg 2048w\" sizes=\"(max-width: 1024px) 100vw, 1024px\"><\/figure>\n<div class=\"wp-block-media-text__content\">\n<p><strong>SANTO DOMINGO.<\/strong> \u2013 El Ministerio de Energ\u00eda y Minas (MEM) realiz\u00f3 un taller sobre tecnolog\u00edas, usos y caracter\u00edsticas de los distintos tipos de bater\u00edas empleadas para el almacenamiento de energ\u00eda, dirigido al personal t\u00e9cnico del sector el\u00e9ctrico nacional.<\/p>\n<\/div>\n<\/div>\n<p>La jornada, celebrada en la sede del MEM, fue organizada por el Viceministerio de Energ\u00eda El\u00e9ctrica y cont\u00f3 con la participaci\u00f3n de representantes de la empresa china Contemporary Amperex Technology Co., Limited (CATL), quienes presentaron en detalle los componentes con los que se fabrican las bater\u00edas, y sus niveles de eficiencia, rendimiento y seguridad para el respaldo energ\u00e9tico.<\/p>\n<div class=\"wp-block-media-text has-media-on-the-right is-stacked-on-mobile\" style=\"grid-template-columns:auto 36%\">\n<div class=\"wp-block-media-text__content\">\n<p>\u201cRealizamos este encuentro con el prop\u00f3sito propiciar un intercambio t\u00e9cnico con representantes de CATL, uno de los mayores fabricantes de bater\u00edas a nivel mundial, a fin de que los especialistas del subsector el\u00e9ctrico profundizaran en aspectos que no suelen detallarse en los cat\u00e1logos comerciales. La participaci\u00f3n directa de sus expertos permiti\u00f3 acceder a informaci\u00f3n actualizada y de alto nivel t\u00e9cnico\u201d, explic\u00f3 el viceministro de Energ\u00eda El\u00e9ctrica, Ricardo Guerrero.<\/p>\n<\/div>\n<figure class=\"wp-block-media-text__media\"><img loading=\"lazy\" decoding=\"async\" width=\"1024\" height=\"684\" src=\"https:\/\/mem.gob.do\/wp-content\/uploads\/2026\/02\/1000059711-1024x684.jpg\" alt=\"El viceministro de Energ\u00eda El\u00e9ctrica, Ricardo Guerrero, encabeza el taller sobre uso y eficiencia de bater\u00edas para almacenamiento de energ\u00eda.\" class=\"wp-image-13011 size-full\" srcset=\"https:\/\/mem.gob.do\/wp-content\/uploads\/2026\/02\/1000059711-1024x684.jpg 1024w, https:\/\/mem.gob.do\/wp-content\/uploads\/2026\/02\/1000059711-300x200.jpg 300w, https:\/\/mem.gob.do\/wp-content\/uploads\/2026\/02\/1000059711-768x513.jpg 768w, https:\/\/mem.gob.do\/wp-content\/uploads\/2026\/02\/1000059711-1536x1026.jpg 1536w, https:\/\/mem.gob.do\/wp-content\/uploads\/2026\/02\/1000059711-2048x1368.jpg 2048w\" sizes=\"auto, (max-width: 1024px) 100vw, 1024px\"><\/figure>\n<\/div>\n<p>Guerrero indic\u00f3 que este es el primero de varios encuentros previstos, alineados con el inter\u00e9s del MEM de integrar sistemas de almacenamiento con bater\u00edas a la operaci\u00f3n del Sistema El\u00e9ctrico Nacional Interconectado (SENI), a fin de fortalecer su eficiencia y confiabilidad.<\/p>\n<p>El viceministro agreg\u00f3 que est\u00e1n interesados en estos avances y que, en la medida en que los ingenieros est\u00e9n mejor preparados, habr\u00e1 mayores oportunidades para cumplir las metas establecidas.<\/p>\n<p>Explic\u00f3 que, con frecuencia, el contacto institucional se limita a representantes comerciales, por lo que estos espacios permiten profundizar en aspectos estrictamente t\u00e9cnicos.<\/p>\n<p>Se\u00f1al\u00f3 que el almacenamiento energ\u00e9tico mediante bater\u00edas es un campo relativamente reciente en el pa\u00eds y requiere actualizaci\u00f3n constante para avanzar conforme a la hoja de ruta establecida en el Plan Energ\u00e9tico Nacional que ejecuta el Gobierno a trav\u00e9s de las instituciones del sector.<\/p>\n<p>Entre los participantes se estaban los t\u00e9cnicos de los viceministerios de Energ\u00eda El\u00e9ctrica e Innovaci\u00f3n y Transici\u00f3n Energ\u00e9tica, adem\u00e1s de la Empresa de Transmisi\u00f3n El\u00e9ctrica Dominicana (ETED), la Superintendencia de Electricidad (SIE) y la Comisi\u00f3n Nacional de Energ\u00eda (CNE), quienes intercambiaron preguntas y experiencias con los especialistas sobre instalaci\u00f3n, operaci\u00f3n y mantenimiento de bancos de bater\u00edas.<\/p>\n<p><strong>Sobre CATL<\/strong><\/p>\n<p>CATL (Contemporary Amperex Technology Co., Limited), fundada en 2011 en Ningde, China, es uno de los principales fabricantes mundiales de bater\u00edas para veh\u00edculos el\u00e9ctricos y sistemas de almacenamiento de energ\u00eda. La empresa se destaca por su innovaci\u00f3n en celdas de iones de litio y sodio (LFP), opera m\u00faltiples plantas en China y ha expandido su presencia internacional con instalaciones en Alemania y una nueva megaf\u00e1brica en Zaragoza, Espa\u00f1a, en asociaci\u00f3n con Stellantis, proyectada para 2026.<\/p>\n<\/div>\n<p>The post <a href=\"https:\/\/mem.gob.do\/ministerio-de-energia-y-minas-organiza-taller-sobre-usos-y-caracteristicas-de-baterias-para-almacenamiento-de-energia\/\">Ministerio de Energ\u00eda y Minas organiza taller sobre usos y caracter\u00edsticas de bater\u00edas para almacenamiento de energ\u00eda<\/a> first appeared on <a href=\"https:\/\/mem.gob.do\/\">Ministerio de Energ\u00eda y Minas<\/a>.<\/p>\n<\/div>\n","protected":false},"excerpt":{"rendered":"<p>La capacitaci\u00f3n estuvo dirigida a t\u00e9cnicos del sector el\u00e9ctrico nacional, ante los planes de incorporar sistemas de almacenamiento a la operaci\u00f3n del SENI La capacitaci\u00f3n estuvo dirigida a t\u00e9cnicos del&hellip; <\/p>\n","protected":false},"author":3,"featured_media":76147,"comment_status":"closed","ping_status":"closed","sticky":false,"template":"","format":"standard","meta":{"fifu_image_url":"","fifu_image_alt":"","footnotes":""},"categories":[182],"tags":[],"class_list":["post-76146","post","type-post","status-publish","format-standard","has-post-thumbnail","hentry","category-energia"],"_links":{"self":[{"href":"https:\/\/elmundodelosnegocios.com.do\/v1\/wp-json\/wp\/v2\/posts\/76146","targetHints":{"allow":["GET"]}}],"collection":[{"href":"https:\/\/elmundodelosnegocios.com.do\/v1\/wp-json\/wp\/v2\/posts"}],"about":[{"href":"https:\/\/elmundodelosnegocios.com.do\/v1\/wp-json\/wp\/v2\/types\/post"}],"author":[{"embeddable":true,"href":"https:\/\/elmundodelosnegocios.com.do\/v1\/wp-json\/wp\/v2\/users\/3"}],"replies":[{"embeddable":true,"href":"https:\/\/elmundodelosnegocios.com.do\/v1\/wp-json\/wp\/v2\/comments?post=76146"}],"version-history":[{"count":0,"href":"https:\/\/elmundodelosnegocios.com.do\/v1\/wp-json\/wp\/v2\/posts\/76146\/revisions"}],"wp:featuredmedia":[{"embeddable":true,"href":"https:\/\/elmundodelosnegocios.com.do\/v1\/wp-json\/wp\/v2\/media\/76147"}],"wp:attachment":[{"href":"https:\/\/elmundodelosnegocios.com.do\/v1\/wp-json\/wp\/v2\/media?parent=76146"}],"wp:term":[{"taxonomy":"category","embeddable":true,"href":"https:\/\/elmundodelosnegocios.com.do\/v1\/wp-json\/wp\/v2\/categories?post=76146"},{"taxonomy":"post_tag","embeddable":true,"href":"https:\/\/elmundodelosnegocios.com.do\/v1\/wp-json\/wp\/v2\/tags?post=76146"}],"curies":[{"name":"wp","href":"https:\/\/api.w.org\/{rel}","templated":true}]}}