{"id":76166,"date":"2026-02-20T15:52:46","date_gmt":"2026-02-20T20:22:46","guid":{"rendered":"https:\/\/elmundodelosnegocios.com.do\/v1\/?p=76166"},"modified":"2026-02-20T15:52:48","modified_gmt":"2026-02-20T20:22:48","slug":"jenny-polanco-inaugura-su-primera-boutique-internacional-en-coral-gables","status":"publish","type":"post","link":"https:\/\/elmundodelosnegocios.com.do\/v1\/jenny-polanco-inaugura-su-primera-boutique-internacional-en-coral-gables\/","title":{"rendered":"Jenny Polanco inaugura su primera boutique internacional en Coral Gables"},"content":{"rendered":"\n<p>La casa de moda Jenny Polanco inaugura su primera boutique propia fuera de Rep\u00fablica Dominicana, marcando un hito hist\u00f3rico para la marca y para la moda dominicana. Ubicada en Coral Gables, Florida, esta apertura representa mucho m\u00e1s que un nuevo espacio comercial: es la celebraci\u00f3n de un logro colectivo construido a lo largo de m\u00e1s de cuatro d\u00e9cadas de trabajo, artesan\u00eda y confianza.<\/p>\n\n\n<div class=\"wp-block-image\">\n<figure data-wp-context=\"{&quot;imageId&quot;:&quot;69ec6918cac35&quot;}\" data-wp-interactive=\"core\/image\" data-wp-key=\"69ec6918cac35\" class=\"aligncenter size-large wp-lightbox-container\"><img loading=\"lazy\" decoding=\"async\" width=\"1024\" height=\"576\" data-wp-class--hide=\"state.isContentHidden\" data-wp-class--show=\"state.isContentVisible\" data-wp-init=\"callbacks.setButtonStyles\" data-wp-on--click=\"actions.showLightbox\" data-wp-on--load=\"callbacks.setButtonStyles\" data-wp-on-window--resize=\"callbacks.setButtonStyles\" src=\"https:\/\/elmundodelosnegocios.com.do\/v1\/wp-content\/uploads\/2026\/02\/Untitled-design-1024x576.jpg\" alt=\"\" class=\"wp-image-76167\" srcset=\"https:\/\/elmundodelosnegocios.com.do\/v1\/wp-content\/uploads\/2026\/02\/Untitled-design-1024x576.jpg 1024w, https:\/\/elmundodelosnegocios.com.do\/v1\/wp-content\/uploads\/2026\/02\/Untitled-design-300x169.jpg 300w, https:\/\/elmundodelosnegocios.com.do\/v1\/wp-content\/uploads\/2026\/02\/Untitled-design-768x432.jpg 768w, https:\/\/elmundodelosnegocios.com.do\/v1\/wp-content\/uploads\/2026\/02\/Untitled-design-1536x864.jpg 1536w, https:\/\/elmundodelosnegocios.com.do\/v1\/wp-content\/uploads\/2026\/02\/Untitled-design-2048x1152.jpg 2048w\" sizes=\"auto, (max-width: 1024px) 100vw, 1024px\" \/><button\n\t\t\tclass=\"lightbox-trigger\"\n\t\t\ttype=\"button\"\n\t\t\taria-haspopup=\"dialog\"\n\t\t\taria-label=\"Agrandar\"\n\t\t\tdata-wp-init=\"callbacks.initTriggerButton\"\n\t\t\tdata-wp-on--click=\"actions.showLightbox\"\n\t\t\tdata-wp-style--right=\"state.imageButtonRight\"\n\t\t\tdata-wp-style--top=\"state.imageButtonTop\"\n\t\t>\n\t\t\t<svg xmlns=\"http:\/\/www.w3.org\/2000\/svg\" width=\"12\" height=\"12\" fill=\"none\" viewBox=\"0 0 12 12\">\n\t\t\t\t<path fill=\"#fff\" d=\"M2 0a2 2 0 0 0-2 2v2h1.5V2a.5.5 0 0 1 .5-.5h2V0H2Zm2 10.5H2a.5.5 0 0 1-.5-.5V8H0v2a2 2 0 0 0 2 2h2v-1.5ZM8 12v-1.5h2a.5.5 0 0 0 .5-.5V8H12v2a2 2 0 0 1-2 2H8Zm2-12a2 2 0 0 1 2 2v2h-1.5V2a.5.5 0 0 0-.5-.5H8V0h2Z\" \/>\n\t\t\t<\/svg>\n\t\t<\/button><\/figure>\n<\/div>\n\n\n<p>Esta nueva etapa materializa un sue\u00f1o que Jenny tuvo desde siempre: llevar el dise\u00f1o dominicano al escenario internacional sin perder su esencia, su identidad ni su profunda conexi\u00f3n con el Caribe. Hoy, ese sue\u00f1o se hace realidad gracias al respaldo constante de sus clientas, al talento de los artesanos y a una comunidad que ha acompa\u00f1ado a la marca durante m\u00e1s de 45 a\u00f1os.<\/p>\n\n\n<div class=\"wp-block-image\">\n<figure data-wp-context=\"{&quot;imageId&quot;:&quot;69ec6918cb12a&quot;}\" data-wp-interactive=\"core\/image\" data-wp-key=\"69ec6918cb12a\" class=\"aligncenter size-large wp-lightbox-container\"><img loading=\"lazy\" decoding=\"async\" width=\"1024\" height=\"576\" data-wp-class--hide=\"state.isContentHidden\" data-wp-class--show=\"state.isContentVisible\" data-wp-init=\"callbacks.setButtonStyles\" data-wp-on--click=\"actions.showLightbox\" data-wp-on--load=\"callbacks.setButtonStyles\" data-wp-on-window--resize=\"callbacks.setButtonStyles\" src=\"https:\/\/elmundodelosnegocios.com.do\/v1\/wp-content\/uploads\/2026\/02\/image00118-1024x576.jpeg\" alt=\"\" class=\"wp-image-76168\" srcset=\"https:\/\/elmundodelosnegocios.com.do\/v1\/wp-content\/uploads\/2026\/02\/image00118-1024x576.jpeg 1024w, https:\/\/elmundodelosnegocios.com.do\/v1\/wp-content\/uploads\/2026\/02\/image00118-300x169.jpeg 300w, https:\/\/elmundodelosnegocios.com.do\/v1\/wp-content\/uploads\/2026\/02\/image00118-768x432.jpeg 768w, https:\/\/elmundodelosnegocios.com.do\/v1\/wp-content\/uploads\/2026\/02\/image00118-1536x864.jpeg 1536w, https:\/\/elmundodelosnegocios.com.do\/v1\/wp-content\/uploads\/2026\/02\/image00118.jpeg 1856w\" sizes=\"auto, (max-width: 1024px) 100vw, 1024px\" \/><button\n\t\t\tclass=\"lightbox-trigger\"\n\t\t\ttype=\"button\"\n\t\t\taria-haspopup=\"dialog\"\n\t\t\taria-label=\"Agrandar\"\n\t\t\tdata-wp-init=\"callbacks.initTriggerButton\"\n\t\t\tdata-wp-on--click=\"actions.showLightbox\"\n\t\t\tdata-wp-style--right=\"state.imageButtonRight\"\n\t\t\tdata-wp-style--top=\"state.imageButtonTop\"\n\t\t>\n\t\t\t<svg xmlns=\"http:\/\/www.w3.org\/2000\/svg\" width=\"12\" height=\"12\" fill=\"none\" viewBox=\"0 0 12 12\">\n\t\t\t\t<path fill=\"#fff\" d=\"M2 0a2 2 0 0 0-2 2v2h1.5V2a.5.5 0 0 1 .5-.5h2V0H2Zm2 10.5H2a.5.5 0 0 1-.5-.5V8H0v2a2 2 0 0 0 2 2h2v-1.5ZM8 12v-1.5h2a.5.5 0 0 0 .5-.5V8H12v2a2 2 0 0 1-2 2H8Zm2-12a2 2 0 0 1 2 2v2h-1.5V2a.5.5 0 0 0-.5-.5H8V0h2Z\" \/>\n\t\t\t<\/svg>\n\t\t<\/button><\/figure>\n<\/div>\n\n\n<p>Carla Qui\u00f1ones Polanco, CEO de la firma, expres\u00f3 que esta apertura simboliza la consolidaci\u00f3n de una visi\u00f3n estrat\u00e9gica cuidadosamente construida. \u201cLa llegada a Coral Gables representa un paso firme dentro de nuestro plan de expansi\u00f3n internacional. No se trata solo de crecer geogr\u00e1ficamente, sino de proyectar al mundo el valor de la artesan\u00eda dominicana y el legado creativo de Jenny Polanco, con coherencia, respeto y visi\u00f3n de futuro\u201d, afirm\u00f3.<\/p>\n\n\n\n<p>Coral Gables fue elegido como primer destino internacional por ser un punto de encuentro natural entre culturas, historia y elegancia. Desde esta ciudad, la marca establece un di\u00e1logo con un p\u00fablico global que valora la autenticidad, la calidad y las historias con prop\u00f3sito, posicionando la moda dominicana como una propuesta relevante dentro del panorama internacional.<\/p>\n\n\n\n<p>\u201cLa marca ha evolucionado con el tiempo, pero sus pilares permanecen intactos: la excelencia artesanal, la identidad caribe\u00f1a y la feminidad atemporal. Nuestro compromiso es seguir honrando ese legado mientras construimos nuevas oportunidades para el dise\u00f1o dominicano en el exterior\u201d, agreg\u00f3 Qui\u00f1ones Polanco.<\/p>\n\n\n\n<p>La visi\u00f3n creativa actual de Jenny Polanco se sostiene sobre pilares claros e innegociables: la artesan\u00eda dominicana, el trabajo manual, la atenci\u00f3n al detalle y una feminidad caribe\u00f1a atemporal. La evoluci\u00f3n de la marca se manifiesta en su capacidad de adaptarse a nuevos contextos culturales sin perder autenticidad, permitiendo que su lenguaje de dise\u00f1o converse con nuevas audiencias alrededor del mundo.<\/p>\n\n\n\n<p>La boutique presenta una cuidada selecci\u00f3n de piezas que reflejan la esencia de la casa: siluetas elegantes, textiles nobles, accesorios y propuestas que celebran la atemporalidad y la identidad caribe\u00f1a. M\u00e1s que un punto de venta, el espacio ha sido concebido como una experiencia sensorial que invita a conectar con la historia, el arte y la sensibilidad de la marca.<\/p>\n\n\n\n<p>El dise\u00f1o de la tienda estuvo a cargo del muse\u00f3grafo y curador Orlando Isaac, quien realiz\u00f3 una interpretaci\u00f3n de la esencia de la marca, capturando su car\u00e1cter, feminidad, textura y expresi\u00f3n visual en una atm\u00f3sfera que honra el legado y la identidad de Jenny Polanco.<\/p>\n\n\n\n<p>Esta apertura marca el inicio de una estrategia de expansi\u00f3n internacional pensada a largo plazo, con Miami como punto de partida para seguir abriendo caminos al dise\u00f1o dominicano. A trav\u00e9s de esta presencia, la marca proyecta un mensaje claro al mundo: la moda dominicana tiene identidad, valor cultural y una voz propia dentro de la industria global.<\/p>\n","protected":false},"excerpt":{"rendered":"<p>La casa de moda Jenny Polanco inaugura su primera boutique propia fuera de Rep\u00fablica Dominicana, marcando un hito hist\u00f3rico para la marca y para la moda dominicana. Ubicada en Coral&hellip; <\/p>\n","protected":false},"author":2,"featured_media":76170,"comment_status":"closed","ping_status":"closed","sticky":false,"template":"","format":"standard","meta":{"fifu_image_url":"https:\/\/elmundodelosnegocios.com.do\/v1\/wp-content\/uploads\/2026\/02\/Untitled-design.jpg","fifu_image_alt":"","footnotes":""},"categories":[105],"tags":[],"class_list":["post-76166","post","type-post","status-publish","format-standard","has-post-thumbnail","hentry","category-moda"],"_links":{"self":[{"href":"https:\/\/elmundodelosnegocios.com.do\/v1\/wp-json\/wp\/v2\/posts\/76166","targetHints":{"allow":["GET"]}}],"collection":[{"href":"https:\/\/elmundodelosnegocios.com.do\/v1\/wp-json\/wp\/v2\/posts"}],"about":[{"href":"https:\/\/elmundodelosnegocios.com.do\/v1\/wp-json\/wp\/v2\/types\/post"}],"author":[{"embeddable":true,"href":"https:\/\/elmundodelosnegocios.com.do\/v1\/wp-json\/wp\/v2\/users\/2"}],"replies":[{"embeddable":true,"href":"https:\/\/elmundodelosnegocios.com.do\/v1\/wp-json\/wp\/v2\/comments?post=76166"}],"version-history":[{"count":1,"href":"https:\/\/elmundodelosnegocios.com.do\/v1\/wp-json\/wp\/v2\/posts\/76166\/revisions"}],"predecessor-version":[{"id":76169,"href":"https:\/\/elmundodelosnegocios.com.do\/v1\/wp-json\/wp\/v2\/posts\/76166\/revisions\/76169"}],"wp:featuredmedia":[{"embeddable":true,"href":"https:\/\/elmundodelosnegocios.com.do\/v1\/wp-json\/wp\/v2\/media\/76170"}],"wp:attachment":[{"href":"https:\/\/elmundodelosnegocios.com.do\/v1\/wp-json\/wp\/v2\/media?parent=76166"}],"wp:term":[{"taxonomy":"category","embeddable":true,"href":"https:\/\/elmundodelosnegocios.com.do\/v1\/wp-json\/wp\/v2\/categories?post=76166"},{"taxonomy":"post_tag","embeddable":true,"href":"https:\/\/elmundodelosnegocios.com.do\/v1\/wp-json\/wp\/v2\/tags?post=76166"}],"curies":[{"name":"wp","href":"https:\/\/api.w.org\/{rel}","templated":true}]}}