{"id":76188,"date":"2026-02-23T19:04:49","date_gmt":"2026-02-23T23:34:49","guid":{"rendered":"https:\/\/elmundodelosnegocios.com.do\/v1\/servicio-electrico-ha-sido-recuperado-en-un-30-tras-falla-en-el-seni\/"},"modified":"2026-02-23T19:04:49","modified_gmt":"2026-02-23T23:34:49","slug":"servicio-electrico-ha-sido-recuperado-en-un-30-tras-falla-en-el-seni","status":"publish","type":"post","link":"https:\/\/elmundodelosnegocios.com.do\/v1\/servicio-electrico-ha-sido-recuperado-en-un-30-tras-falla-en-el-seni\/","title":{"rendered":"Servicio el\u00e9ctrico ha sido recuperado en un 30 %, tras falla en el SENI"},"content":{"rendered":"<div>\n<div class=\"pf-content\">\n<div class=\"printfriendly pf-button pf-button-content pf-alignright\">\n                    <a href=\"https:\/\/mem.gob.do\/servicio-electrico-ha-sido-recuperado-en-un-30-tras-falla-en-el-seni\/?pfstyle=wp\" rel=\"nofollow\" onclick=\"\" title=\"Printer Friendly, PDF &amp; Email\"><br \/>\n                    <img decoding=\"async\" class=\"pf-button-img\" src=\"https:\/\/cdn.printfriendly.com\/buttons\/printfriendly-pdf-email-button-notext.png\" alt=\"Print Friendly, PDF &amp; Email\" style=\"width: 110px;height: 30px;\"><br \/>\n                    <\/a>\n                <\/div>\n<p><em>Proceso de restablecimiento avanza de manera progresiva y ordenada en todo el territorio nacional<\/em><\/p>\n<p><span id=\"more-13020\"><\/span><\/p>\n<p><em>Proceso de restablecimiento avanza de manera progresiva y ordenada en todo el territorio nacional<\/em><\/p>\n<div class=\"wp-block-post-date\"><time datetime=\"2026-02-23T23:24:37.196Z\">23 febrero, 2026<\/time><\/div>\n<div class=\"wp-block-media-text is-stacked-on-mobile\" style=\"grid-template-columns:36% auto\">\n<figure class=\"wp-block-media-text__media\"><img fetchpriority=\"high\" decoding=\"async\" width=\"1024\" height=\"683\" src=\"https:\/\/mem.gob.do\/wp-content\/uploads\/2026\/02\/1000060830-1024x683.jpg\" alt=\"\" class=\"wp-image-13022 size-full\" srcset=\"https:\/\/mem.gob.do\/wp-content\/uploads\/2026\/02\/1000060830-1024x683.jpg 1024w, https:\/\/mem.gob.do\/wp-content\/uploads\/2026\/02\/1000060830-300x200.jpg 300w, https:\/\/mem.gob.do\/wp-content\/uploads\/2026\/02\/1000060830-768x512.jpg 768w, https:\/\/mem.gob.do\/wp-content\/uploads\/2026\/02\/1000060830.jpg 1280w\" sizes=\"(max-width: 1024px) 100vw, 1024px\"><\/figure>\n<div class=\"wp-block-media-text__content\">\n<p><strong>SANTO DOMINGO.<\/strong> Autoridades del sector el\u00e9ctrico dominicano informaron este lunes que el sistema energ\u00e9tico nacional est\u00e1 restablecido en un 30 %, luego de que a las 10:50 de la ma\u00f1ana se produjeron una falla mayor en el Sistema El\u00e9ctrico Nacional (SENI), que inici\u00f3 con un disparo del interruptor de la l\u00ednea de 138 kilovoltios (kV) Hainamosa -Villa Duarte.<\/p>\n<\/div>\n<\/div>\n<p>Al encabezar una rueda de prensa en el Centro de Control de Energ\u00eda de la Empresa de Transmisi\u00f3n El\u00e9ctrica (ETED) para ofrecer los detalles sobre el evento, el ministro de Energ\u00eda y Minas, Joel Santos, indic\u00f3 que desde el primer minuto de haber ocurrido la falla fueron activados los protocolos de emergencia del SENI, con el objetivo de restablecer el servicio a la poblaci\u00f3n a la mayor brevedad.<\/p>\n<div class=\"wp-block-media-text has-media-on-the-right is-stacked-on-mobile\" style=\"grid-template-columns:auto 36%\">\n<div class=\"wp-block-media-text__content\">\n<p>\u201cLamentamos el efecto sobre la poblaci\u00f3n, que es siempre, y debe ser, el principal objetivo de las autoridades. Estamos aqu\u00ed todas estas autoridades presentes, como una forma decirle a la poblaci\u00f3n que le estamos dando el car\u00e1cter necesario a esta situaci\u00f3n\u201d, dijo el ministro.<\/p>\n<\/div>\n<figure class=\"wp-block-media-text__media\"><img loading=\"lazy\" decoding=\"async\" width=\"1024\" height=\"683\" src=\"https:\/\/mem.gob.do\/wp-content\/uploads\/2026\/02\/1000060827-1024x683.jpg\" alt=\"\" class=\"wp-image-13023 size-full\" srcset=\"https:\/\/mem.gob.do\/wp-content\/uploads\/2026\/02\/1000060827-1024x683.jpg 1024w, https:\/\/mem.gob.do\/wp-content\/uploads\/2026\/02\/1000060827-300x200.jpg 300w, https:\/\/mem.gob.do\/wp-content\/uploads\/2026\/02\/1000060827-768x512.jpg 768w, https:\/\/mem.gob.do\/wp-content\/uploads\/2026\/02\/1000060827.jpg 1280w\" sizes=\"auto, (max-width: 1024px) 100vw, 1024px\"><\/figure>\n<\/div>\n<p>La repuesta continua de las instituciones responsables del sector permitir\u00e1 la reposici\u00f3n total y ordenada del servicio en distintas regiones del territorio nacional, manifest\u00f3 Santos.<\/p>\n<p>El ministro subray\u00f3 que los servicios esenciales, como hospitales, sistemas de agua potable, aeropuertos y transporte masivo han operado conforme a sus sistemas de respaldo.<\/p>\n<p>Santos apunt\u00f3, adem\u00e1s, que la red de transporte urbano se encuentra en funcionamiento y un porcentaje significativo de las principales intersecciones semaforizadas se encuentran operativas.<\/p>\n<p>Estos servicios continuar\u00e1n integr\u00e1ndose progresivamente conforme se estabilice completamente la red.<\/p>\n<p><strong>Investigaci\u00f3n t\u00e9cnica<\/strong><\/p>\n<div class=\"wp-block-media-text is-stacked-on-mobile\" style=\"grid-template-columns:36% auto\">\n<figure class=\"wp-block-media-text__media\"><img loading=\"lazy\" decoding=\"async\" width=\"1024\" height=\"683\" src=\"https:\/\/mem.gob.do\/wp-content\/uploads\/2026\/02\/1000060856-1024x683.jpg\" alt=\"\" class=\"wp-image-13024 size-full\" srcset=\"https:\/\/mem.gob.do\/wp-content\/uploads\/2026\/02\/1000060856-1024x683.jpg 1024w, https:\/\/mem.gob.do\/wp-content\/uploads\/2026\/02\/1000060856-300x200.jpg 300w, https:\/\/mem.gob.do\/wp-content\/uploads\/2026\/02\/1000060856-768x512.jpg 768w, https:\/\/mem.gob.do\/wp-content\/uploads\/2026\/02\/1000060856.jpg 1280w\" sizes=\"auto, (max-width: 1024px) 100vw, 1024px\"><\/figure>\n<div class=\"wp-block-media-text__content\">\n<p>El titular de Energ\u00eda y Minas, que estuvo acompa\u00f1ado por el superintendente de Electricidad, Andr\u00e9s Astacio, el director ejecutivo de la Comisi\u00f3n Nacional de Energ\u00eda, Edwards Veras; el presidente te del Consejo Unificado de Empresas Distribuidoras de Electricidad (CUED), Celso Marranzini y el vicepresidente ejecutivo de ETED, Alfonso Rodr\u00edguez, adelant\u00f3 que, vez reestablecido el sistema, se activaran los procedimientos de investigaci\u00f3n del evento.<\/p>\n<\/div>\n<\/div>\n<p>En ese orden, el ministro se\u00f1al\u00f3 que estar\u00e1n informando oportunamente a la ciudadan\u00eda a trav\u00e9s de los canales oficiales de todos los avances.<\/p>\n<\/div>\n<p>The post <a href=\"https:\/\/mem.gob.do\/servicio-electrico-ha-sido-recuperado-en-un-30-tras-falla-en-el-seni\/\">Servicio el\u00e9ctrico ha sido recuperado en un 30 %, tras falla en el SENI<\/a> first appeared on <a href=\"https:\/\/mem.gob.do\/\">Ministerio de Energ\u00eda y Minas<\/a>.<\/p>\n<\/div>\n","protected":false},"excerpt":{"rendered":"<p>Proceso de restablecimiento avanza de manera progresiva y ordenada en todo el territorio nacional Proceso de restablecimiento avanza de manera progresiva y ordenada en todo el territorio nacional 23 febrero,&hellip; <\/p>\n","protected":false},"author":3,"featured_media":76189,"comment_status":"closed","ping_status":"closed","sticky":false,"template":"","format":"standard","meta":{"fifu_image_url":"","fifu_image_alt":"","footnotes":""},"categories":[182],"tags":[],"class_list":["post-76188","post","type-post","status-publish","format-standard","has-post-thumbnail","hentry","category-energia"],"_links":{"self":[{"href":"https:\/\/elmundodelosnegocios.com.do\/v1\/wp-json\/wp\/v2\/posts\/76188","targetHints":{"allow":["GET"]}}],"collection":[{"href":"https:\/\/elmundodelosnegocios.com.do\/v1\/wp-json\/wp\/v2\/posts"}],"about":[{"href":"https:\/\/elmundodelosnegocios.com.do\/v1\/wp-json\/wp\/v2\/types\/post"}],"author":[{"embeddable":true,"href":"https:\/\/elmundodelosnegocios.com.do\/v1\/wp-json\/wp\/v2\/users\/3"}],"replies":[{"embeddable":true,"href":"https:\/\/elmundodelosnegocios.com.do\/v1\/wp-json\/wp\/v2\/comments?post=76188"}],"version-history":[{"count":0,"href":"https:\/\/elmundodelosnegocios.com.do\/v1\/wp-json\/wp\/v2\/posts\/76188\/revisions"}],"wp:featuredmedia":[{"embeddable":true,"href":"https:\/\/elmundodelosnegocios.com.do\/v1\/wp-json\/wp\/v2\/media\/76189"}],"wp:attachment":[{"href":"https:\/\/elmundodelosnegocios.com.do\/v1\/wp-json\/wp\/v2\/media?parent=76188"}],"wp:term":[{"taxonomy":"category","embeddable":true,"href":"https:\/\/elmundodelosnegocios.com.do\/v1\/wp-json\/wp\/v2\/categories?post=76188"},{"taxonomy":"post_tag","embeddable":true,"href":"https:\/\/elmundodelosnegocios.com.do\/v1\/wp-json\/wp\/v2\/tags?post=76188"}],"curies":[{"name":"wp","href":"https:\/\/api.w.org\/{rel}","templated":true}]}}