{"id":76192,"date":"2026-02-24T13:05:37","date_gmt":"2026-02-24T17:35:37","guid":{"rendered":"https:\/\/elmundodelosnegocios.com.do\/v1\/servicio-electrico-queda-restablecido-en-un-100-en-todo-el-pais\/"},"modified":"2026-02-24T13:05:37","modified_gmt":"2026-02-24T17:35:37","slug":"servicio-electrico-queda-restablecido-en-un-100-en-todo-el-pais","status":"publish","type":"post","link":"https:\/\/elmundodelosnegocios.com.do\/v1\/servicio-electrico-queda-restablecido-en-un-100-en-todo-el-pais\/","title":{"rendered":"Servicio el\u00e9ctrico queda restablecido en un 100 % en todo el pa\u00eds"},"content":{"rendered":"<div>\n<div class=\"pf-content\">\n<div class=\"printfriendly pf-button pf-button-content pf-alignright\">\n                    <a href=\"https:\/\/mem.gob.do\/servicio-electrico-queda-restablecido-en-un-100-en-todo-el-pais\/?pfstyle=wp\" rel=\"nofollow\" onclick=\"\" title=\"Printer Friendly, PDF &amp; Email\"><br \/>\n                    <img decoding=\"async\" class=\"pf-button-img\" src=\"https:\/\/cdn.printfriendly.com\/buttons\/printfriendly-pdf-email-button-notext.png\" alt=\"Print Friendly, PDF &amp; Email\" style=\"width: 110px;height: 30px;\"><br \/>\n                    <\/a>\n                <\/div>\n<p><em>Sistema fue estabilizado completamente a las 11:53 de la noche de este lunes y de inmediato se activaron los procedimientos de investigaci\u00f3n t\u00e9cnica para determinar las causas del evento<\/em><\/p>\n<p><span id=\"more-13031\"><\/span><\/p>\n<p><em>Sistema fue estabilizado completamente a las 11:53 de la noche de este lunes y de inmediato se activaron los procedimientos de investigaci\u00f3n t\u00e9cnica para determinar las causas del evento<\/em><\/p>\n<div class=\"wp-block-post-date\"><time datetime=\"2026-02-24T16:42:22.548Z\">24 febrero, 2026<\/time><\/div>\n<p><strong>SANTO DOMINGO. <\/strong>Las autoridades del sector el\u00e9ctrico informaron que el Sistema El\u00e9ctrico Nacional Interconectado (SENI) qued\u00f3 restablecido en un 100% a las 11:53 de la noche de este lunes, tras culminar el proceso de reposici\u00f3n iniciado luego de la incidencia registrada el lunes en horas de la ma\u00f1ana.<\/p>\n<p>La informaci\u00f3n la ofreci\u00f3 el ministro de Energ\u00eda y Minas, Joel Santos, quien precis\u00f3 que, con el sistema completamente estabilizado, se activan los procedimientos de investigaci\u00f3n t\u00e9cnica para determinar con precisi\u00f3n las causas del evento inicial y que resultados ser\u00e1n comunicados oportunamente, a trav\u00e9s de los canales oficiales.<\/p>\n<p>Sostuvo que el proceso de recuperaci\u00f3n se desarroll\u00f3 bajo estrictos criterios t\u00e9cnicos, garantizando la estabilidad de la frecuencia, balance entre carga, generaci\u00f3n y la sincronizaci\u00f3n progresiva de los circuitos en todo el territorio nacional.<\/p>\n<p>Durante la jornada del lunes, el titular de Energ\u00eda y Minas se mantuvo en sesi\u00f3n permanente en el Centro de Control, coordinando las acciones junto a los principales l\u00edderes del sector el\u00e9ctrico.<\/p>\n<p>Le acompa\u00f1aron el vicepresidente ejecutivo de la Empresa de Transmisi\u00f3n El\u00e9ctrica Dominicana (ETED), Alfonso Rodr\u00edguez; el superintendente de Electricidad, Andr\u00e9s Astacio; el director ejecutivo de la Comisi\u00f3n Nacional de Energ\u00eda (CNE), Edwards Veras; el presidente del Consejo Unificado de Empresas Distribuidoras de Electricidad (CUED), Celso Marranzini y el viceministro de Energ\u00eda El\u00e9ctrica, Ricardo Guerrero.<\/p>\n<p>La presencia conjunta de las autoridades respondi\u00f3 a la necesidad de supervisar en tiempo real cada maniobra operativa, priorizando una reposici\u00f3n ordenada que evitara reconexiones simult\u00e1neas no sincronizadas y protegiera la integridad de las instalaciones del sistema.<\/p>\n<p>\u201cEl objetivo siempre fue recuperar el servicio con seguridad, responsabilidad t\u00e9cnica y transparencia ante la ciudadan\u00eda\u201d, expres\u00f3 Santos, al confirmar la normalizaci\u00f3n total del suministro el\u00e9ctrico.<\/p>\n<p>El ministro Santos reiter\u00f3 el compromiso de las autoridades del sector, con la confiabilidad del sistema el\u00e9ctrico nacional.<\/p>\n<\/div>\n<p>The post <a href=\"https:\/\/mem.gob.do\/servicio-electrico-queda-restablecido-en-un-100-en-todo-el-pais\/\">Servicio el\u00e9ctrico queda restablecido en un 100 % en todo el pa\u00eds<\/a> first appeared on <a href=\"https:\/\/mem.gob.do\/\">Ministerio de Energ\u00eda y Minas<\/a>.<\/p>\n<\/div>\n","protected":false},"excerpt":{"rendered":"<p>Sistema fue estabilizado completamente a las 11:53 de la noche de este lunes y de inmediato se activaron los procedimientos de investigaci\u00f3n t\u00e9cnica para determinar las causas del evento Sistema&hellip; <\/p>\n","protected":false},"author":3,"featured_media":76193,"comment_status":"closed","ping_status":"closed","sticky":false,"template":"","format":"standard","meta":{"fifu_image_url":"","fifu_image_alt":"","footnotes":""},"categories":[182],"tags":[],"class_list":["post-76192","post","type-post","status-publish","format-standard","has-post-thumbnail","hentry","category-energia"],"_links":{"self":[{"href":"https:\/\/elmundodelosnegocios.com.do\/v1\/wp-json\/wp\/v2\/posts\/76192","targetHints":{"allow":["GET"]}}],"collection":[{"href":"https:\/\/elmundodelosnegocios.com.do\/v1\/wp-json\/wp\/v2\/posts"}],"about":[{"href":"https:\/\/elmundodelosnegocios.com.do\/v1\/wp-json\/wp\/v2\/types\/post"}],"author":[{"embeddable":true,"href":"https:\/\/elmundodelosnegocios.com.do\/v1\/wp-json\/wp\/v2\/users\/3"}],"replies":[{"embeddable":true,"href":"https:\/\/elmundodelosnegocios.com.do\/v1\/wp-json\/wp\/v2\/comments?post=76192"}],"version-history":[{"count":0,"href":"https:\/\/elmundodelosnegocios.com.do\/v1\/wp-json\/wp\/v2\/posts\/76192\/revisions"}],"wp:featuredmedia":[{"embeddable":true,"href":"https:\/\/elmundodelosnegocios.com.do\/v1\/wp-json\/wp\/v2\/media\/76193"}],"wp:attachment":[{"href":"https:\/\/elmundodelosnegocios.com.do\/v1\/wp-json\/wp\/v2\/media?parent=76192"}],"wp:term":[{"taxonomy":"category","embeddable":true,"href":"https:\/\/elmundodelosnegocios.com.do\/v1\/wp-json\/wp\/v2\/categories?post=76192"},{"taxonomy":"post_tag","embeddable":true,"href":"https:\/\/elmundodelosnegocios.com.do\/v1\/wp-json\/wp\/v2\/tags?post=76192"}],"curies":[{"name":"wp","href":"https:\/\/api.w.org\/{rel}","templated":true}]}}