{"id":76197,"date":"2026-02-26T09:23:22","date_gmt":"2026-02-26T13:53:22","guid":{"rendered":"https:\/\/elmundodelosnegocios.com.do\/v1\/?p=76197"},"modified":"2026-02-26T09:23:24","modified_gmt":"2026-02-26T13:53:24","slug":"ideice-integra-a-30-jovenes-al-ecosistema-de-la-investigacion-educativa","status":"publish","type":"post","link":"https:\/\/elmundodelosnegocios.com.do\/v1\/ideice-integra-a-30-jovenes-al-ecosistema-de-la-investigacion-educativa\/","title":{"rendered":"IDEICE integra a 30 j\u00f3venes al ecosistema de la investigaci\u00f3n educativa"},"content":{"rendered":"\n<p>Santo Domingo.\u2013&nbsp;<strong>El Instituto Dominicano de Evaluaci\u00f3n e Investigaci\u00f3n de la Calidad Educativa<\/strong>&nbsp;(IDEICE) dej\u00f3 formalmente inaugurada este mi\u00e9rcoles la octava versi\u00f3n del&nbsp;<strong>Programa Joven Investigador<\/strong>&nbsp;(PJI), mediante la cual incorpor\u00f3 a&nbsp;<strong>30 j\u00f3venes<\/strong>&nbsp;de diversas disciplinas y profesiones al ecosistema nacional de&nbsp;<strong>investigaci\u00f3n y evaluaci\u00f3n educativa.<\/strong><\/p>\n\n\n<div class=\"wp-block-image\">\n<figure data-wp-context=\"{&quot;imageId&quot;:&quot;69ec528b46168&quot;}\" data-wp-interactive=\"core\/image\" data-wp-key=\"69ec528b46168\" class=\"aligncenter size-large wp-lightbox-container\"><img decoding=\"async\" data-wp-class--hide=\"state.isContentHidden\" data-wp-class--show=\"state.isContentVisible\" data-wp-init=\"callbacks.setButtonStyles\" data-wp-on--click=\"actions.showLightbox\" data-wp-on--load=\"callbacks.setButtonStyles\" data-wp-on-window--resize=\"callbacks.setButtonStyles\" src=\"https:\/\/presidencia.gob.do\/sites\/default\/files\/styles\/large\/public\/news\/2026-02\/Foto%20web_37.jpg?itok=j-g8RUmf\" alt=\"\"\/><button\n\t\t\tclass=\"lightbox-trigger\"\n\t\t\ttype=\"button\"\n\t\t\taria-haspopup=\"dialog\"\n\t\t\taria-label=\"Agrandar\"\n\t\t\tdata-wp-init=\"callbacks.initTriggerButton\"\n\t\t\tdata-wp-on--click=\"actions.showLightbox\"\n\t\t\tdata-wp-style--right=\"state.imageButtonRight\"\n\t\t\tdata-wp-style--top=\"state.imageButtonTop\"\n\t\t>\n\t\t\t<svg xmlns=\"http:\/\/www.w3.org\/2000\/svg\" width=\"12\" height=\"12\" fill=\"none\" viewBox=\"0 0 12 12\">\n\t\t\t\t<path fill=\"#fff\" d=\"M2 0a2 2 0 0 0-2 2v2h1.5V2a.5.5 0 0 1 .5-.5h2V0H2Zm2 10.5H2a.5.5 0 0 1-.5-.5V8H0v2a2 2 0 0 0 2 2h2v-1.5ZM8 12v-1.5h2a.5.5 0 0 0 .5-.5V8H12v2a2 2 0 0 1-2 2H8Zm2-12a2 2 0 0 1 2 2v2h-1.5V2a.5.5 0 0 0-.5-.5H8V0h2Z\" \/>\n\t\t\t<\/svg>\n\t\t<\/button><\/figure>\n<\/div>\n\n\n<p>A trav\u00e9s del PJI, el IDEICE&nbsp;<strong>formar\u00e1 y acompa\u00f1ar\u00e1<\/strong>&nbsp;a los nuevos participantes, quienes desarrollar\u00e1n igual n\u00famero de estudios enfocados en el an\u00e1lisis de distintas dimensiones del&nbsp;<strong>sistema educativo dominicano.<\/strong><\/p>\n\n\n\n<p>En sus siete versiones anteriores, el programa ha impactado a&nbsp;<strong>103 participantes<\/strong>&nbsp;que completaron el proceso formativo y realizaron&nbsp;<strong>90 investigaciones,<\/strong>&nbsp;aportando evidencias significativas para la comprensi\u00f3n de la realidad educativa y la&nbsp;<strong>mejora de problem\u00e1ticas<\/strong>&nbsp;en el sistema educativo preuniversitario.<\/p>\n\n\n\n<p>Durante el acto de apertura, el&nbsp;<strong>doctor Jes\u00fas And\u00fajar Avil\u00e9s,<\/strong>&nbsp;director ejecutivo del IDEICE, destac\u00f3 que, como parte del principio de&nbsp;<strong>continuidad institucional<\/strong>&nbsp;con mejora estrat\u00e9gica que gu\u00eda su gesti\u00f3n, se evalu\u00f3 la pertinencia, el impacto y la sostenibilidad de los programas del instituto. En ese proceso, el Programa Joven Investigador super\u00f3 satisfactoriamente las tres variables, lo que reafirma su&nbsp;<strong>vigencia y relevancia.<\/strong>&nbsp;<\/p>\n\n\n\n<p>Explic\u00f3 que el programa surgi\u00f3 con el prop\u00f3sito de&nbsp;<strong>promover y acompa\u00f1ar<\/strong>&nbsp;a una nueva generaci\u00f3n de investigadores de distintas \u00e1reas acad\u00e9micas, que aporten una&nbsp;<strong>perspectiva innovadora y juvenil<\/strong>&nbsp;al abordaje cient\u00edfico de los temas educativos del pa\u00eds.&nbsp;<\/p>\n\n\n\n<p>En esta edici\u00f3n se postularon&nbsp;<strong>56 j\u00f3venes;<\/strong>&nbsp;42 fueron preseleccionados y participaron en un proceso de entrevistas realizadas por el equipo t\u00e9cnico del IDEICE. Posteriormente, una entrevista complementaria permiti\u00f3 consolidar el puntaje final para la selecci\u00f3n de los&nbsp;<strong>30<\/strong>&nbsp;participantes con&nbsp;<strong>mayor calificaci\u00f3n.<\/strong><\/p>\n\n\n\n<p>Los j\u00f3venes seleccionados provienen del Gran Santo Domingo, San Pedro de Macor\u00eds, San Crist\u00f3bal, La Vega y San Francisco de Macor\u00eds.<\/p>\n\n\n\n<p>Como novedad, esta cohorte prioriz\u00f3 estrat\u00e9gicamente a&nbsp;<strong>estudiantes de t\u00e9rmino y reci\u00e9n graduados<\/strong>&nbsp;de las carreras de Educaci\u00f3n y \u00e1reas afines de distintas universidades del pa\u00eds.<\/p>\n\n\n\n<p><em>\u201cCon esta decisi\u00f3n apostamos a intervenir en el momento clave de transici\u00f3n profesional del participante, asegurando la transferencia directa de capacidades al sistema educativo\u201d,<\/em>&nbsp;afirm\u00f3 el director ejecutivo.&nbsp;<\/p>\n\n\n\n<p>Asimismo, anunci\u00f3 que a partir del&nbsp;<strong>martes 3 de marzo<\/strong>&nbsp;los j\u00f3venes iniciar\u00e1n una etapa formativa en&nbsp;<strong>modalidad virtual,<\/strong>&nbsp;con una duraci\u00f3n de tres meses, acompa\u00f1ados por profesionales altamente&nbsp;<strong>cualificados en investigaci\u00f3n educativa.<\/strong><\/p>\n\n\n\n<p><strong>Alcance del Programa Joven Investigador<\/strong><\/p>\n\n\n\n<p>La investigadora&nbsp;<strong>Anny V\u00e1squez,<\/strong>&nbsp;coordinadora del Programa Joven Investigador y egresada de esta iniciativa, present\u00f3 la&nbsp;<strong>evoluci\u00f3n, el alcance y la metodolog\u00eda<\/strong>&nbsp;del programa durante la actividad celebrada en un hotel de Santo Domingo.&nbsp;<\/p>\n\n\n\n<p>Detall\u00f3 que la etapa formativa estar\u00e1 estructurada en seis m\u00f3dulos:<\/p>\n\n\n\n<ul class=\"wp-block-list\">\n<li>Sistema educativo dominicano<\/li>\n\n\n\n<li>Proceso de investigaci\u00f3n<\/li>\n\n\n\n<li>T\u00e9cnicas de apoyo a la investigaci\u00f3n<\/li>\n\n\n\n<li>M\u00e9todos y an\u00e1lisis de datos<\/li>\n\n\n\n<li>Redacci\u00f3n cient\u00edfica<\/li>\n\n\n\n<li>\u00c9tica en la investigaci\u00f3n<\/li>\n<\/ul>\n\n\n\n<p>Concluida esta fase, los participantes iniciar\u00e1n el&nbsp;<strong>dise\u00f1o y desarrollo de su investigaci\u00f3n<\/strong>&nbsp;durante otros tres meses, acompa\u00f1ados por un tutor que orientar\u00e1 el proceso hasta la presentaci\u00f3n del informe final ante el equipo t\u00e9cnico del IDEICE. Los estudios culminados ser\u00e1n publicados en un&nbsp;<strong>informe oficial<\/strong>&nbsp;disponible en la p\u00e1gina web institucional.<\/p>\n\n\n\n<p>Entre las principales l\u00edneas de investigaci\u00f3n que desarrollar\u00e1n los j\u00f3venes se encuentran: Educaci\u00f3n Secundaria, Educaci\u00f3n en Ciencias, Educaci\u00f3n Musical y Procesos Cognitivos, Educaci\u00f3n Intercultural y Ambiental, Pol\u00edticas Educativas, Pertinencia Curricular de Contenidos Matem\u00e1ticos, Did\u00e1ctica de la Lengua Espa\u00f1ola, Desarrollo Curricular, Evaluaci\u00f3n por Competencias, Inteligencia Artificial en Educaci\u00f3n, Tecnolog\u00eda Educativa, Ense\u00f1anza de Ingl\u00e9s en primera infancia y efectividad de secuencias did\u00e1cticas.<\/p>\n\n\n\n<p>La octava versi\u00f3n del PJI est\u00e1 integrada por estudiantes de t\u00e9rmino y egresados del Instituto Superior de Formaci\u00f3n Docente Salom\u00e9 Ure\u00f1a&nbsp;<strong>(Isfodosu)<\/strong>, la Universidad Aut\u00f3noma de Santo Domingo&nbsp;<strong>(UASD)<\/strong>, la Universidad Nacional Pedro Henr\u00edquez Ure\u00f1a&nbsp;<strong>(UNPHU)<\/strong>, el Instituto Tecnol\u00f3gico de Santo Domingo&nbsp;<strong>(Intec)<\/strong>, la Universidad Iberoamericana&nbsp;<strong>(Unibe)<\/strong>, la Universidad Dominicana&nbsp;<strong>O&amp;M<\/strong>, la Universidad Tecnol\u00f3gica de Santiago&nbsp;<strong>(Utesa)<\/strong>&nbsp;y el Instituto Superior Agron\u00f3mico&nbsp;<strong>(ISA)<\/strong>, recinto La Vega.<\/p>\n\n\n\n<p>La agenda incluy\u00f3 la conferencia \u201c<strong>Soy joven investigador, \u00bfy ahora qu\u00e9?\u201d,<\/strong>&nbsp;impartida por la&nbsp;<strong>doctora Laura S\u00e1nchez Vincitore<\/strong>, directora del Laboratorio de Neurocognici\u00f3n y Psicofisiolog\u00eda de Unibe, as\u00ed como la presentaci\u00f3n oficial de los integrantes de la nueva cohorte. El acto concluy\u00f3 con las palabras del&nbsp;<strong>doctor Andri\u00e1n Guti\u00e9rrez<\/strong>, encargado de Investigaci\u00f3n del IDEICE.<\/p>\n\n\n\n<p>Participaron en la actividad los viceministros&nbsp;<strong>Endry Gonz\u00e1lez y Francisco Santiago,&nbsp;<\/strong>del Ministerio de la Juventud, rectores y vicerrectores de instituciones de educaci\u00f3n superior del pa\u00eds, as\u00ed como directivos del IDEICE.<\/p>\n\n\n\n<p>El IDEICE es un \u00f3rgano p\u00fablico descentralizado, adscrito al&nbsp;<strong>Ministerio de Educaci\u00f3n,<\/strong>&nbsp;creado mediante la&nbsp;<strong>Ordenanza n\u00fam. 03-2008<\/strong>&nbsp;del Consejo Nacional de Educaci\u00f3n, el 25 de junio de 2008. Es la primera instituci\u00f3n del pa\u00eds dedicada de manera exclusiva a la&nbsp;<strong>evaluaci\u00f3n e investigaci\u00f3n de la calidad educativa,<\/strong>&nbsp;as\u00ed como a la divulgaci\u00f3n proactiva de hallazgos que contribuyan al&nbsp;<strong>fortalecimiento<\/strong>&nbsp;del sistema educativo preuniversitario.<\/p>\n","protected":false},"excerpt":{"rendered":"<p>Santo Domingo.\u2013&nbsp;El Instituto Dominicano de Evaluaci\u00f3n e Investigaci\u00f3n de la Calidad Educativa&nbsp;(IDEICE) dej\u00f3 formalmente inaugurada este mi\u00e9rcoles la octava versi\u00f3n del&nbsp;Programa Joven Investigador&nbsp;(PJI), mediante la cual incorpor\u00f3 a&nbsp;30 j\u00f3venes&nbsp;de diversas&hellip; <\/p>\n","protected":false},"author":2,"featured_media":76199,"comment_status":"closed","ping_status":"closed","sticky":false,"template":"","format":"standard","meta":{"fifu_image_url":"https:\/\/presidencia.gob.do\/sites\/default\/files\/styles\/large\/public\/news\/2026-02\/Foto%20web_37.jpg?itok=j-g8RUmf","fifu_image_alt":"","footnotes":""},"categories":[151],"tags":[],"class_list":["post-76197","post","type-post","status-publish","format-standard","has-post-thumbnail","hentry","category-gerencia"],"_links":{"self":[{"href":"https:\/\/elmundodelosnegocios.com.do\/v1\/wp-json\/wp\/v2\/posts\/76197","targetHints":{"allow":["GET"]}}],"collection":[{"href":"https:\/\/elmundodelosnegocios.com.do\/v1\/wp-json\/wp\/v2\/posts"}],"about":[{"href":"https:\/\/elmundodelosnegocios.com.do\/v1\/wp-json\/wp\/v2\/types\/post"}],"author":[{"embeddable":true,"href":"https:\/\/elmundodelosnegocios.com.do\/v1\/wp-json\/wp\/v2\/users\/2"}],"replies":[{"embeddable":true,"href":"https:\/\/elmundodelosnegocios.com.do\/v1\/wp-json\/wp\/v2\/comments?post=76197"}],"version-history":[{"count":1,"href":"https:\/\/elmundodelosnegocios.com.do\/v1\/wp-json\/wp\/v2\/posts\/76197\/revisions"}],"predecessor-version":[{"id":76198,"href":"https:\/\/elmundodelosnegocios.com.do\/v1\/wp-json\/wp\/v2\/posts\/76197\/revisions\/76198"}],"wp:featuredmedia":[{"embeddable":true,"href":"https:\/\/elmundodelosnegocios.com.do\/v1\/wp-json\/wp\/v2\/media\/76199"}],"wp:attachment":[{"href":"https:\/\/elmundodelosnegocios.com.do\/v1\/wp-json\/wp\/v2\/media?parent=76197"}],"wp:term":[{"taxonomy":"category","embeddable":true,"href":"https:\/\/elmundodelosnegocios.com.do\/v1\/wp-json\/wp\/v2\/categories?post=76197"},{"taxonomy":"post_tag","embeddable":true,"href":"https:\/\/elmundodelosnegocios.com.do\/v1\/wp-json\/wp\/v2\/tags?post=76197"}],"curies":[{"name":"wp","href":"https:\/\/api.w.org\/{rel}","templated":true}]}}