{"id":76200,"date":"2026-02-26T09:24:52","date_gmt":"2026-02-26T13:54:52","guid":{"rendered":"https:\/\/elmundodelosnegocios.com.do\/v1\/?p=76200"},"modified":"2026-02-26T09:24:54","modified_gmt":"2026-02-26T13:54:54","slug":"el-ministro-david-collado-inaugura-pabellon-dominicano-en-feria-turistica-de-colombia","status":"publish","type":"post","link":"https:\/\/elmundodelosnegocios.com.do\/v1\/el-ministro-david-collado-inaugura-pabellon-dominicano-en-feria-turistica-de-colombia\/","title":{"rendered":"El ministro David Collado inaugura pabell\u00f3n dominicano en feria tur\u00edstica de Colombia"},"content":{"rendered":"\n<p>Bogot\u00e1, Colombia.- El ministro de Turismo,&nbsp;<strong>David Collado<\/strong>, inaugur\u00f3 el stand dominicano en la feria tur\u00edstica la&nbsp;<strong>Vitrina Tur\u00edstica de Anato,<\/strong>&nbsp;que inici\u00f3 este mi\u00e9rcoles aqu\u00ed y se extender\u00e1 hasta el viernes.&nbsp;<\/p>\n\n\n<div class=\"wp-block-image\">\n<figure data-wp-context=\"{&quot;imageId&quot;:&quot;69ec5287496bc&quot;}\" data-wp-interactive=\"core\/image\" data-wp-key=\"69ec5287496bc\" class=\"aligncenter size-large wp-lightbox-container\"><img decoding=\"async\" data-wp-class--hide=\"state.isContentHidden\" data-wp-class--show=\"state.isContentVisible\" data-wp-init=\"callbacks.setButtonStyles\" data-wp-on--click=\"actions.showLightbox\" data-wp-on--load=\"callbacks.setButtonStyles\" data-wp-on-window--resize=\"callbacks.setButtonStyles\" src=\"https:\/\/presidencia.gob.do\/sites\/default\/files\/styles\/large\/public\/news\/2026-02\/Foto%20web_28.png?itok=ZhX4T7E4\" alt=\"\"\/><button\n\t\t\tclass=\"lightbox-trigger\"\n\t\t\ttype=\"button\"\n\t\t\taria-haspopup=\"dialog\"\n\t\t\taria-label=\"Agrandar\"\n\t\t\tdata-wp-init=\"callbacks.initTriggerButton\"\n\t\t\tdata-wp-on--click=\"actions.showLightbox\"\n\t\t\tdata-wp-style--right=\"state.imageButtonRight\"\n\t\t\tdata-wp-style--top=\"state.imageButtonTop\"\n\t\t>\n\t\t\t<svg xmlns=\"http:\/\/www.w3.org\/2000\/svg\" width=\"12\" height=\"12\" fill=\"none\" viewBox=\"0 0 12 12\">\n\t\t\t\t<path fill=\"#fff\" d=\"M2 0a2 2 0 0 0-2 2v2h1.5V2a.5.5 0 0 1 .5-.5h2V0H2Zm2 10.5H2a.5.5 0 0 1-.5-.5V8H0v2a2 2 0 0 0 2 2h2v-1.5ZM8 12v-1.5h2a.5.5 0 0 0 .5-.5V8H12v2a2 2 0 0 1-2 2H8Zm2-12a2 2 0 0 1 2 2v2h-1.5V2a.5.5 0 0 0-.5-.5H8V0h2Z\" \/>\n\t\t\t<\/svg>\n\t\t<\/button><\/figure>\n<\/div>\n\n\n<p>Acompa\u00f1ado de empresarios, banqueros, diplom\u00e1ticos y otros actores del sector, el ministro Collado realiz\u00f3 el corte de cinta, tras asegurar que continuar\u00e1 haciendo su mayor esfuerzo para garantizar que m\u00e1s&nbsp;<strong>turistas colombianos<\/strong>&nbsp;sigan escogiendo a la&nbsp;<strong>Rep\u00fablica Dominicana como su destino favorito<\/strong>&nbsp;de vacaciones.&nbsp;<\/p>\n\n\n\n<p>Inform\u00f3 que el a\u00f1o pasado la Rep\u00fablica Dominicana recibi\u00f3&nbsp;<strong>400,936 turistas colombianos<\/strong>, lo que represent\u00f3 un crecimiento de un&nbsp;<strong>19 %<\/strong>&nbsp;respecto al 2024.&nbsp;<\/p>\n\n\n\n<p><em>\u201cEse aporte convierte a Colombia en el cuarto pa\u00eds emisor de turistas a nuestra hermosa Rep\u00fablica Dominicana\u201d,<\/em>&nbsp;dijo Collado.&nbsp;<br><br><img loading=\"lazy\" decoding=\"async\" src=\"https:\/\/presidencia.gob.do\/sites\/default\/files\/inline-images\/IMG_8338.jpeg\" width=\"1280\" height=\"854\"><\/p>\n\n\n\n<p>Asegur\u00f3 que la&nbsp;<strong>Vitrina Tur\u00edstica de Anato,<\/strong>&nbsp;que llega a su&nbsp;<strong>45 edici\u00f3n<\/strong>, se ha convertido en una plataforma ideal para promover a la Rep\u00fablica Dominicana y mantener el&nbsp;<strong>crecimiento sostenido<\/strong>&nbsp;de turistas colombianos a Quisqueya.&nbsp;<\/p>\n\n\n\n<p>En este primer d\u00eda de feria, el ministro Collado tiene pautadas&nbsp;<strong>decenas de reuniones<\/strong>&nbsp;con diferentes actores del sector. Cada uno de los&nbsp;<strong>46 expositores<\/strong>&nbsp;tambi\u00e9n tiene una cargada agenda de trabajo.&nbsp;<\/p>\n\n\n\n<p>Previo a todo esto, el ministro Collado realiz\u00f3 la noche de este martes un&nbsp;<em>roadshow<\/em>, donde present\u00f3 lo mejor de la Rep\u00fablica Dominicana en Colombia ante&nbsp;<strong>1,300 agentes de viajes y turoperadores<\/strong>&nbsp;como parte de su estrategia de atraer m\u00e1s turistas hacia ese pa\u00eds caribe\u00f1o, que s\u00f3lo el a\u00f1o pasado recibi\u00f3&nbsp;<strong>11.6 millones visitantes.<\/strong><\/p>\n\n\n\n<p>En esa presentaci\u00f3n, el ministro de Turismo dominicano mostr\u00f3, tambi\u00e9n, las&nbsp;<strong>nuevas marcas hoteleras,<\/strong>&nbsp;los nuevos destinos tur\u00edsticos y las mejoras en las playas y sus accesos.&nbsp;<\/p>\n\n\n\n<p>Describi\u00f3 a Colombia como un pa\u00eds especial para la Rep\u00fablica Dominicana, ya que es el&nbsp;<strong>cuarto pa\u00eds emisor de turistas<\/strong>&nbsp;hacia Quisqueya.&nbsp;<\/p>\n\n\n\n<p><strong>Sobre Anato<\/strong>&nbsp;<\/p>\n\n\n\n<p>La&nbsp;<strong>45. \u00aa Vitrina Tur\u00edstica Anato 2026<\/strong>&nbsp;se lleva a cabo desde este mi\u00e9rcoles hasta el viernes en el Centro Internacional de Negocios y Exposiciones, Corferias, en&nbsp;<strong>Bogot\u00e1, Colombia,<\/strong>&nbsp;bajo el lema \u201cColombia Abierta al Mundo\u201d.&nbsp;<\/p>\n\n\n\n<p>En esta versi\u00f3n participan m\u00e1s 1,600 expositores y coexpositores&nbsp;<strong>de 30 pa\u00edses.<\/strong>&nbsp;Se esperan&nbsp;<strong>54,000 visitantes<\/strong>&nbsp;profesionales y ya hay agendadas m\u00e1s de&nbsp;<strong>24,000 citas.<\/strong><\/p>\n","protected":false},"excerpt":{"rendered":"<p>Bogot\u00e1, Colombia.- El ministro de Turismo,&nbsp;David Collado, inaugur\u00f3 el stand dominicano en la feria tur\u00edstica la&nbsp;Vitrina Tur\u00edstica de Anato,&nbsp;que inici\u00f3 este mi\u00e9rcoles aqu\u00ed y se extender\u00e1 hasta el viernes.&nbsp; Acompa\u00f1ado&hellip; <\/p>\n","protected":false},"author":2,"featured_media":76202,"comment_status":"closed","ping_status":"closed","sticky":false,"template":"","format":"standard","meta":{"fifu_image_url":"https:\/\/presidencia.gob.do\/sites\/default\/files\/styles\/large\/public\/news\/2026-02\/Foto%20web_28.png?itok=ZhX4T7E4","fifu_image_alt":"","footnotes":""},"categories":[172],"tags":[],"class_list":["post-76200","post","type-post","status-publish","format-standard","has-post-thumbnail","hentry","category-turismo"],"_links":{"self":[{"href":"https:\/\/elmundodelosnegocios.com.do\/v1\/wp-json\/wp\/v2\/posts\/76200","targetHints":{"allow":["GET"]}}],"collection":[{"href":"https:\/\/elmundodelosnegocios.com.do\/v1\/wp-json\/wp\/v2\/posts"}],"about":[{"href":"https:\/\/elmundodelosnegocios.com.do\/v1\/wp-json\/wp\/v2\/types\/post"}],"author":[{"embeddable":true,"href":"https:\/\/elmundodelosnegocios.com.do\/v1\/wp-json\/wp\/v2\/users\/2"}],"replies":[{"embeddable":true,"href":"https:\/\/elmundodelosnegocios.com.do\/v1\/wp-json\/wp\/v2\/comments?post=76200"}],"version-history":[{"count":1,"href":"https:\/\/elmundodelosnegocios.com.do\/v1\/wp-json\/wp\/v2\/posts\/76200\/revisions"}],"predecessor-version":[{"id":76201,"href":"https:\/\/elmundodelosnegocios.com.do\/v1\/wp-json\/wp\/v2\/posts\/76200\/revisions\/76201"}],"wp:featuredmedia":[{"embeddable":true,"href":"https:\/\/elmundodelosnegocios.com.do\/v1\/wp-json\/wp\/v2\/media\/76202"}],"wp:attachment":[{"href":"https:\/\/elmundodelosnegocios.com.do\/v1\/wp-json\/wp\/v2\/media?parent=76200"}],"wp:term":[{"taxonomy":"category","embeddable":true,"href":"https:\/\/elmundodelosnegocios.com.do\/v1\/wp-json\/wp\/v2\/categories?post=76200"},{"taxonomy":"post_tag","embeddable":true,"href":"https:\/\/elmundodelosnegocios.com.do\/v1\/wp-json\/wp\/v2\/tags?post=76200"}],"curies":[{"name":"wp","href":"https:\/\/api.w.org\/{rel}","templated":true}]}}