{"id":76203,"date":"2026-02-26T09:27:09","date_gmt":"2026-02-26T13:57:09","guid":{"rendered":"https:\/\/elmundodelosnegocios.com.do\/v1\/?p=76203"},"modified":"2026-02-26T09:27:11","modified_gmt":"2026-02-26T13:57:11","slug":"presidente-luis-abinader-inaugura-radar-meteorologico-doppler-en-complejo-aeronautico-dominicano","status":"publish","type":"post","link":"https:\/\/elmundodelosnegocios.com.do\/v1\/presidente-luis-abinader-inaugura-radar-meteorologico-doppler-en-complejo-aeronautico-dominicano\/","title":{"rendered":"Presidente Luis Abinader inaugura radar meteorol\u00f3gico Doppler en Complejo Aeron\u00e1utico Dominicano"},"content":{"rendered":"<div class=\"wp-block-image\">\n<figure data-wp-context=\"{&quot;imageId&quot;:&quot;69ec528c40c32&quot;}\" data-wp-interactive=\"core\/image\" data-wp-key=\"69ec528c40c32\" class=\"aligncenter size-large wp-lightbox-container\"><img decoding=\"async\" data-wp-class--hide=\"state.isContentHidden\" data-wp-class--show=\"state.isContentVisible\" data-wp-init=\"callbacks.setButtonStyles\" data-wp-on--click=\"actions.showLightbox\" data-wp-on--load=\"callbacks.setButtonStyles\" data-wp-on-window--resize=\"callbacks.setButtonStyles\" src=\"https:\/\/presidencia.gob.do\/sites\/default\/files\/styles\/large\/public\/news\/2026-02\/1001349264.jpg?itok=BKivmXs6\" alt=\"\"\/><button\n\t\t\tclass=\"lightbox-trigger\"\n\t\t\ttype=\"button\"\n\t\t\taria-haspopup=\"dialog\"\n\t\t\taria-label=\"Agrandar\"\n\t\t\tdata-wp-init=\"callbacks.initTriggerButton\"\n\t\t\tdata-wp-on--click=\"actions.showLightbox\"\n\t\t\tdata-wp-style--right=\"state.imageButtonRight\"\n\t\t\tdata-wp-style--top=\"state.imageButtonTop\"\n\t\t>\n\t\t\t<svg xmlns=\"http:\/\/www.w3.org\/2000\/svg\" width=\"12\" height=\"12\" fill=\"none\" viewBox=\"0 0 12 12\">\n\t\t\t\t<path fill=\"#fff\" d=\"M2 0a2 2 0 0 0-2 2v2h1.5V2a.5.5 0 0 1 .5-.5h2V0H2Zm2 10.5H2a.5.5 0 0 1-.5-.5V8H0v2a2 2 0 0 0 2 2h2v-1.5ZM8 12v-1.5h2a.5.5 0 0 0 .5-.5V8H12v2a2 2 0 0 1-2 2H8Zm2-12a2 2 0 0 1 2 2v2h-1.5V2a.5.5 0 0 0-.5-.5H8V0h2Z\" \/>\n\t\t\t<\/svg>\n\t\t<\/button><\/figure>\n<\/div>\n\n\n<p>Santo Domingo.\u2013&nbsp;<strong>El presidente Luis Abinader<\/strong>&nbsp;inaugur\u00f3 este mi\u00e9rcoles el&nbsp;<strong>radar meteorol\u00f3gico Doppler Banda C<\/strong>&nbsp;de doble polarizaci\u00f3n y estado s\u00f3lido, en el&nbsp;<strong>Complejo Aeron\u00e1utico Dominicano<\/strong>, lo que le permite al Gobierno seguir avanzando en la&nbsp;<strong>modernizaci\u00f3n del sistema meteorol\u00f3gico nacional&nbsp;<\/strong>y el fortalecimiento de la&nbsp;<strong>seguridad operacional en el espacio a\u00e9reo dominicano.<\/strong><\/p>\n\n\n\n<p>El director general del Instituto Dominicano de Aviaci\u00f3n Civil&nbsp;<strong>(IDAC), Igor Rodr\u00edguez Dur\u00e1n<\/strong>, en su calidad de titular de la instituci\u00f3n, destac\u00f3 el&nbsp;<strong>respaldo brindado por el primer mandatario&nbsp;<\/strong>para la adquisici\u00f3n de estos equipos y lograr la&nbsp;<strong>cobertura total de todo el territorio nacional&nbsp;<\/strong>a<strong>&nbsp;<\/strong>trav\u00e9s de este sistema de radares de alta tecnolog\u00eda.<\/p>\n\n\n\n<p><strong>La mayor y m\u00e1s inteligente inversi\u00f3n en equipamiento<\/strong><\/p>\n\n\n\n<p><em>\u201cLa aviaci\u00f3n civil de la Rep\u00fablica Dominicana ha recibido, durante la gesti\u00f3n del presidente Luis Abinader, la mayor y m\u00e1s inteligente inversi\u00f3n en equipamiento, tecnolog\u00eda y capacitaci\u00f3n de los equipos t\u00e9cnico y administrativo, que cada d\u00eda trabajan para garantizar operaciones seguras en el pa\u00eds\u201d,<\/em>&nbsp;sostuvo Rodr\u00edguez Dur\u00e1n.<\/p>\n\n\n\n<p><strong>Se completa triangulaci\u00f3n de informaci\u00f3n<\/strong><\/p>\n\n\n\n<p>Con la puesta en operaci\u00f3n del radar meteorol\u00f3gico Doppler Banda C en este Complejo Aeron\u00e1utico Dominicano, con una&nbsp;<strong>inversi\u00f3n de 250 millones de pesos,<\/strong>&nbsp;se completa la&nbsp;<strong>triangulaci\u00f3n de informaci\u00f3n<\/strong>&nbsp;de todo el territorio dominicano.<\/p>\n\n\n\n<figure class=\"wp-block-image\"><img decoding=\"async\" src=\"https:\/\/presidencia.gob.do\/sites\/default\/files\/inline-images\/1001349251.jpg\" alt=\"\"\/><\/figure>\n\n\n\n<p><em>\u201cEste radar WRS300, de doble polarizaci\u00f3n y estado s\u00f3lido, tiene una cobertura efectiva de 250 kil\u00f3metros y puede alcanzar hasta los 400 kil\u00f3metros. En el a\u00f1o 2022 fue instalado el primer radar en el Aeropuerto Internacional de Punta Cana, y en mayo del pasado a\u00f1o el segundo en la loma Isabel de Torres, en Puerto Plata. Hoy consolidamos un sistema integral de vigilancia meteorol\u00f3gica al servicio del pa\u00eds\u201d,<\/em>&nbsp;a\u00f1adi\u00f3 el director general del IDAC.<\/p>\n\n\n\n<p>Para la&nbsp;<strong>aviaci\u00f3n<\/strong>, su impacto es determinante en la&nbsp;<strong>seguridad operacional<\/strong>, ya que fortalece la&nbsp;<strong>toma de decisiones de pilotos y controladores a\u00e9reos<\/strong>, los procesos de&nbsp;<strong>despegue y aterrizaje<\/strong>, la anticipaci\u00f3n de&nbsp;<strong>condiciones meteorol\u00f3gicas adversas<\/strong>, intensidad y distribuci\u00f3n de la&nbsp;<strong>lluvia<\/strong>, adem\u00e1s de la direcci\u00f3n y velocidad del&nbsp;<strong>viento<\/strong>.<\/p>\n\n\n\n<p><strong>Inauguraciones Base A\u00e9rea de San Isidro<\/strong><\/p>\n\n\n\n<p>De igual manera, adelant\u00f3 que en el&nbsp;<strong>mes de abril<\/strong>, el presidente tendr\u00e1 la oportunidad de inaugurar una&nbsp;<strong>moderna torre de control con cabina<\/strong>, equipos de comunicaciones de \u00faltima generaci\u00f3n, un DVOR-DME y un moderno sistema energ\u00e9tico alternativo en la pista de la Base A\u00e9rea de San Isidro.<\/p>\n\n\n\n<p>En ese mismo orden, Rodr\u00edguez Dur\u00e1n indic\u00f3 que el Instituto Dominicano de Meteorolog\u00eda&nbsp;<strong>(Indomet)<\/strong>&nbsp;y la&nbsp;<strong>Fuerza A\u00e9rea Dominicana<\/strong>&nbsp;tienen&nbsp;<strong>acceso al servidor de estos radares<\/strong>&nbsp;para que puedan realizar sus operaciones en menor tiempo y mayor calidad.<\/p>\n\n\n\n<p><strong>Gloria Ceballos y Juan Manuel M\u00e9ndez valoran beneficios del sistema de radares<\/strong><\/p>\n\n\n\n<p>Los directores del Centro de Operaciones de Emergencias (COE) y del Instituto Dominicano de Meteorolog\u00eda,&nbsp;<strong>Juan Manuel M\u00e9ndez y Gloria Ceballos<\/strong>, respectivamente, valoraron lo&nbsp;<strong>beneficioso<\/strong>&nbsp;de este sistema de radares de predicci\u00f3n meteorol\u00f3gica, para tener un&nbsp;<strong>mejor control de informaci\u00f3n<\/strong>&nbsp;en ese sentido&nbsp;<strong>durante las temporadas cicl\u00f3nicas y los eventos naturales<\/strong>&nbsp;que constantemente se registran en el pa\u00eds.<\/p>\n\n\n\n<p>A la inauguraci\u00f3n del radar meteorol\u00f3gico Doppler Banda C asistieron, el ministro de la Presidencia,&nbsp;<strong>Jos\u00e9 Ignacio Paliza<\/strong>; la subdirectora general del IDAC,&nbsp;<strong>Paola Aim\u00e9e Pl\u00e1 Puello<\/strong>; el senador de la provincia Santo Domingo,&nbsp;<strong>Antonio Manuel Taveras<\/strong>; la gobernadora de la provincia Santo Domingo,&nbsp;<strong>Lucrecia Santana Leyba,<\/strong>&nbsp;y el alcalde del municipio Boca Chica,&nbsp;<strong>Ram\u00f3n Candelario Santana.<\/strong><\/p>\n\n\n\n<p>Adem\u00e1s dijeron presente en el importante acto, el presidente de la Junta de Aviaci\u00f3n Civil,&nbsp;<strong>H\u00e9ctor Porcella<\/strong>; el director ejecutivo del Departamento Aeroportuario,&nbsp;<strong>V\u00edctor Pichardo<\/strong>; el comandante general de la Fuerza A\u00e9rea de Rep\u00fablica Dominicana, mayor general piloto&nbsp;<strong>Floreal Su\u00e1rez Mart\u00ednez<\/strong>, y el director general del Cesac, general de brigada piloto&nbsp;<strong>Enmanuel Souffront Tamayo.<\/strong><\/p>\n\n\n\n<p>Asimismo, el presidente de la Asociaci\u00f3n Nacional de Pilotos (ANP), capit\u00e1n&nbsp;<strong>Eugenio de Marchena Espada<\/strong>; el reverendo padre&nbsp;<strong>Milc\u00edades Florentino<\/strong>, quien bendijo el acto, operadores dominicanos, colaboradores del IDAC e invitados especiales.<\/p>\n","protected":false},"excerpt":{"rendered":"<p>Santo Domingo.\u2013&nbsp;El presidente Luis Abinader&nbsp;inaugur\u00f3 este mi\u00e9rcoles el&nbsp;radar meteorol\u00f3gico Doppler Banda C&nbsp;de doble polarizaci\u00f3n y estado s\u00f3lido, en el&nbsp;Complejo Aeron\u00e1utico Dominicano, lo que le permite al Gobierno seguir avanzando en&hellip; <\/p>\n","protected":false},"author":2,"featured_media":76205,"comment_status":"closed","ping_status":"closed","sticky":false,"template":"","format":"standard","meta":{"fifu_image_url":"https:\/\/presidencia.gob.do\/sites\/default\/files\/styles\/large\/public\/news\/2026-02\/1001349264.jpg?itok=BKivmXs6","fifu_image_alt":"","footnotes":""},"categories":[168],"tags":[],"class_list":["post-76203","post","type-post","status-publish","format-standard","has-post-thumbnail","hentry","category-transporte-aereo"],"_links":{"self":[{"href":"https:\/\/elmundodelosnegocios.com.do\/v1\/wp-json\/wp\/v2\/posts\/76203","targetHints":{"allow":["GET"]}}],"collection":[{"href":"https:\/\/elmundodelosnegocios.com.do\/v1\/wp-json\/wp\/v2\/posts"}],"about":[{"href":"https:\/\/elmundodelosnegocios.com.do\/v1\/wp-json\/wp\/v2\/types\/post"}],"author":[{"embeddable":true,"href":"https:\/\/elmundodelosnegocios.com.do\/v1\/wp-json\/wp\/v2\/users\/2"}],"replies":[{"embeddable":true,"href":"https:\/\/elmundodelosnegocios.com.do\/v1\/wp-json\/wp\/v2\/comments?post=76203"}],"version-history":[{"count":1,"href":"https:\/\/elmundodelosnegocios.com.do\/v1\/wp-json\/wp\/v2\/posts\/76203\/revisions"}],"predecessor-version":[{"id":76204,"href":"https:\/\/elmundodelosnegocios.com.do\/v1\/wp-json\/wp\/v2\/posts\/76203\/revisions\/76204"}],"wp:featuredmedia":[{"embeddable":true,"href":"https:\/\/elmundodelosnegocios.com.do\/v1\/wp-json\/wp\/v2\/media\/76205"}],"wp:attachment":[{"href":"https:\/\/elmundodelosnegocios.com.do\/v1\/wp-json\/wp\/v2\/media?parent=76203"}],"wp:term":[{"taxonomy":"category","embeddable":true,"href":"https:\/\/elmundodelosnegocios.com.do\/v1\/wp-json\/wp\/v2\/categories?post=76203"},{"taxonomy":"post_tag","embeddable":true,"href":"https:\/\/elmundodelosnegocios.com.do\/v1\/wp-json\/wp\/v2\/tags?post=76203"}],"curies":[{"name":"wp","href":"https:\/\/api.w.org\/{rel}","templated":true}]}}