{"id":76216,"date":"2026-02-26T20:04:53","date_gmt":"2026-02-27T00:34:53","guid":{"rendered":"https:\/\/elmundodelosnegocios.com.do\/v1\/ministerio-de-energia-y-minas-fortalece-el-conocimiento-interno-con-una-nueva-jornada-de-capacitacion\/"},"modified":"2026-03-02T09:48:59","modified_gmt":"2026-03-02T14:18:59","slug":"ministerio-de-energia-y-minas-fortalece-el-conocimiento-interno-con-una-nueva-jornada-de-capacitacion","status":"publish","type":"post","link":"https:\/\/elmundodelosnegocios.com.do\/v1\/ministerio-de-energia-y-minas-fortalece-el-conocimiento-interno-con-una-nueva-jornada-de-capacitacion\/","title":{"rendered":"Ministerio de Energ\u00eda y Minas fortalece el conocimiento interno con una nueva jornada de capacitaci\u00f3n"},"content":{"rendered":"<div class=\"pf-content\">\n<div class=\"printfriendly pf-button pf-button-content pf-alignright\"><\/div>\n<p>Colaboradores conocen funciones y retos de las direcciones de Estad\u00edsticas Sectoriales y An\u00e1lisis Econ\u00f3mico y Financiero Sectorial para impulsar la transparencia y eficiencia institucional<\/p>\n<div class=\"wp-block-post-date\"><time datetime=\"2026-02-27T00:22:39.013Z\">26 febrero, 2026<\/time><\/div>\n<div class=\"wp-block-media-text is-stacked-on-mobile\" style=\"grid-template-columns: 36% auto;\">\n<figure class=\"wp-block-media-text__media\"><img loading=\"lazy\" decoding=\"async\" class=\"wp-image-13066 size-full\" src=\"https:\/\/mem.gob.do\/wp-content\/uploads\/2026\/02\/IMG-20260226-WA0004-1024x684.jpg\" sizes=\"auto, (max-width: 1024px) 100vw, 1024px\" srcset=\"https:\/\/mem.gob.do\/wp-content\/uploads\/2026\/02\/IMG-20260226-WA0004-1024x684.jpg 1024w, https:\/\/mem.gob.do\/wp-content\/uploads\/2026\/02\/IMG-20260226-WA0004-300x200.jpg 300w, https:\/\/mem.gob.do\/wp-content\/uploads\/2026\/02\/IMG-20260226-WA0004-768x513.jpg 768w, https:\/\/mem.gob.do\/wp-content\/uploads\/2026\/02\/IMG-20260226-WA0004-1536x1025.jpg 1536w, https:\/\/mem.gob.do\/wp-content\/uploads\/2026\/02\/IMG-20260226-WA0004.jpg 1600w\" alt=\"\" width=\"1024\" height=\"684\" \/><\/figure>\n<div class=\"wp-block-media-text__content\">\n<p><strong>SANTO DOMINGO.<\/strong> \u2013 Con el prop\u00f3sito que los colaboradores del Ministerio de Energ\u00eda y Minas (MEM) comprendan mejor la importancia y los aportes de sus diferentes \u00e1reas, la Direcci\u00f3n de Recursos Humanos llev\u00f3 a cabo un nuevo encuentro de la serie Conociendo el Ministerio, que busca fortalecer el conocimiento sobre las instancias internas de la instituci\u00f3n.<\/p>\n<\/div>\n<\/div>\n<p>La actividad, organizada por el Departamento de Evaluaci\u00f3n del Desempe\u00f1o y Capacitaci\u00f3n, tuvo como objetivo que los colaboradores conozcan las funciones principales, los objetivos estrat\u00e9gicos y los retos m\u00e1s importantes de las \u00e1reas presentadas. En esta ocasi\u00f3n, se dieron a conocer las iniciativas de las direcciones de Estad\u00edsticas Sectoriales y de An\u00e1lisis Econ\u00f3mico y Financiero Sectorial.<\/p>\n<p>Con este encuentro se busca que cada participante valore la relevancia y el aporte de las dependencias para el cumplimiento de los objetivos institucionales. Las presentaciones fueron realizadas por sus directores: Santos Silvestre Arias, de Estad\u00edsticas Sectoriales, y Scarlet Garc\u00eda Caro, de An\u00e1lisis Econ\u00f3mico y Financiero Sectorial.<\/p>\n<p>Desde la Direcci\u00f3n de Estad\u00edsticas Sectoriales, se explic\u00f3 que sus funciones incluyen la coordinaci\u00f3n para la producci\u00f3n de estad\u00edsticas, y la innovaci\u00f3n en la gesti\u00f3n del sector mediante la incorporaci\u00f3n de nuevas tendencias en Tecnolog\u00edas de Informaci\u00f3n y Comunicaci\u00f3n. Esta dependencia tambi\u00e9n analiza y monitorea herramientas como la Evaluaci\u00f3n del Desempe\u00f1o Institucional y brinda soporte estrat\u00e9gico al ministro Joel Santos con informaci\u00f3n estad\u00edstica oportuna.<\/p>\n<div class=\"wp-block-media-text is-stacked-on-mobile\" style=\"grid-template-columns: 36% auto;\">\n<figure class=\"wp-block-media-text__media\"><img loading=\"lazy\" decoding=\"async\" class=\"wp-image-13065 size-full\" src=\"https:\/\/mem.gob.do\/wp-content\/uploads\/2026\/02\/1000062032-1024x684.jpg\" sizes=\"auto, (max-width: 1024px) 100vw, 1024px\" srcset=\"https:\/\/mem.gob.do\/wp-content\/uploads\/2026\/02\/1000062032-1024x684.jpg 1024w, https:\/\/mem.gob.do\/wp-content\/uploads\/2026\/02\/1000062032-300x200.jpg 300w, https:\/\/mem.gob.do\/wp-content\/uploads\/2026\/02\/1000062032-768x513.jpg 768w, https:\/\/mem.gob.do\/wp-content\/uploads\/2026\/02\/1000062032-1536x1025.jpg 1536w, https:\/\/mem.gob.do\/wp-content\/uploads\/2026\/02\/1000062032.jpg 1600w\" alt=\"\" width=\"1024\" height=\"684\" \/><\/figure>\n<div class=\"wp-block-media-text__content\">\n<p>Santos Silvestre Arias, de Estad\u00edsticas Sectoriales, afirm\u00f3 que su direcci\u00f3n se enfoca en las estad\u00edsticas de los sectores bajo la rector\u00eda del ministerio, es decir, energ\u00e9tico, minero e hidrocarburos. Que su objetivo es dirigir, supervisar, centralizar y analizar las estad\u00edsticas del sector para apoyar la toma de decisiones.<\/p>\n<\/div>\n<\/div>\n<p>Junto a Silvestre Arias participaron por esa \u00e1rea Paola Ortega, analista de Estad\u00edsticas Sectoriales, y Melissa Mej\u00eda, secretaria.<\/p>\n<p>Entretanto, Scarlet Garc\u00eda Caro, directora de An\u00e1lisis Econ\u00f3mico y Financiero Sectorial, destac\u00f3 que su \u00e1rea monitorea variables macroecon\u00f3micas y realiza el seguimiento financiero de los proyectos relacionados con las distintas \u00e1reas del ministerio.<\/p>\n<p>Esta direcci\u00f3n tambi\u00e9n recopila datos sobre aspectos econ\u00f3micos vinculados al sector minero, generando inteligencia econ\u00f3mica clave para la toma de decisiones oportunas. Adem\u00e1s, se encargan del an\u00e1lisis de tendencias, la elaboraci\u00f3n de posibles escenarios y la realizaci\u00f3n de proyecciones de variables relevantes.<\/p>\n<p>Garc\u00eda Caro agreg\u00f3 que est\u00e1n enfocados en fortalecer las capacidades t\u00e9cnicas para gestionar con un enfoque proactivo, y que ampl\u00edan la asistencia a todos los subsectores del ministerio.<\/p>\n<p>Junto Scarlet Garc\u00eda Caro estuvieron Horacio \u00c1lvarez, coordinador del \u00e1rea, y los analistas Miguel Torres, Richard L\u00f3pez y Blas Mateo.<\/p>\n<\/div>\n","protected":false},"excerpt":{"rendered":"<p>Colaboradores conocen funciones y retos de las direcciones de Estad\u00edsticas Sectoriales y An\u00e1lisis Econ\u00f3mico y Financiero Sectorial para impulsar la transparencia y eficiencia institucional 26 febrero, 2026 SANTO DOMINGO. \u2013&hellip; <\/p>\n","protected":false},"author":3,"featured_media":76244,"comment_status":"closed","ping_status":"closed","sticky":false,"template":"","format":"standard","meta":{"fifu_image_url":"https:\/\/mem.gob.do\/wp-content\/uploads\/2026\/02\/IMG-20260226-WA0003.jpg","fifu_image_alt":"","footnotes":""},"categories":[182],"tags":[],"class_list":["post-76216","post","type-post","status-publish","format-standard","has-post-thumbnail","hentry","category-energia"],"_links":{"self":[{"href":"https:\/\/elmundodelosnegocios.com.do\/v1\/wp-json\/wp\/v2\/posts\/76216","targetHints":{"allow":["GET"]}}],"collection":[{"href":"https:\/\/elmundodelosnegocios.com.do\/v1\/wp-json\/wp\/v2\/posts"}],"about":[{"href":"https:\/\/elmundodelosnegocios.com.do\/v1\/wp-json\/wp\/v2\/types\/post"}],"author":[{"embeddable":true,"href":"https:\/\/elmundodelosnegocios.com.do\/v1\/wp-json\/wp\/v2\/users\/3"}],"replies":[{"embeddable":true,"href":"https:\/\/elmundodelosnegocios.com.do\/v1\/wp-json\/wp\/v2\/comments?post=76216"}],"version-history":[{"count":1,"href":"https:\/\/elmundodelosnegocios.com.do\/v1\/wp-json\/wp\/v2\/posts\/76216\/revisions"}],"predecessor-version":[{"id":76243,"href":"https:\/\/elmundodelosnegocios.com.do\/v1\/wp-json\/wp\/v2\/posts\/76216\/revisions\/76243"}],"wp:featuredmedia":[{"embeddable":true,"href":"https:\/\/elmundodelosnegocios.com.do\/v1\/wp-json\/wp\/v2\/media\/76244"}],"wp:attachment":[{"href":"https:\/\/elmundodelosnegocios.com.do\/v1\/wp-json\/wp\/v2\/media?parent=76216"}],"wp:term":[{"taxonomy":"category","embeddable":true,"href":"https:\/\/elmundodelosnegocios.com.do\/v1\/wp-json\/wp\/v2\/categories?post=76216"},{"taxonomy":"post_tag","embeddable":true,"href":"https:\/\/elmundodelosnegocios.com.do\/v1\/wp-json\/wp\/v2\/tags?post=76216"}],"curies":[{"name":"wp","href":"https:\/\/api.w.org\/{rel}","templated":true}]}}