{"id":76290,"date":"2026-03-02T12:31:08","date_gmt":"2026-03-02T17:01:08","guid":{"rendered":"https:\/\/elmundodelosnegocios.com.do\/v1\/?p=76290"},"modified":"2026-03-06T07:53:34","modified_gmt":"2026-03-06T12:23:34","slug":"articulo-exclusivo-nuestro-paso-por-fitac-2025-en-cartagena-de-indias-digitalizacion-cooperacion-y-estrategia-orden-logistico-internacional","status":"publish","type":"post","link":"https:\/\/elmundodelosnegocios.com.do\/v1\/articulo-exclusivo-nuestro-paso-por-fitac-2025-en-cartagena-de-indias-digitalizacion-cooperacion-y-estrategia-orden-logistico-internacional\/","title":{"rendered":"ART\u00cdCULO EXCLUSIVO: Nuestro paso por FITAC 2025 en Cartagena de Indias:\u00a0 Digitalizaci\u00f3n, cooperaci\u00f3n y estrategia orden log\u00edstico internacional."},"content":{"rendered":"\n<div class=\"wp-block-media-text is-stacked-on-mobile has-background\" style=\"background-color:#f2f2f2;grid-template-columns:21% auto\"><figure class=\"wp-block-media-text__media\"><img loading=\"lazy\" decoding=\"async\" width=\"400\" height=\"400\" src=\"https:\/\/elmundodelosnegocios.com.do\/v1\/wp-content\/uploads\/2026\/03\/Osiris-Ramirez-400x400-1-circle.jpg\" alt=\"\" class=\"wp-image-76298 size-full\" srcset=\"https:\/\/elmundodelosnegocios.com.do\/v1\/wp-content\/uploads\/2026\/03\/Osiris-Ramirez-400x400-1-circle.jpg 400w, https:\/\/elmundodelosnegocios.com.do\/v1\/wp-content\/uploads\/2026\/03\/Osiris-Ramirez-400x400-1-circle-300x300.jpg 300w, https:\/\/elmundodelosnegocios.com.do\/v1\/wp-content\/uploads\/2026\/03\/Osiris-Ramirez-400x400-1-circle-150x150.jpg 150w\" sizes=\"auto, (max-width: 400px) 100vw, 400px\" \/><\/figure><div class=\"wp-block-media-text__content\">\n<p>Por:<strong> Dr. Osiris M. Ramirez Ponce de Le\u00f2n.<\/strong><\/p>\n\n\n\n<p>DESSAI Aix en Provence, Francia.<\/p>\n<\/div><\/div>\n\n\n\n<p>El Congreso FITAC 2025, celebrado del 3 al 5 de diciembre en el Hotel Hilton de Cartagena de Indias, se consolid\u00f3 como uno de los encuentros m\u00e1s influyentes para el comercio exterior y la log\u00edstica en Am\u00e9rica Latina. Con m\u00e1s de 700 l\u00edderes empresariales, autoridades, expertos y representantes de 22 pa\u00edses, el evento proyect\u00f3 una visi\u00f3n estrat\u00e9gica sobre los desaf\u00edos y oportunidades que marcar\u00e1n la pr\u00f3xima d\u00e9cada del sector.<\/p>\n\n\n<div class=\"wp-block-image\">\n<figure data-wp-context=\"{&quot;imageId&quot;:&quot;69ec7badb9bab&quot;}\" data-wp-interactive=\"core\/image\" data-wp-key=\"69ec7badb9bab\" class=\"aligncenter size-large wp-lightbox-container\"><img loading=\"lazy\" decoding=\"async\" width=\"1024\" height=\"682\" data-wp-class--hide=\"state.isContentHidden\" data-wp-class--show=\"state.isContentVisible\" data-wp-init=\"callbacks.setButtonStyles\" data-wp-on--click=\"actions.showLightbox\" data-wp-on--load=\"callbacks.setButtonStyles\" data-wp-on-window--resize=\"callbacks.setButtonStyles\" src=\"https:\/\/elmundodelosnegocios.com.do\/v1\/wp-content\/uploads\/2026\/03\/fic-2025-1024x682.jpeg\" alt=\"\" class=\"wp-image-76299\" srcset=\"https:\/\/elmundodelosnegocios.com.do\/v1\/wp-content\/uploads\/2026\/03\/fic-2025-1024x682.jpeg 1024w, https:\/\/elmundodelosnegocios.com.do\/v1\/wp-content\/uploads\/2026\/03\/fic-2025-300x200.jpeg 300w, https:\/\/elmundodelosnegocios.com.do\/v1\/wp-content\/uploads\/2026\/03\/fic-2025-768x512.jpeg 768w, https:\/\/elmundodelosnegocios.com.do\/v1\/wp-content\/uploads\/2026\/03\/fic-2025.jpeg 1280w\" sizes=\"auto, (max-width: 1024px) 100vw, 1024px\" \/><button\n\t\t\tclass=\"lightbox-trigger\"\n\t\t\ttype=\"button\"\n\t\t\taria-haspopup=\"dialog\"\n\t\t\taria-label=\"Agrandar\"\n\t\t\tdata-wp-init=\"callbacks.initTriggerButton\"\n\t\t\tdata-wp-on--click=\"actions.showLightbox\"\n\t\t\tdata-wp-style--right=\"state.imageButtonRight\"\n\t\t\tdata-wp-style--top=\"state.imageButtonTop\"\n\t\t>\n\t\t\t<svg xmlns=\"http:\/\/www.w3.org\/2000\/svg\" width=\"12\" height=\"12\" fill=\"none\" viewBox=\"0 0 12 12\">\n\t\t\t\t<path fill=\"#fff\" d=\"M2 0a2 2 0 0 0-2 2v2h1.5V2a.5.5 0 0 1 .5-.5h2V0H2Zm2 10.5H2a.5.5 0 0 1-.5-.5V8H0v2a2 2 0 0 0 2 2h2v-1.5ZM8 12v-1.5h2a.5.5 0 0 0 .5-.5V8H12v2a2 2 0 0 1-2 2H8Zm2-12a2 2 0 0 1 2 2v2h-1.5V2a.5.5 0 0 0-.5-.5H8V0h2Z\" \/>\n\t\t\t<\/svg>\n\t\t<\/button><\/figure>\n<\/div>\n\n\n<p>Este fue el escenario real para la integraci\u00f3n y la innovaci\u00f3n de Hispanoam\u00e9rica en el a\u00f1o 2025 con la participaci\u00f3n de delegaciones internacionales, incluyendo referentes de Espa\u00f1a como el SIL Barcelona, la cual reforz\u00f3 el car\u00e1cter global del Congreso y la necesidad de construir un ecosistema log\u00edstico interconectado, eficiente y tecnol\u00f3gicamente robusto. La presencia de figuras como Pere Navarro (Autoridad Portuaria de Barcelona) y Blanca Sorigu\u00e9 (SIL Barcelona) evidenci\u00f3 el fortalecimiento de alianzas transatl\u00e1nticas orientadas a la cooperaci\u00f3n y la competitividad regional.<\/p>\n\n\n\n<p>Tuvimos el honor y privilegio de participar en representaci\u00f3n del Dr. Tiuna de Benito Fern\u00e1ndez M\u00e0nager Regional para Am\u00e9rica de ASYCUDA de la Divisi\u00f3n de Tecnolog\u00eda y Log\u00edstica de las Naciones Unidas Comercio y Desarrollo UNCTAD-DTL, en nuestra calidad de Consultor Regional para Centroam\u00e9rica y El Caribe. Estuvimos presente en las actividades del Congreso, profundizando v\u00ednculos con operadores, c\u00e1maras, autoridades y empresas del sector, en un contexto donde la articulaci\u00f3n p\u00fablico-privada se vuelve indispensable para enfrentar los retos globales del comercio exterior, donde analizamos y discutimos las nuevas tendencias que redefinen la log\u00edstica internacional. Los ejes tem\u00e1ticos planteados en el Congreso del FITAC 2025 reflejaron la transformaci\u00f3n acelerada que vive la cadena log\u00edstica global, iniciando por:<\/p>\n\n\n\n<p><strong>1. La Transformaci\u00f3n digital y log\u00edstica inteligente:<\/strong> El congreso destac\u00f3 el papel de las nuevas tecnolog\u00edas \u2014desde aplicaciones de planificaci\u00f3n hasta sistemas de gesti\u00f3n inteligente\u2014 como herramientas esenciales para optimizar procesos, reducir costos y mejorar la trazabilidad en toda la cadena de suministro.<\/p>\n\n\n\n<p><strong>2. La Innovaci\u00f3n y competitividad como ventaja estrat\u00e9gica: <\/strong>Se enfatiz\u00f3 la necesidad de fomentar la diversidad, la innovaci\u00f3n y la adopci\u00f3n de modelos flexibles que permitan a las empresas adaptarse a un entorno global vol\u00e1til, marcado por riesgos crecientes como el crimen organizado y las amenazas a la seguridad log\u00edstica.<\/p>\n\n\n\n<p><strong>3. Log\u00edstica 4.0 y eficiencia integral:<\/strong>&nbsp; Las discusiones abordaron la eficiencia desde el centro de distribuci\u00f3n hasta el punto de venta, integrando automatizaci\u00f3n, an\u00e1lisis de datos y nuevas arquitecturas operativas que redefinen la log\u00edstica moderna.<\/p>\n\n\n\n<p><strong>4. Desaf\u00edos regulatorios y rol del despachante de aduanas<\/strong>: El evento subray\u00f3 la importancia de la actualizaci\u00f3n normativa y el fortalecimiento del rol del despachante de aduanas frente a regulaciones cambiantes, especialmente en mercados como Argentina, seg\u00fan reportes de Webpicking y El Canal Mar\u00edtimo y Log\u00edstico.<\/p>\n\n\n\n<p><strong>5. Sostenibilidad y relocalizaci\u00f3n de cadenas de suministro<\/strong>: El Nearshoring y Friendshooring emergieron como estrategias clave para mitigar riesgos, reducir tiempos log\u00edsticos y fortalecer la resiliencia de las cadenas globales, en un contexto de reconfiguraci\u00f3n geoecon\u00f3mica acelerada.<\/p>\n\n\n\n<figure class=\"wp-block-image size-large\"><img loading=\"lazy\" decoding=\"async\" width=\"473\" height=\"1024\" src=\"https:\/\/elmundodelosnegocios.com.do\/v1\/wp-content\/uploads\/2026\/03\/image-5-473x1024.png\" alt=\"\" class=\"wp-image-76295\" srcset=\"https:\/\/elmundodelosnegocios.com.do\/v1\/wp-content\/uploads\/2026\/03\/image-5-473x1024.png 473w, https:\/\/elmundodelosnegocios.com.do\/v1\/wp-content\/uploads\/2026\/03\/image-5-139x300.png 139w, https:\/\/elmundodelosnegocios.com.do\/v1\/wp-content\/uploads\/2026\/03\/image-5.png 591w\" sizes=\"auto, (max-width: 473px) 100vw, 473px\" \/><\/figure>\n\n\n\n<p>Como realidad Colombia desea posicionarse como Hub Regional de discusi\u00f3n log\u00edstica, por lo cual el FITAC International Congress 2025 posicion\u00f3 a Colombia como un actor central en la conversaci\u00f3n log\u00edstica iberoamericana. Su capacidad para convocar a l\u00edderes globales y promover debates de alto nivel reafirma su papel como plataforma estrat\u00e9gica para el comercio exterior regional.&nbsp;<\/p>\n\n\n\n<p>Adem\u00e1s, el evento ofreci\u00f3 espacios de networking, muestra comercial, reconocimiento empresarial, agenda acad\u00e9mica e intercambio cultural, consolid\u00e1ndose como un punto de encuentro integral para la comunidad log\u00edstica internacional.<\/p>\n\n\n\n<p>Con la Mirada fija desde ya hacia 2026, la meta es una agenda sin improvisaci\u00f3n. FITAC present\u00f3 una hoja de ruta clara para 2026, centrada en las siguientes acciones concretas:<\/p>\n\n\n\n<ul class=\"wp-block-list\">\n<li>Integraci\u00f3n de eventos regionales, nacionales e internacionales con impacto real.\u00a0<\/li>\n\n\n\n<li>Consolidaci\u00f3n de agendas de innovaci\u00f3n digital sin discursos vac\u00edos.\u00a0\u00a0<\/li>\n\n\n\n<li>Desarrollo de simposios orientados a soluciones pr\u00e1cticas en log\u00edstica, transporte y puertos.\u00a0\u00a0<\/li>\n\n\n\n<li>Creaci\u00f3n de espacios de capacitaci\u00f3n y networking que generen propuestas sectoriales tangibles.<\/li>\n\n\n\n<li>Fortalecimiento de alianzas p\u00fablico-privadas para competir globalmente desde una perspectiva estrat\u00e9gica y no meramente formal.<\/li>\n<\/ul>\n\n\n<div class=\"wp-block-image\">\n<figure class=\"aligncenter size-large\"><img loading=\"lazy\" decoding=\"async\" width=\"576\" height=\"1024\" src=\"https:\/\/elmundodelosnegocios.com.do\/v1\/wp-content\/uploads\/2026\/03\/image-7-576x1024.png\" alt=\"\" class=\"wp-image-76297\" srcset=\"https:\/\/elmundodelosnegocios.com.do\/v1\/wp-content\/uploads\/2026\/03\/image-7-576x1024.png 576w, https:\/\/elmundodelosnegocios.com.do\/v1\/wp-content\/uploads\/2026\/03\/image-7-169x300.png 169w, https:\/\/elmundodelosnegocios.com.do\/v1\/wp-content\/uploads\/2026\/03\/image-7.png 720w\" sizes=\"auto, (max-width: 576px) 100vw, 576px\" \/><\/figure>\n<\/div>\n\n\n<p>El mensaje fue contundente y claro, el futuro del sector no se construye con promesas, sino con decisiones firmes, trabajo sostenido y una visi\u00f3n global que trascienda los l\u00edmites tradicionales del comercio exterior.<\/p>\n\n\n\n<p>Como colof\u00f3n FITAC 2025 dej\u00f3 claro que la log\u00edstica internacional se encuentra en un punto de inflexi\u00f3n. La digitalizaci\u00f3n, la sostenibilidad, la cooperaci\u00f3n internacional y la resiliencia operativa ya no son tendencias emergentes, sino pilares indispensables para competir en un mercado global cada vez m\u00e1s exigente.<\/p>\n\n\n\n<p>La participaci\u00f3n de actores clave y la articulaci\u00f3n de agendas estrat\u00e9gicas consolidan al congreso como un espacio imprescindible para quienes lideran, investigan y transforman el comercio internacional en Iberoam\u00e9rica.<\/p>\n","protected":false},"excerpt":{"rendered":"<p>Por: Dr. Osiris M. Ramirez Ponce de Le\u00f2n. DESSAI Aix en Provence, Francia. El Congreso FITAC 2025, celebrado del 3 al 5 de diciembre en el Hotel Hilton de Cartagena&hellip; <\/p>\n","protected":false},"author":2,"featured_media":76301,"comment_status":"closed","ping_status":"closed","sticky":false,"template":"","format":"standard","meta":{"fifu_image_url":"https:\/\/elmundodelosnegocios.com.do\/v1\/wp-content\/uploads\/2026\/03\/fic-2025.jpeg","fifu_image_alt":"","footnotes":""},"categories":[233,273],"tags":[],"class_list":["post-76290","post","type-post","status-publish","format-standard","has-post-thumbnail","hentry","category-articulo","category-exclusivo"],"_links":{"self":[{"href":"https:\/\/elmundodelosnegocios.com.do\/v1\/wp-json\/wp\/v2\/posts\/76290","targetHints":{"allow":["GET"]}}],"collection":[{"href":"https:\/\/elmundodelosnegocios.com.do\/v1\/wp-json\/wp\/v2\/posts"}],"about":[{"href":"https:\/\/elmundodelosnegocios.com.do\/v1\/wp-json\/wp\/v2\/types\/post"}],"author":[{"embeddable":true,"href":"https:\/\/elmundodelosnegocios.com.do\/v1\/wp-json\/wp\/v2\/users\/2"}],"replies":[{"embeddable":true,"href":"https:\/\/elmundodelosnegocios.com.do\/v1\/wp-json\/wp\/v2\/comments?post=76290"}],"version-history":[{"count":1,"href":"https:\/\/elmundodelosnegocios.com.do\/v1\/wp-json\/wp\/v2\/posts\/76290\/revisions"}],"predecessor-version":[{"id":76300,"href":"https:\/\/elmundodelosnegocios.com.do\/v1\/wp-json\/wp\/v2\/posts\/76290\/revisions\/76300"}],"wp:featuredmedia":[{"embeddable":true,"href":"https:\/\/elmundodelosnegocios.com.do\/v1\/wp-json\/wp\/v2\/media\/76301"}],"wp:attachment":[{"href":"https:\/\/elmundodelosnegocios.com.do\/v1\/wp-json\/wp\/v2\/media?parent=76290"}],"wp:term":[{"taxonomy":"category","embeddable":true,"href":"https:\/\/elmundodelosnegocios.com.do\/v1\/wp-json\/wp\/v2\/categories?post=76290"},{"taxonomy":"post_tag","embeddable":true,"href":"https:\/\/elmundodelosnegocios.com.do\/v1\/wp-json\/wp\/v2\/tags?post=76290"}],"curies":[{"name":"wp","href":"https:\/\/api.w.org\/{rel}","templated":true}]}}