{"id":76311,"date":"2026-03-02T13:08:06","date_gmt":"2026-03-02T17:38:06","guid":{"rendered":"https:\/\/elmundodelosnegocios.com.do\/v1\/?p=76311"},"modified":"2026-03-06T07:53:15","modified_gmt":"2026-03-06T12:23:15","slug":"articulo-exclusivo-mi-pais-cabe-en-un-grupo-de-whatsapp","status":"publish","type":"post","link":"https:\/\/elmundodelosnegocios.com.do\/v1\/articulo-exclusivo-mi-pais-cabe-en-un-grupo-de-whatsapp\/","title":{"rendered":"ART\u00cdCULO EXCLUSIVO: Mi pa\u00eds cabe en un grupo de WhatsApp"},"content":{"rendered":"\n<div class=\"wp-block-media-text is-stacked-on-mobile has-background\" style=\"background-color:#f8f8f8;grid-template-columns:20% auto\"><figure class=\"wp-block-media-text__media\"><img loading=\"lazy\" decoding=\"async\" width=\"200\" height=\"200\" src=\"https:\/\/elmundodelosnegocios.com.do\/v1\/wp-content\/uploads\/2026\/03\/Rafael-Bonnelly-Ricart.jpeg\" alt=\"\" class=\"wp-image-76312 size-full\" srcset=\"https:\/\/elmundodelosnegocios.com.do\/v1\/wp-content\/uploads\/2026\/03\/Rafael-Bonnelly-Ricart.jpeg 200w, https:\/\/elmundodelosnegocios.com.do\/v1\/wp-content\/uploads\/2026\/03\/Rafael-Bonnelly-Ricart-150x150.jpeg 150w\" sizes=\"auto, (max-width: 200px) 100vw, 200px\" \/><\/figure><div class=\"wp-block-media-text__content\">\n<p>Por <strong>Rafael Bonnelly Ricart<\/strong><br>Legazpi, Pa\u00eds Vasco, Espa\u00f1a<\/p>\n<\/div><\/div>\n\n\n<div class=\"wp-block-image\">\n<figure data-wp-context=\"{&quot;imageId&quot;:&quot;69f0c90d28b2d&quot;}\" data-wp-interactive=\"core\/image\" data-wp-key=\"69f0c90d28b2d\" class=\"aligncenter size-large wp-lightbox-container\"><img loading=\"lazy\" decoding=\"async\" width=\"1024\" height=\"572\" data-wp-class--hide=\"state.isContentHidden\" data-wp-class--show=\"state.isContentVisible\" data-wp-init=\"callbacks.setButtonStyles\" data-wp-on--click=\"actions.showLightbox\" data-wp-on--load=\"callbacks.setButtonStyles\" data-wp-on-window--resize=\"callbacks.setButtonStyles\" src=\"https:\/\/elmundodelosnegocios.com.do\/v1\/wp-content\/uploads\/2026\/03\/wmremove-transformed-1024x572.png\" alt=\"\" class=\"wp-image-76313\" srcset=\"https:\/\/elmundodelosnegocios.com.do\/v1\/wp-content\/uploads\/2026\/03\/wmremove-transformed-1024x572.png 1024w, https:\/\/elmundodelosnegocios.com.do\/v1\/wp-content\/uploads\/2026\/03\/wmremove-transformed-300x167.png 300w, https:\/\/elmundodelosnegocios.com.do\/v1\/wp-content\/uploads\/2026\/03\/wmremove-transformed-768x429.png 768w, https:\/\/elmundodelosnegocios.com.do\/v1\/wp-content\/uploads\/2026\/03\/wmremove-transformed.png 1376w\" sizes=\"auto, (max-width: 1024px) 100vw, 1024px\" \/><button\n\t\t\tclass=\"lightbox-trigger\"\n\t\t\ttype=\"button\"\n\t\t\taria-haspopup=\"dialog\"\n\t\t\taria-label=\"Agrandar\"\n\t\t\tdata-wp-init=\"callbacks.initTriggerButton\"\n\t\t\tdata-wp-on--click=\"actions.showLightbox\"\n\t\t\tdata-wp-style--right=\"state.imageButtonRight\"\n\t\t\tdata-wp-style--top=\"state.imageButtonTop\"\n\t\t>\n\t\t\t<svg xmlns=\"http:\/\/www.w3.org\/2000\/svg\" width=\"12\" height=\"12\" fill=\"none\" viewBox=\"0 0 12 12\">\n\t\t\t\t<path fill=\"#fff\" d=\"M2 0a2 2 0 0 0-2 2v2h1.5V2a.5.5 0 0 1 .5-.5h2V0H2Zm2 10.5H2a.5.5 0 0 1-.5-.5V8H0v2a2 2 0 0 0 2 2h2v-1.5ZM8 12v-1.5h2a.5.5 0 0 0 .5-.5V8H12v2a2 2 0 0 1-2 2H8Zm2-12a2 2 0 0 1 2 2v2h-1.5V2a.5.5 0 0 0-.5-.5H8V0h2Z\" \/>\n\t\t\t<\/svg>\n\t\t<\/button><\/figure>\n<\/div>\n\n\n<h3 class=\"wp-block-heading\"><strong>C\u00f3mo vivo mi dominicanidad a trav\u00e9s de mis amigos del Colegio Loyola<\/strong><\/h3>\n\n\n\n<p>Vivo fuera de la Rep\u00fablica Dominicana desde hace muchos a\u00f1os. Mi vida transcurre entre aeropuertos, husos horarios, reuniones virtuales y proyectos que se despliegan en distintos pa\u00edses. Sin embargo, todos los d\u00edas \u2014sin excepci\u00f3n\u2014 regreso a casa. No lo hago tomando un avi\u00f3n, sino abriendo WhatsApp.<\/p>\n\n\n\n<p>Mi v\u00ednculo m\u00e1s constante, m\u00e1s genuino y m\u00e1s profundo con la Rep\u00fablica Dominicana pasa por un grupo que, en apariencia, no tiene nada de extraordinario: <strong>Loyola 79<\/strong>, el chat de mis compa\u00f1eros de promoci\u00f3n del colegio. Un espacio donde se habla de todo y de nada. Donde caben la geopol\u00edtica, la energ\u00eda, la econom\u00eda, la religi\u00f3n, el humor absurdo, la nostalgia, la preocupaci\u00f3n por los padres que envejecen y la risa que solo se produce entre quienes comparten una historia com\u00fan.<\/p>\n\n\n\n<p>En ese flujo continuo vive mi dominicanidad cotidiana.<\/p>\n\n\n\n<h3 class=\"wp-block-heading\"><strong>La patria en modo conversaci\u00f3n<\/strong><\/h3>\n\n\n\n<p>Releer un d\u00eda completo del chat es como observar un microcosmos del pa\u00eds \u2014y de su di\u00e1spora\u2014 funcionando en tiempo real. En pocos minutos pasamos de discutir la calidad del fuel oil y sus efectos ambientales, a bromear sobre reuniones de Zoom que se caen, a coordinar una llamada \u201cpara hablar mucha M\u201d, a compartir un mensaje profundo sobre la caridad cristiana, o a preguntar qui\u00e9n tiene contacto en un supermercado para resolver una urgencia concreta.<\/p>\n\n\n\n<p>Ese tr\u00e1nsito permanente entre lo serio y lo ligero no es casual: es cultural. Es profundamente dominicano.<\/p>\n\n\n\n<p>La patria no aparece aqu\u00ed como una abstracci\u00f3n, sino como <strong>lenguaje compartido<\/strong>, c\u00f3digos comunes, confianza acumulada durante d\u00e9cadas. No importa si hoy vivimos en Boston, Madrid, Bogot\u00e1, Costa Rica o Santo Domingo. El grupo borra las distancias y reinstala el barrio, el colegio, el recreo eterno.<\/p>\n\n\n\n<h3 class=\"wp-block-heading\"><strong>Cuando la vida golpea, el grupo responde<\/strong><\/h3>\n\n\n\n<p>Uno de los rasgos m\u00e1s reveladores del chat es c\u00f3mo cambia de tono cuando la vida aprieta. Sin protocolos ni avisos previos, el grupo se convierte en red de contenci\u00f3n.<\/p>\n\n\n\n<p>La enfermedad de una madre, una p\u00e9rdida inminente, una noticia dif\u00edcil: el humor se silencia y aparece algo m\u00e1s fuerte. Oraciones. Mensajes breves pero cargados de afecto. Presencia.<\/p>\n\n\n\n<p>No hay postureo. No hay discursos. Hay comunidad.<\/p>\n\n\n\n<p>Y es justamente en esos momentos donde se hace evidente que <strong>Loyola 79 no es solo un grupo de antiguos compa\u00f1eros<\/strong>, sino una fraternidad madura que ha aprendido que el \u00e9xito individual no tiene sentido si no se sostiene colectivamente.<\/p>\n\n\n\n<h3 class=\"wp-block-heading\"><strong>De la conversaci\u00f3n a la acci\u00f3n: nace la Fundaci\u00f3n Loyola 79<\/strong><\/h3>\n\n\n\n<p>De esa conciencia surge la <strong>Fundaci\u00f3n Loyola 79<\/strong>, creada en 2021 y que no es una estructura impuesta desde fuera, sino la formalizaci\u00f3n de algo que ya exist\u00eda en la pr\u00e1ctica: la ayuda mutua.<\/p>\n\n\n\n<p>La fundaci\u00f3n nace casi como nacen muchas cosas importantes en el grupo: entre bromas que esconden verdades profundas. Un comentario recurrente sobre \u201cconfiscar\u201d un porcentaje de cualquier buen negocio para la fundaci\u00f3n termina cristalizando en un compromiso real. Porque en Loyola 79, cuando se dice algo muchas veces \u2014aunque sea ri\u00e9ndose\u2014 acaba pasando.<\/p>\n\n\n\n<p>La fundaci\u00f3n canaliza se enfoca en el medioambiente, pero act\u00faa para dar apoyo social, humano y econ\u00f3mico, tanto dentro como fuera del grupo. Y lo hace con una ventaja enorme frente a muchas organizaciones tradicionales: <strong>confianza absoluta entre sus miembros<\/strong>. No hay que explicar demasiado. No hay que convencer. Se act\u00faa.<\/p>\n\n\n\n<h3 class=\"wp-block-heading\"><strong>El caso de Costa Rica: solidaridad que se mueve<\/strong><\/h3>\n\n\n\n<p>Uno de los ejemplos m\u00e1s claros \u2014y m\u00e1s duros\u2014 de esa solidaridad activa es el caso de un miembro del grupo que enferm\u00f3 gravemente en Costa Rica. No se trataba de mandar mensajes de \u00e1nimo ni de hacer una colecta puntual. El grupo entendi\u00f3 que la situaci\u00f3n requer\u00eda algo m\u00e1s.<\/p>\n\n\n\n<p>Y ese \u201calgo m\u00e1s\u201d ocurri\u00f3.<\/p>\n\n\n\n<p>Se tom\u00f3 la decisi\u00f3n de <strong>enviar a una persona<\/strong>, acompa\u00f1arlo, traerlo de vuelta, organizar su traslado y <strong>financiar su estancia en un hospice<\/strong>, donde pudiera recibir los cuidados que necesitaba con dignidad. No fue una discusi\u00f3n larga ni un debate ideol\u00f3gico. Fue una respuesta pr\u00e1ctica, humana y colectiva.<\/p>\n\n\n\n<p>Hoy, varios miembros del grupo lo visitan regularmente. Est\u00e1n presentes. Acompa\u00f1an. No delegan el cuidado en una instituci\u00f3n abstracta: <strong>lo asumen como propio<\/strong>.<\/p>\n\n\n\n<h3 class=\"wp-block-heading\"><strong>No fue un caso aislado<\/strong><\/h3>\n\n\n\n<p>Lo m\u00e1s importante de esta historia es que <strong>no es \u00fanica<\/strong>. A lo largo del tiempo ha habido otros episodios similares: situaciones de salud, dificultades econ\u00f3micas, momentos de vulnerabilidad extrema en los que el grupo \u2014y la fundaci\u00f3n\u2014 han actuado con rapidez y discreci\u00f3n.<\/p>\n\n\n\n<p>No hay comunicados de prensa. No hay fotos para redes sociales. Hay acci\u00f3n silenciosa.<\/p>\n\n\n\n<p>Ese es quiz\u00e1s el rasgo m\u00e1s valioso de la Fundaci\u00f3n Loyola 79: <strong>la solidaridad no es performativa<\/strong>. No busca reconocimiento externo. Se ejerce porque es lo correcto, porque existe un v\u00ednculo previo, porque nadie queda atr\u00e1s.<\/p>\n\n\n\n<h3 class=\"wp-block-heading\"><strong>WhatsApp como territorio nacional<\/strong><\/h3>\n\n\n\n<p>Para muchos dominicanos en el exterior, el pa\u00eds se manifiesta en la comida, en la m\u00fasica, en las visitas espor\u00e1dicas, en la nostalgia. Para m\u00ed \u2014adem\u00e1s de todo eso\u2014 se manifiesta en un grupo de WhatsApp que nunca duerme del todo.<\/p>\n\n\n\n<p><strong>Ah\u00ed vivo mi dominicanidad real:<\/strong><\/p>\n\n\n\n<ul class=\"wp-block-list\">\n<li>En la discusi\u00f3n apasionada.<\/li>\n\n\n\n<li>En el chiste irreverente.<\/li>\n\n\n\n<li>En la oraci\u00f3n compartida.<\/li>\n\n\n\n<li>En la solidaridad que se convierte en log\u00edstica, dinero, tiempo y presencia.<\/li>\n\n\n\n<li>En la Fundaci\u00f3n que nace del afecto y no de la burocracia.<\/li>\n<\/ul>\n\n\n\n<p>La Rep\u00fablica Dominicana, al menos para m\u00ed, <strong>no es solo un territorio f\u00edsico<\/strong>. Es una conversaci\u00f3n permanente con quienes crecieron conmigo. Y mientras ese grupo siga activo \u2014mientras sigamos habl\u00e1ndonos, ayud\u00e1ndonos y ri\u00e9ndonos juntos\u2014 <strong>yo nunca estar\u00e9 realmente lejos de casa<\/strong>.<\/p>\n","protected":false},"excerpt":{"rendered":"<p>Por Rafael Bonnelly RicartLegazpi, Pa\u00eds Vasco, Espa\u00f1a C\u00f3mo vivo mi dominicanidad a trav\u00e9s de mis amigos del Colegio Loyola Vivo fuera de la Rep\u00fablica Dominicana desde hace muchos a\u00f1os. Mi&hellip; <\/p>\n","protected":false},"author":2,"featured_media":76315,"comment_status":"closed","ping_status":"closed","sticky":false,"template":"","format":"standard","meta":{"fifu_image_url":"https:\/\/elmundodelosnegocios.com.do\/v1\/wp-content\/uploads\/2026\/03\/wmremove-transformed.png","fifu_image_alt":"","footnotes":""},"categories":[233,273],"tags":[],"class_list":["post-76311","post","type-post","status-publish","format-standard","has-post-thumbnail","hentry","category-articulo","category-exclusivo"],"_links":{"self":[{"href":"https:\/\/elmundodelosnegocios.com.do\/v1\/wp-json\/wp\/v2\/posts\/76311","targetHints":{"allow":["GET"]}}],"collection":[{"href":"https:\/\/elmundodelosnegocios.com.do\/v1\/wp-json\/wp\/v2\/posts"}],"about":[{"href":"https:\/\/elmundodelosnegocios.com.do\/v1\/wp-json\/wp\/v2\/types\/post"}],"author":[{"embeddable":true,"href":"https:\/\/elmundodelosnegocios.com.do\/v1\/wp-json\/wp\/v2\/users\/2"}],"replies":[{"embeddable":true,"href":"https:\/\/elmundodelosnegocios.com.do\/v1\/wp-json\/wp\/v2\/comments?post=76311"}],"version-history":[{"count":1,"href":"https:\/\/elmundodelosnegocios.com.do\/v1\/wp-json\/wp\/v2\/posts\/76311\/revisions"}],"predecessor-version":[{"id":76314,"href":"https:\/\/elmundodelosnegocios.com.do\/v1\/wp-json\/wp\/v2\/posts\/76311\/revisions\/76314"}],"wp:featuredmedia":[{"embeddable":true,"href":"https:\/\/elmundodelosnegocios.com.do\/v1\/wp-json\/wp\/v2\/media\/76315"}],"wp:attachment":[{"href":"https:\/\/elmundodelosnegocios.com.do\/v1\/wp-json\/wp\/v2\/media?parent=76311"}],"wp:term":[{"taxonomy":"category","embeddable":true,"href":"https:\/\/elmundodelosnegocios.com.do\/v1\/wp-json\/wp\/v2\/categories?post=76311"},{"taxonomy":"post_tag","embeddable":true,"href":"https:\/\/elmundodelosnegocios.com.do\/v1\/wp-json\/wp\/v2\/tags?post=76311"}],"curies":[{"name":"wp","href":"https:\/\/api.w.org\/{rel}","templated":true}]}}