{"id":76316,"date":"2026-03-02T13:46:22","date_gmt":"2026-03-02T18:16:22","guid":{"rendered":"https:\/\/elmundodelosnegocios.com.do\/v1\/?p=76316"},"modified":"2026-03-06T07:53:06","modified_gmt":"2026-03-06T12:23:06","slug":"articulo-exclusivo-la-ingenieria-civil-en-un-punto-de-inflexion","status":"publish","type":"post","link":"https:\/\/elmundodelosnegocios.com.do\/v1\/articulo-exclusivo-la-ingenieria-civil-en-un-punto-de-inflexion\/","title":{"rendered":"ART\u00cdCULO EXCLUSIVO: La ingenier\u00eda civil en un punto de inflexi\u00f3n"},"content":{"rendered":"\n<p>Vivimos un momento de transformaci\u00f3n acelerada: tecnol\u00f3gica, ambiental, social y normativa. En este contexto, la ingenier\u00eda civil se enfrenta a una oportunidad crucial para redefinir su papel y reivindicar su valor social. La pregunta ya no es t\u00e9cnica: \u00bfse est\u00e1 comprendiendo realmente lo que aportamos como profesi\u00f3n?\u00a0<\/p>\n\n\n\n<div class=\"wp-block-media-text is-stacked-on-mobile has-background\" style=\"background-color:#f8f8f8;grid-template-columns:22% auto\"><figure class=\"wp-block-media-text__media\"><img loading=\"lazy\" decoding=\"async\" width=\"360\" height=\"336\" src=\"https:\/\/elmundodelosnegocios.com.do\/v1\/wp-content\/uploads\/2026\/03\/La-ingeniera-Maribel-Santos-Perez-360x336-1.webp\" alt=\"\" class=\"wp-image-76317 size-full\" srcset=\"https:\/\/elmundodelosnegocios.com.do\/v1\/wp-content\/uploads\/2026\/03\/La-ingeniera-Maribel-Santos-Perez-360x336-1.webp 360w, https:\/\/elmundodelosnegocios.com.do\/v1\/wp-content\/uploads\/2026\/03\/La-ingeniera-Maribel-Santos-Perez-360x336-1-300x280.webp 300w\" sizes=\"auto, (max-width: 360px) 100vw, 360px\" \/><\/figure><div class=\"wp-block-media-text__content\">\n<p><strong>Ing. Maribel Santos<\/strong><br><em>Ingeniera Civil, Miembro del Colegio de Ingenieros<\/em> <em>T\u00e9cnicos de Obras P\u00fablicas de Madrid<\/em><\/p>\n<\/div><\/div>\n\n\n<div class=\"wp-block-image\">\n<figure data-wp-context=\"{&quot;imageId&quot;:&quot;69ec788c6b2e8&quot;}\" data-wp-interactive=\"core\/image\" data-wp-key=\"69ec788c6b2e8\" class=\"aligncenter size-large wp-lightbox-container\"><img loading=\"lazy\" decoding=\"async\" width=\"1024\" height=\"569\" data-wp-class--hide=\"state.isContentHidden\" data-wp-class--show=\"state.isContentVisible\" data-wp-init=\"callbacks.setButtonStyles\" data-wp-on--click=\"actions.showLightbox\" data-wp-on--load=\"callbacks.setButtonStyles\" data-wp-on-window--resize=\"callbacks.setButtonStyles\" src=\"https:\/\/elmundodelosnegocios.com.do\/v1\/wp-content\/uploads\/2026\/03\/ingenieria-1024x569.jpg\" alt=\"\" class=\"wp-image-76318\" srcset=\"https:\/\/elmundodelosnegocios.com.do\/v1\/wp-content\/uploads\/2026\/03\/ingenieria-1024x569.jpg 1024w, https:\/\/elmundodelosnegocios.com.do\/v1\/wp-content\/uploads\/2026\/03\/ingenieria-300x167.jpg 300w, https:\/\/elmundodelosnegocios.com.do\/v1\/wp-content\/uploads\/2026\/03\/ingenieria-768x427.jpg 768w, https:\/\/elmundodelosnegocios.com.do\/v1\/wp-content\/uploads\/2026\/03\/ingenieria.jpg 1080w\" sizes=\"auto, (max-width: 1024px) 100vw, 1024px\" \/><button\n\t\t\tclass=\"lightbox-trigger\"\n\t\t\ttype=\"button\"\n\t\t\taria-haspopup=\"dialog\"\n\t\t\taria-label=\"Agrandar\"\n\t\t\tdata-wp-init=\"callbacks.initTriggerButton\"\n\t\t\tdata-wp-on--click=\"actions.showLightbox\"\n\t\t\tdata-wp-style--right=\"state.imageButtonRight\"\n\t\t\tdata-wp-style--top=\"state.imageButtonTop\"\n\t\t>\n\t\t\t<svg xmlns=\"http:\/\/www.w3.org\/2000\/svg\" width=\"12\" height=\"12\" fill=\"none\" viewBox=\"0 0 12 12\">\n\t\t\t\t<path fill=\"#fff\" d=\"M2 0a2 2 0 0 0-2 2v2h1.5V2a.5.5 0 0 1 .5-.5h2V0H2Zm2 10.5H2a.5.5 0 0 1-.5-.5V8H0v2a2 2 0 0 0 2 2h2v-1.5ZM8 12v-1.5h2a.5.5 0 0 0 .5-.5V8H12v2a2 2 0 0 1-2 2H8Zm2-12a2 2 0 0 1 2 2v2h-1.5V2a.5.5 0 0 0-.5-.5H8V0h2Z\" \/>\n\t\t\t<\/svg>\n\t\t<\/button><\/figure>\n<\/div>\n\n\n<p>UNA PARADOJA EN EL CORAZ\u00d3N DE LA PROFESI\u00d3N&nbsp;<\/p>\n\n\n\n<p>Espa\u00f1a y Europa est\u00e1n invirtiendo cifras hist\u00f3ricas en infraestructuras sostenibles. Seg\u00fan la Comisi\u00f3n Europea, solo en transici\u00f3n energ\u00e9tica y movilidad se movilizar\u00e1n m\u00e1s de 650.000 millones de euros en los pr\u00f3ximos a\u00f1os. Pero la oferta de profesionales cualificados no acompa\u00f1a ese ritmo. Una encuesta reciente se\u00f1ala que el 60 % de los estudiantes de ingenier\u00eda civil no tiene claro qu\u00e9 atribuciones profesionales tiene su t\u00edtulo de grado. En paralelo, muchas empresas&nbsp; enfrentan dificultades para cubrir vacantes, aunque sus criterios han evolucionado. Como apunta el director de una consultora de ingenier\u00eda: \u201cEl t\u00edtulo es el punto de partida. Lo que m\u00e1s buscamos es capacidad de gesti\u00f3n, visi\u00f3n global y adaptabilidad.\u201d<\/p>\n\n\n\n<p>&nbsp;\u00bfM\u00c1STER HABILITANTE O BARRERA INNECESARIA?<\/p>\n\n\n\n<p>&nbsp;La introducci\u00f3n de los m\u00e1steres habilitantes, dentro del marco del EEES ((Bolonia), deb\u00eda armonizar la formaci\u00f3n con las atribuciones profesionales. Pero en la pr\u00e1ctica, ha generado confusi\u00f3n:&nbsp;<\/p>\n\n\n\n<p>* Muchos estudiantes creen que, si no cursan el m\u00e1ster, no podr\u00e1n ejercer.&nbsp;<\/p>\n\n\n\n<p>* El mercado laboral, sin embargo, valora otras competencias: experiencia, solvencia t\u00e9cnica, capacidad de an\u00e1lisis, digitalizaci\u00f3n.<\/p>\n\n\n\n<p>* Empresas y organismos p\u00fablicos ya est\u00e1n contratando por talento, no solo por t\u00edtulos.<\/p>\n\n\n\n<p>Una estudiante de \u00faltimo curso lo expresa con claridad: \u201cNo s\u00e9 si necesito el m\u00e1ster, si lo exige la empresa o es solo una recomendaci\u00f3n acad\u00e9mica.\u201d&nbsp;<\/p>\n\n\n\n<p>Esta brecha entre lo que exige el mercado y lo que comunica el sistema educativo se ha convertido en un problema estructural.&nbsp;<\/p>\n\n\n\n<p>UNA PROPUESTA CONCRETA: CREAR UN OBSERVATORIO PROFESIONAL&nbsp;<\/p>\n\n\n\n<p>Frente a esta desconexi\u00f3n, necesitamos pasar del diagn\u00f3stico a la acci\u00f3n. Propongo la creaci\u00f3n de un Observatorio de la Ingenier\u00eda Civil, integrado por representantes de universidades, empresas, administraciones p\u00fablicas y profesionales colegiados.&nbsp;<\/p>\n\n\n\n<p>Este espacio de trabajo estable cumplir\u00eda funciones clave:&nbsp;<\/p>\n\n\n\n<p>1. Monitorizar la evoluci\u00f3n del mercado laboral y detectar nuevas demandas.&nbsp;<\/p>\n\n\n\n<p>2. Proponer ajustes anuales a los planes de grado, m\u00e1ster y doctorado basados en evidencias reales.&nbsp;<\/p>\n\n\n\n<p>3. Alinear formaci\u00f3n y ejercicio profesional, anticipando los cambios en tecnolog\u00eda, regulaci\u00f3n y perfiles de empleo.&nbsp;<\/p>\n\n\n\n<p>No se trata de a\u00f1adir burocracia, sino de actuar con inteligencia institucional. Si no anticipamos el cambio, simplemente lo padeceremos.&nbsp;<\/p>\n\n\n\n<p>EL ROL DE LOS COLEGIOS PROFESIONALES TAMBI\u00c9N DEBE EVOLUCIONAR&nbsp;<\/p>\n\n\n\n<p>Desde mi responsabilidad en el Colegio, defiendo una visi\u00f3n m\u00e1s activa, transparente y actualizada de nuestra profesi\u00f3n. Hoy m\u00e1s que nunca debemos:&nbsp;<\/p>\n\n\n\n<p>* Comunicar claramente qu\u00e9 puede ejercer un graduado en ingenier\u00eda civil.&nbsp;<\/p>\n\n\n\n<p>* Explicar sus v\u00edas de especializaci\u00f3n sin convertirlas en un laberinto normativo.<\/p>\n\n\n\n<p>* Impulsar formaci\u00f3n continua real, \u00fatil y conectada con el sector: BIM, sostenibilidad, IA, digitalizaci\u00f3n, gesti\u00f3n del agua\u2026&nbsp;<\/p>\n\n\n\n<p>* Reivindicar ante las administraciones el papel esencial de nuestros profesionales.&nbsp;<\/p>\n\n\n\n<p>* Fomentar el trabajo conjunto entre ramas de la ingenier\u00eda, m\u00e1s all\u00e1 de los corporativismos.<\/p>\n\n\n\n<p>A QUIENES EST\u00c1N EMPEZANDO&nbsp;<\/p>\n\n\n\n<p>Estudiar ingenier\u00eda civil es mucho m\u00e1s que buscar una habilitaci\u00f3n. Es asumir el reto de resolver problemas que afectan directamente la calidad de vida de las personas. Como me dijo una joven ingeniera en pr\u00e1cticas: \u201cEl t\u00edtulo me abri\u00f3 la puerta, pero fueron mis habilidades las que me permitieron quedarme.\u201d&nbsp;<\/p>\n\n\n\n<p>Hoy se requiere algo m\u00e1s que conocimientos t\u00e9cnicos:&nbsp;<\/p>\n\n\n\n<p>* Pensamiento cr\u00edtico&nbsp;<\/p>\n\n\n\n<p>* \u00c9tica profesional&nbsp;<\/p>\n\n\n\n<p>* Curiosidad constante&nbsp;<\/p>\n\n\n\n<p>* Capacidad de adaptaci\u00f3n&nbsp;<\/p>\n\n\n\n<p>* Trabajo en equipo&nbsp;<\/p>\n\n\n\n<p>* Formaci\u00f3n continua&nbsp;<\/p>\n\n\n\n<p>EL FUTURO QUE QUEREMOS CONSTRUIR&nbsp;<\/p>\n\n\n\n<p>Necesitamos una ingenier\u00eda civil m\u00e1s clara, m\u00e1s visible y m\u00e1s inspiradora. Una profesi\u00f3n donde:&nbsp;<\/p>\n\n\n\n<p>* Cada ingeniero o ingeniera conozca su marco de actuaci\u00f3n y lo ejerza con seguridad.&nbsp;<\/p>\n\n\n\n<p>* Se trabaje por la excelencia, no por la competencia entre titulaciones.&nbsp;<\/p>\n\n\n\n<p>* Las infraestructuras reflejen el compromiso \u00e9tico, t\u00e9cnico y humano de quienes las dise\u00f1an y construyen.&nbsp;<\/p>\n\n\n\n<p>Ese futuro no se decreta. Se dise\u00f1a. Se comunica. Y se construye, desde hoy.<\/p>\n","protected":false},"excerpt":{"rendered":"<p>Vivimos un momento de transformaci\u00f3n acelerada: tecnol\u00f3gica, ambiental, social y normativa. En este contexto, la ingenier\u00eda civil se enfrenta a una oportunidad crucial para redefinir su papel y reivindicar su&hellip; <\/p>\n","protected":false},"author":2,"featured_media":76320,"comment_status":"closed","ping_status":"closed","sticky":false,"template":"","format":"standard","meta":{"fifu_image_url":"https:\/\/elmundodelosnegocios.com.do\/v1\/wp-content\/uploads\/2026\/03\/ingenieria.jpg","fifu_image_alt":"","footnotes":""},"categories":[233,273],"tags":[],"class_list":["post-76316","post","type-post","status-publish","format-standard","has-post-thumbnail","hentry","category-articulo","category-exclusivo"],"_links":{"self":[{"href":"https:\/\/elmundodelosnegocios.com.do\/v1\/wp-json\/wp\/v2\/posts\/76316","targetHints":{"allow":["GET"]}}],"collection":[{"href":"https:\/\/elmundodelosnegocios.com.do\/v1\/wp-json\/wp\/v2\/posts"}],"about":[{"href":"https:\/\/elmundodelosnegocios.com.do\/v1\/wp-json\/wp\/v2\/types\/post"}],"author":[{"embeddable":true,"href":"https:\/\/elmundodelosnegocios.com.do\/v1\/wp-json\/wp\/v2\/users\/2"}],"replies":[{"embeddable":true,"href":"https:\/\/elmundodelosnegocios.com.do\/v1\/wp-json\/wp\/v2\/comments?post=76316"}],"version-history":[{"count":1,"href":"https:\/\/elmundodelosnegocios.com.do\/v1\/wp-json\/wp\/v2\/posts\/76316\/revisions"}],"predecessor-version":[{"id":76319,"href":"https:\/\/elmundodelosnegocios.com.do\/v1\/wp-json\/wp\/v2\/posts\/76316\/revisions\/76319"}],"wp:featuredmedia":[{"embeddable":true,"href":"https:\/\/elmundodelosnegocios.com.do\/v1\/wp-json\/wp\/v2\/media\/76320"}],"wp:attachment":[{"href":"https:\/\/elmundodelosnegocios.com.do\/v1\/wp-json\/wp\/v2\/media?parent=76316"}],"wp:term":[{"taxonomy":"category","embeddable":true,"href":"https:\/\/elmundodelosnegocios.com.do\/v1\/wp-json\/wp\/v2\/categories?post=76316"},{"taxonomy":"post_tag","embeddable":true,"href":"https:\/\/elmundodelosnegocios.com.do\/v1\/wp-json\/wp\/v2\/tags?post=76316"}],"curies":[{"name":"wp","href":"https:\/\/api.w.org\/{rel}","templated":true}]}}