{"id":76522,"date":"2026-03-10T10:14:36","date_gmt":"2026-03-10T14:44:36","guid":{"rendered":"https:\/\/elmundodelosnegocios.com.do\/v1\/?p=76522"},"modified":"2026-03-10T10:14:40","modified_gmt":"2026-03-10T14:44:40","slug":"republica-dominicana-incorpora-primera-experiencia-sensorial-para-poblacion-con-neurodiversidad-y-discapacidad","status":"publish","type":"post","link":"https:\/\/elmundodelosnegocios.com.do\/v1\/republica-dominicana-incorpora-primera-experiencia-sensorial-para-poblacion-con-neurodiversidad-y-discapacidad\/","title":{"rendered":"Rep\u00fablica Dominicana incorpora primera experiencia sensorial para poblaci\u00f3n con neurodiversidad y discapacidad"},"content":{"rendered":"\n<h3 class=\"wp-block-heading\"><strong>Abraza y KultureCity introducen kits sensoriales para promover la inclusi\u00f3n en eventos y espacios p\u00fablicos<\/strong><\/h3>\n\n\n\n<p><strong>Santo Domingo, Rep\u00fablica Dominicana.<\/strong>&nbsp;\u2014 La empresa dominicana Abraza y la organizaci\u00f3n estadounidense sin fines de lucro KultureCity firmaron un acuerdo de exclusividad para&nbsp;<strong>promover y gestionar en el pa\u00eds kits sensoriales dirigidos a personas con neurodiversidad y discapacidad<\/strong>, con el objetivo de facilitar su participaci\u00f3n en eventos p\u00fablicos y espacios de alta concurrencia.<\/p>\n\n\n<div class=\"wp-block-image\">\n<figure data-wp-context=\"{&quot;imageId&quot;:&quot;69f2514e9660b&quot;}\" data-wp-interactive=\"core\/image\" data-wp-key=\"69f2514e9660b\" class=\"aligncenter size-large wp-lightbox-container\"><img loading=\"lazy\" decoding=\"async\" width=\"1024\" height=\"768\" data-wp-class--hide=\"state.isContentHidden\" data-wp-class--show=\"state.isContentVisible\" data-wp-init=\"callbacks.setButtonStyles\" data-wp-on--click=\"actions.showLightbox\" data-wp-on--load=\"callbacks.setButtonStyles\" data-wp-on-window--resize=\"callbacks.setButtonStyles\" src=\"https:\/\/elmundodelosnegocios.com.do\/v1\/wp-content\/uploads\/2026\/03\/image-5-1024x768.jpeg\" alt=\"\" class=\"wp-image-76523\" srcset=\"https:\/\/elmundodelosnegocios.com.do\/v1\/wp-content\/uploads\/2026\/03\/image-5-1024x768.jpeg 1024w, https:\/\/elmundodelosnegocios.com.do\/v1\/wp-content\/uploads\/2026\/03\/image-5-300x225.jpeg 300w, https:\/\/elmundodelosnegocios.com.do\/v1\/wp-content\/uploads\/2026\/03\/image-5-768x576.jpeg 768w, https:\/\/elmundodelosnegocios.com.do\/v1\/wp-content\/uploads\/2026\/03\/image-5-1536x1152.jpeg 1536w, https:\/\/elmundodelosnegocios.com.do\/v1\/wp-content\/uploads\/2026\/03\/image-5.jpeg 1600w\" sizes=\"auto, (max-width: 1024px) 100vw, 1024px\" \/><button\n\t\t\tclass=\"lightbox-trigger\"\n\t\t\ttype=\"button\"\n\t\t\taria-haspopup=\"dialog\"\n\t\t\taria-label=\"Agrandar\"\n\t\t\tdata-wp-init=\"callbacks.initTriggerButton\"\n\t\t\tdata-wp-on--click=\"actions.showLightbox\"\n\t\t\tdata-wp-style--right=\"state.imageButtonRight\"\n\t\t\tdata-wp-style--top=\"state.imageButtonTop\"\n\t\t>\n\t\t\t<svg xmlns=\"http:\/\/www.w3.org\/2000\/svg\" width=\"12\" height=\"12\" fill=\"none\" viewBox=\"0 0 12 12\">\n\t\t\t\t<path fill=\"#fff\" d=\"M2 0a2 2 0 0 0-2 2v2h1.5V2a.5.5 0 0 1 .5-.5h2V0H2Zm2 10.5H2a.5.5 0 0 1-.5-.5V8H0v2a2 2 0 0 0 2 2h2v-1.5ZM8 12v-1.5h2a.5.5 0 0 0 .5-.5V8H12v2a2 2 0 0 1-2 2H8Zm2-12a2 2 0 0 1 2 2v2h-1.5V2a.5.5 0 0 0-.5-.5H8V0h2Z\" \/>\n\t\t\t<\/svg>\n\t\t<\/button><\/figure>\n<\/div>\n\n\n<p>Con esta alianza,&nbsp;<strong>Rep\u00fablica Dominicana se convierte en el primer pa\u00eds de Am\u00e9rica Latina<\/strong>&nbsp;en contar con un suplidor exclusivo de estos kits, los cuales podr\u00e1n utilizarse en&nbsp;<strong>conciertos, ferias, parques tem\u00e1ticos, eventos deportivos y diversos servicios p\u00fablicos y privados<\/strong>.<\/p>\n\n\n\n<h3 class=\"wp-block-heading\"><strong>Herramientas dise\u00f1adas para mejorar la experiencia sensorial<\/strong><\/h3>\n\n\n\n<p>Los&nbsp;<strong>kits sensoriales<\/strong>&nbsp;incluyen herramientas dise\u00f1adas para ayudar a manejar la sobrecarga sensorial, entre ellas:<\/p>\n\n\n\n<ul class=\"wp-block-list\">\n<li><strong>Auriculares con cancelaci\u00f3n de ruido<\/strong><\/li>\n\n\n\n<li><strong>Tarjetas para expresar emociones y necesidades<\/strong><\/li>\n\n\n\n<li><strong>Lentes para reducir la sensibilidad a la luz intensa<\/strong><\/li>\n\n\n\n<li><strong>Juguetes antiestr\u00e9s para favorecer la concentraci\u00f3n y la calma<\/strong><\/li>\n<\/ul>\n\n\n\n<p>Adem\u00e1s, mediante la&nbsp;<strong>aplicaci\u00f3n m\u00f3vil de KultureCity<\/strong>, los usuarios pueden acceder a&nbsp;<strong>gu\u00edas visuales y escritas que orientan sobre c\u00f3mo desplazarse y utilizar los espacios disponibles en diferentes lugares<\/strong>.<\/p>\n\n\n\n<h3 class=\"wp-block-heading\"><strong>Un paso hacia una sociedad m\u00e1s inclusiva<\/strong><\/h3>\n\n\n\n<p>La directora ejecutiva de Abraza, Rosanna Santana, explic\u00f3 que la llegada de estas herramientas representa&nbsp;<strong>un avance significativo en materia de inclusi\u00f3n social en el pa\u00eds<\/strong>.<\/p>\n\n\n\n<p>Seg\u00fan indic\u00f3, los kits&nbsp;<strong>no sustituyen terapias ni otras medidas de accesibilidad<\/strong>, sino que funcionan como&nbsp;<strong>recursos complementarios que facilitan la participaci\u00f3n y el disfrute en igualdad de condiciones<\/strong>&nbsp;para personas con discapacidad o neurodiversidad.<\/p>\n\n\n\n<p>Por su parte, la directora ejecutiva de KultureCity, Uma Srivastava, expres\u00f3 que para la organizaci\u00f3n es un honor iniciar este proceso en el pa\u00eds.<\/p>\n\n\n\n<p>\u201cEstas herramientas han sido dise\u00f1adas para que esta poblaci\u00f3n&nbsp;<strong>pueda disfrutar con mayor autonom\u00eda en lugares p\u00fablicos<\/strong>\u201d, afirm\u00f3.<\/p>\n\n\n\n<h3 class=\"wp-block-heading\"><strong>Buenas pr\u00e1cticas internacionales<\/strong><\/h3>\n\n\n\n<p>La implementaci\u00f3n de estos kits coloca al pa\u00eds en l\u00ednea con&nbsp;<strong>iniciativas internacionales de inclusi\u00f3n sensorial<\/strong>, ya presentes en eventos de gran magnitud como conciertos de Coldplay, el Super Bowl y el NBA Draft.<\/p>\n\n\n\n<p>Como una de las primeras iniciativas, Abraza iniciar\u00e1 la&nbsp;<strong>implementaci\u00f3n de los kits en una cadena de supermercados con presencia en diferentes zonas del pa\u00eds<\/strong>, permitiendo que m\u00e1s personas puedan acceder a estos espacios con mayor comodidad y bienestar.<\/p>\n\n\n\n<h3 class=\"wp-block-heading\"><strong>Invitaci\u00f3n a empresas y organizaciones<\/strong><\/h3>\n\n\n\n<p>La gerente ejecutiva de Abraza, Luchenny Valdez, invit\u00f3 a&nbsp;<strong>empresas, instituciones y organizaciones interesadas en adquirir los kits sensoriales<\/strong>&nbsp;a contactar a la entidad a trav\u00e9s de sus canales oficiales.<\/p>\n\n\n\n<h3 class=\"wp-block-heading\"><strong>Alianza con la educaci\u00f3n superior<\/strong><\/h3>\n\n\n\n<p>Con m\u00e1s de&nbsp;<strong>12 a\u00f1os de experiencia en consultor\u00eda en responsabilidad social<\/strong>, Abraza trabaja en el desarrollo de iniciativas enfocadas en la&nbsp;<strong>inclusi\u00f3n de personas con discapacidad y neurodiversidad en el \u00e1mbito laboral y social<\/strong>.<\/p>\n\n\n\n<p>En 2025, la organizaci\u00f3n cre\u00f3 el&nbsp;<strong>primer programa de Pr\u00e1cticas de Empleos Inclusivos (PEI)<\/strong>&nbsp;en alianza con la Universidad Nacional Pedro Henr\u00edquez Ure\u00f1a (UNPHU), orientado a&nbsp;<strong>capacitar y abrir oportunidades laborales para adultos con neurodiversidad y discapacidad<\/strong>, fortaleciendo as\u00ed su integraci\u00f3n en el sector corporativo dominicano.<\/p>\n","protected":false},"excerpt":{"rendered":"<p>Abraza y KultureCity introducen kits sensoriales para promover la inclusi\u00f3n en eventos y espacios p\u00fablicos Santo Domingo, Rep\u00fablica Dominicana.&nbsp;\u2014 La empresa dominicana Abraza y la organizaci\u00f3n estadounidense sin fines de&hellip; <\/p>\n","protected":false},"author":2,"featured_media":76525,"comment_status":"closed","ping_status":"closed","sticky":false,"template":"","format":"standard","meta":{"fifu_image_url":"https:\/\/elmundodelosnegocios.com.do\/v1\/wp-content\/uploads\/2026\/03\/image-5.jpeg","fifu_image_alt":"","footnotes":""},"categories":[157],"tags":[],"class_list":["post-76522","post","type-post","status-publish","format-standard","has-post-thumbnail","hentry","category-marketing"],"_links":{"self":[{"href":"https:\/\/elmundodelosnegocios.com.do\/v1\/wp-json\/wp\/v2\/posts\/76522","targetHints":{"allow":["GET"]}}],"collection":[{"href":"https:\/\/elmundodelosnegocios.com.do\/v1\/wp-json\/wp\/v2\/posts"}],"about":[{"href":"https:\/\/elmundodelosnegocios.com.do\/v1\/wp-json\/wp\/v2\/types\/post"}],"author":[{"embeddable":true,"href":"https:\/\/elmundodelosnegocios.com.do\/v1\/wp-json\/wp\/v2\/users\/2"}],"replies":[{"embeddable":true,"href":"https:\/\/elmundodelosnegocios.com.do\/v1\/wp-json\/wp\/v2\/comments?post=76522"}],"version-history":[{"count":1,"href":"https:\/\/elmundodelosnegocios.com.do\/v1\/wp-json\/wp\/v2\/posts\/76522\/revisions"}],"predecessor-version":[{"id":76524,"href":"https:\/\/elmundodelosnegocios.com.do\/v1\/wp-json\/wp\/v2\/posts\/76522\/revisions\/76524"}],"wp:featuredmedia":[{"embeddable":true,"href":"https:\/\/elmundodelosnegocios.com.do\/v1\/wp-json\/wp\/v2\/media\/76525"}],"wp:attachment":[{"href":"https:\/\/elmundodelosnegocios.com.do\/v1\/wp-json\/wp\/v2\/media?parent=76522"}],"wp:term":[{"taxonomy":"category","embeddable":true,"href":"https:\/\/elmundodelosnegocios.com.do\/v1\/wp-json\/wp\/v2\/categories?post=76522"},{"taxonomy":"post_tag","embeddable":true,"href":"https:\/\/elmundodelosnegocios.com.do\/v1\/wp-json\/wp\/v2\/tags?post=76522"}],"curies":[{"name":"wp","href":"https:\/\/api.w.org\/{rel}","templated":true}]}}