{"id":76675,"date":"2026-03-18T13:34:46","date_gmt":"2026-03-18T18:04:46","guid":{"rendered":"https:\/\/elmundodelosnegocios.com.do\/v1\/?p=76675"},"modified":"2026-03-18T13:34:49","modified_gmt":"2026-03-18T18:04:49","slug":"inaugura-banreservas-tercera-feria-inmobiliaria-en-nueva-york-y-lawrence-con-tasas-desde-9-50","status":"publish","type":"post","link":"https:\/\/elmundodelosnegocios.com.do\/v1\/inaugura-banreservas-tercera-feria-inmobiliaria-en-nueva-york-y-lawrence-con-tasas-desde-9-50\/","title":{"rendered":"Inaugura Banreservas tercera Feria Inmobiliaria en Nueva York y Lawrence con tasas desde 9.50%"},"content":{"rendered":"\n<p>Nueva York, N.Y.- El Banco de Reservas de la Rep\u00fablica Dominicana inaugur\u00f3 este mi\u00e9rcoles su tercera Feria Inmobiliaria en Nueva York y Lawrence, con tasas desde 9.50%, con el objetivo de facilitar a la di\u00e1spora en Estados Unidos la adquisici\u00f3n de una vivienda en su pa\u00eds.<\/p>\n\n\n\n<figure data-wp-context=\"{&quot;imageId&quot;:&quot;69ec7b874109c&quot;}\" data-wp-interactive=\"core\/image\" data-wp-key=\"69ec7b874109c\" class=\"wp-block-image size-large wp-lightbox-container\"><img loading=\"lazy\" decoding=\"async\" width=\"1024\" height=\"681\" data-wp-class--hide=\"state.isContentHidden\" data-wp-class--show=\"state.isContentVisible\" data-wp-init=\"callbacks.setButtonStyles\" data-wp-on--click=\"actions.showLightbox\" data-wp-on--load=\"callbacks.setButtonStyles\" data-wp-on-window--resize=\"callbacks.setButtonStyles\" src=\"https:\/\/elmundodelosnegocios.com.do\/v1\/wp-content\/uploads\/2026\/03\/2-Feria-inmobiliaria-BR-en-USA-1024x681.jpg\" alt=\"\" class=\"wp-image-76676\" srcset=\"https:\/\/elmundodelosnegocios.com.do\/v1\/wp-content\/uploads\/2026\/03\/2-Feria-inmobiliaria-BR-en-USA-1024x681.jpg 1024w, https:\/\/elmundodelosnegocios.com.do\/v1\/wp-content\/uploads\/2026\/03\/2-Feria-inmobiliaria-BR-en-USA-300x200.jpg 300w, https:\/\/elmundodelosnegocios.com.do\/v1\/wp-content\/uploads\/2026\/03\/2-Feria-inmobiliaria-BR-en-USA-768x511.jpg 768w, https:\/\/elmundodelosnegocios.com.do\/v1\/wp-content\/uploads\/2026\/03\/2-Feria-inmobiliaria-BR-en-USA-1536x1022.jpg 1536w, https:\/\/elmundodelosnegocios.com.do\/v1\/wp-content\/uploads\/2026\/03\/2-Feria-inmobiliaria-BR-en-USA-2048x1362.jpg 2048w\" sizes=\"auto, (max-width: 1024px) 100vw, 1024px\" \/><button\n\t\t\tclass=\"lightbox-trigger\"\n\t\t\ttype=\"button\"\n\t\t\taria-haspopup=\"dialog\"\n\t\t\taria-label=\"Agrandar\"\n\t\t\tdata-wp-init=\"callbacks.initTriggerButton\"\n\t\t\tdata-wp-on--click=\"actions.showLightbox\"\n\t\t\tdata-wp-style--right=\"state.imageButtonRight\"\n\t\t\tdata-wp-style--top=\"state.imageButtonTop\"\n\t\t>\n\t\t\t<svg xmlns=\"http:\/\/www.w3.org\/2000\/svg\" width=\"12\" height=\"12\" fill=\"none\" viewBox=\"0 0 12 12\">\n\t\t\t\t<path fill=\"#fff\" d=\"M2 0a2 2 0 0 0-2 2v2h1.5V2a.5.5 0 0 1 .5-.5h2V0H2Zm2 10.5H2a.5.5 0 0 1-.5-.5V8H0v2a2 2 0 0 0 2 2h2v-1.5ZM8 12v-1.5h2a.5.5 0 0 0 .5-.5V8H12v2a2 2 0 0 1-2 2H8Zm2-12a2 2 0 0 1 2 2v2h-1.5V2a.5.5 0 0 0-.5-.5H8V0h2Z\" \/>\n\t\t\t<\/svg>\n\t\t<\/button><figcaption class=\"wp-element-caption\"><em>Corte de cinta inaugural de la Tercera Feria Inmobilaria Banreservas con el presidente ejecutivo de la entidad financiera, el doctor Leonardo Aguilera; el c\u00f3nsul general de la Rep\u00fablica Dominicana en Nueva York, Jes\u00fas V\u00e1squez; la viceministra para las Comunidades Dominicanas en el Exterior y directora ejecutiva del Instituto de Dominicanos y Dominicanas en el Exterior (INDEX), Celin\u00e9s Toribio; los miembros de Consejo de Directores de Banreservas y dem\u00e1s vicepresidentes de la instituci\u00f3n bancaria.<\/em><\/figcaption><\/figure>\n\n\n\n<p>El presidente ejecutivo de Banreservas, doctor Leonardo Aguilera, al revelar la tasa fija a seis meses, inform\u00f3 que tambi\u00e9n estar\u00e1n disponibles otras opciones que inician en 10.50% a un a\u00f1o y 11.50% a dos a\u00f1os. La feria contempla, adem\u00e1s, financiamiento de hasta el 90% del valor del inmueble y plazos de hasta 20 a\u00f1os.<\/p>\n\n\n\n<p>De su lado, la ingeniera Alieska D\u00edaz, vicepresidenta ejecutiva senior Administrativa, destac\u00f3 que estas condiciones han sido dise\u00f1adas para ampliar el acceso a soluciones habitacionales a los dominicanos residentes en Estados Unidos.<\/p>\n\n\n\n<p>\u201cHoy tener una vivienda en la Rep\u00fablica Dominicana no es un sue\u00f1o lejano, sino una posibilidad concreta. Detr\u00e1s de esto hay un equipo comprometido, enfocado en conectar los planes de nuestra gente con soluciones reales\u201d, expres\u00f3.<\/p>\n\n\n\n<p>La ejecutiva agreg\u00f3 que este evento representa una oportunidad para que la di\u00e1spora fortalezca su v\u00ednculo con el pa\u00eds a trav\u00e9s de la adquisici\u00f3n de un hogar, lo que tambi\u00e9n aporta estabilidad y seguridad a sus familias.<\/p>\n\n\n\n<p>En Nueva York, la feria se desarrolla en el Radio Hotel, piso 12, ubicado en el 500 de la calle 181, en Washington Heights, desde el mi\u00e9rcoles 18 hasta el viernes 20 de marzo. Mientras que en Lawrence, Massachusetts, tendr\u00e1 lugar en el Parthum School Complex, en el 255 de East Haverhill, los d\u00edas 21 y 22 de marzo. El horario en ambas sedes es de 10:00 de la ma\u00f1ana a 9:00 de la noche.<\/p>\n\n\n\n<p><strong>M\u00e1s de 6,000 propiedades disponibles<\/strong><\/p>\n\n\n\n<p>Durante la feria, m\u00e1s de 30 aliados estrat\u00e9gicos, entre desarrolladores y reconocidas inmobiliarias del pa\u00eds, ofertan m\u00e1s de 6,000 unidades habitacionales en distintas regiones de la Rep\u00fablica Dominicana.<\/p>\n\n\n\n<p>Este evento, adem\u00e1s de facilitar el acceso a productos financieros, promueve la reunificaci\u00f3n familiar y convierte en realidad el sue\u00f1o de miles de dominicanos de tener un hogar en su tierra.<\/p>\n\n\n\n<p><strong>Oficinas de representaci\u00f3n<\/strong><\/p>\n\n\n\n<p>Banreservas inform\u00f3 que sus oficinas de representaci\u00f3n en Nueva York, Miami y Madrid han atendido a m\u00e1s de 50,000 clientes y gestionado la apertura de m\u00e1s de 40,000 cuentas de ahorro.<\/p>\n\n\n\n<p>Asimismo, registran una cartera de dep\u00f3sitos superior a los RD$16,000 millones y cr\u00e9ditos que sobrepasan los RD$3,500 millones. Estas oficinas tambi\u00e9n han canalizado cerca de 100,000 remesas, de las cuales el 93% se destina a financiamientos directos, fortaleciendo la inclusi\u00f3n financiera de la di\u00e1spora.<\/p>\n","protected":false},"excerpt":{"rendered":"<p>Nueva York, N.Y.- El Banco de Reservas de la Rep\u00fablica Dominicana inaugur\u00f3 este mi\u00e9rcoles su tercera Feria Inmobiliaria en Nueva York y Lawrence, con tasas desde 9.50%, con el objetivo&hellip; <\/p>\n","protected":false},"author":2,"featured_media":76678,"comment_status":"closed","ping_status":"closed","sticky":false,"template":"","format":"standard","meta":{"fifu_image_url":"https:\/\/elmundodelosnegocios.com.do\/v1\/wp-content\/uploads\/2026\/03\/2-Feria-inmobiliaria-BR-en-USA-scaled.jpg","fifu_image_alt":"","footnotes":""},"categories":[91],"tags":[],"class_list":["post-76675","post","type-post","status-publish","format-standard","has-post-thumbnail","hentry","category-bienes-raices"],"_links":{"self":[{"href":"https:\/\/elmundodelosnegocios.com.do\/v1\/wp-json\/wp\/v2\/posts\/76675","targetHints":{"allow":["GET"]}}],"collection":[{"href":"https:\/\/elmundodelosnegocios.com.do\/v1\/wp-json\/wp\/v2\/posts"}],"about":[{"href":"https:\/\/elmundodelosnegocios.com.do\/v1\/wp-json\/wp\/v2\/types\/post"}],"author":[{"embeddable":true,"href":"https:\/\/elmundodelosnegocios.com.do\/v1\/wp-json\/wp\/v2\/users\/2"}],"replies":[{"embeddable":true,"href":"https:\/\/elmundodelosnegocios.com.do\/v1\/wp-json\/wp\/v2\/comments?post=76675"}],"version-history":[{"count":1,"href":"https:\/\/elmundodelosnegocios.com.do\/v1\/wp-json\/wp\/v2\/posts\/76675\/revisions"}],"predecessor-version":[{"id":76677,"href":"https:\/\/elmundodelosnegocios.com.do\/v1\/wp-json\/wp\/v2\/posts\/76675\/revisions\/76677"}],"wp:featuredmedia":[{"embeddable":true,"href":"https:\/\/elmundodelosnegocios.com.do\/v1\/wp-json\/wp\/v2\/media\/76678"}],"wp:attachment":[{"href":"https:\/\/elmundodelosnegocios.com.do\/v1\/wp-json\/wp\/v2\/media?parent=76675"}],"wp:term":[{"taxonomy":"category","embeddable":true,"href":"https:\/\/elmundodelosnegocios.com.do\/v1\/wp-json\/wp\/v2\/categories?post=76675"},{"taxonomy":"post_tag","embeddable":true,"href":"https:\/\/elmundodelosnegocios.com.do\/v1\/wp-json\/wp\/v2\/tags?post=76675"}],"curies":[{"name":"wp","href":"https:\/\/api.w.org\/{rel}","templated":true}]}}