{"id":76726,"date":"2026-03-24T18:54:48","date_gmt":"2026-03-24T23:24:48","guid":{"rendered":"https:\/\/elmundodelosnegocios.com.do\/v1\/?p=76726"},"modified":"2026-03-24T20:36:06","modified_gmt":"2026-03-25T01:06:06","slug":"en-exitoso-encuentro-empresarial-comisionado-bermudez-reconoce-33-aniversario-de-la-camara-internacional-dominicana-y-liderazgo-de-pedro-diaz-ballester","status":"publish","type":"post","link":"https:\/\/elmundodelosnegocios.com.do\/v1\/en-exitoso-encuentro-empresarial-comisionado-bermudez-reconoce-33-aniversario-de-la-camara-internacional-dominicana-y-liderazgo-de-pedro-diaz-ballester\/","title":{"rendered":"En exitoso encuentro empresarial, comisionado Berm\u00fadez reconoce 33 aniversario de la C\u00e1mara Internacional Dominicana y liderazgo de Pedro D\u00edaz Ballester"},"content":{"rendered":"\n<p><strong>Miami,&nbsp;<\/strong>Florida, 2026.-La C\u00e1mara Internacional Dominicana de Negocios &amp; Turismo&nbsp;<strong><em>(Dominican International Business &amp; Tourism Chamber, Inc.)<\/em><\/strong>, el Instituto de Dominicanos y Dominicanas en el Exterior (INDEX)&nbsp;y el Consulado General de la Rep\u00fablica Dominicana en Miami&nbsp;celebraron un destacado&nbsp;<strong>encuentro empresarial<\/strong>&nbsp;en conmemoraci\u00f3n de la&nbsp;<strong>Semana de la Independencia Dominicana<\/strong>, reuniendo a l\u00edderes del sector p\u00fablico, privado y de la di\u00e1spora dominicana en el sur de la Florida.<\/p>\n\n\n<div class=\"wp-block-image\">\n<figure data-wp-context=\"{&quot;imageId&quot;:&quot;69edca1b9db15&quot;}\" data-wp-interactive=\"core\/image\" data-wp-key=\"69edca1b9db15\" class=\"aligncenter size-full wp-lightbox-container\"><img loading=\"lazy\" decoding=\"async\" width=\"900\" height=\"506\" data-wp-class--hide=\"state.isContentHidden\" data-wp-class--show=\"state.isContentVisible\" data-wp-init=\"callbacks.setButtonStyles\" data-wp-on--click=\"actions.showLightbox\" data-wp-on--load=\"callbacks.setButtonStyles\" data-wp-on-window--resize=\"callbacks.setButtonStyles\" src=\"https:\/\/elmundodelosnegocios.com.do\/v1\/wp-content\/uploads\/2026\/03\/01.jpeg\" alt=\"Michael G. Fresco, Jr., director del Distrito 12, en representaci\u00f3n del Comisionado del Condado Miami-Dade, Juan Carlos Berm\u00fadez, junto a Mar\u00eda Dreyfus-Ulvert, Assistant Director-International Liaison, Oficina de la alcaldesa del Condado Miami-Dade, mientras entregan una Proclamaci\u00f3n a Pedro J. Diaz Ballester, destacando su liderazgo empresarial y el 33.\u00ba aniversario de la fundaci\u00f3n de la C\u00e1mara. Les acompa\u00f1an Gilberto Minaya, vicec\u00f3nsul encargado interino del Consulado Dominicano en Miami, y Richard Montilla, director del Instituto de Dominicanos y Dominicanas en el Exterior (INDEX Miami).\" class=\"wp-image-76729\" srcset=\"https:\/\/elmundodelosnegocios.com.do\/v1\/wp-content\/uploads\/2026\/03\/01.jpeg 900w, https:\/\/elmundodelosnegocios.com.do\/v1\/wp-content\/uploads\/2026\/03\/01-300x169.jpeg 300w, https:\/\/elmundodelosnegocios.com.do\/v1\/wp-content\/uploads\/2026\/03\/01-768x432.jpeg 768w\" sizes=\"auto, (max-width: 900px) 100vw, 900px\" \/><button\n\t\t\tclass=\"lightbox-trigger\"\n\t\t\ttype=\"button\"\n\t\t\taria-haspopup=\"dialog\"\n\t\t\taria-label=\"Agrandar\"\n\t\t\tdata-wp-init=\"callbacks.initTriggerButton\"\n\t\t\tdata-wp-on--click=\"actions.showLightbox\"\n\t\t\tdata-wp-style--right=\"state.imageButtonRight\"\n\t\t\tdata-wp-style--top=\"state.imageButtonTop\"\n\t\t>\n\t\t\t<svg xmlns=\"http:\/\/www.w3.org\/2000\/svg\" width=\"12\" height=\"12\" fill=\"none\" viewBox=\"0 0 12 12\">\n\t\t\t\t<path fill=\"#fff\" d=\"M2 0a2 2 0 0 0-2 2v2h1.5V2a.5.5 0 0 1 .5-.5h2V0H2Zm2 10.5H2a.5.5 0 0 1-.5-.5V8H0v2a2 2 0 0 0 2 2h2v-1.5ZM8 12v-1.5h2a.5.5 0 0 0 .5-.5V8H12v2a2 2 0 0 1-2 2H8Zm2-12a2 2 0 0 1 2 2v2h-1.5V2a.5.5 0 0 0-.5-.5H8V0h2Z\" \/>\n\t\t\t<\/svg>\n\t\t<\/button><figcaption class=\"wp-element-caption\">Michael G. Fresco, Jr., director del Distrito 12, en representaci\u00f3n del Comisionado del Condado Miami-Dade, Juan Carlos Berm\u00fadez, junto a Mar\u00eda Dreyfus-Ulvert, Assistant Director-International Liaison, Oficina de la alcaldesa del Condado Miami-Dade, mientras entregan una Proclamaci\u00f3n a Pedro J. Diaz Ballester, destacando su liderazgo empresarial y el 33.\u00ba aniversario de la fundaci\u00f3n de la C\u00e1mara. Les acompa\u00f1an Gilberto Minaya, vicec\u00f3nsul encargado interino del Consulado Dominicano en Miami, y Richard Montilla, director del Instituto de Dominicanos y Dominicanas en el Exterior (INDEX Miami).<\/figcaption><\/figure>\n<\/div>\n\n\n<p>Durante la actividad,&nbsp;<strong>Michael G. Fresco, Jr.<\/strong>, director del Distrito 12, en representaci\u00f3n del&nbsp;<strong>Comisionado del Condado Miami-Dade, Juan Carlos Berm\u00fadez<\/strong>, junto a&nbsp;<strong>Mar\u00eda Dreyfus-Ulvert<\/strong>, Assistant Director\u2013International Liaison de la Oficina de la Alcaldesa del Condado Miami-Dade, Daniela Levine Cava, entregaron una&nbsp;<strong>Proclama oficial<\/strong>&nbsp;a&nbsp;<strong>Pedro J. D\u00edaz Ballester<\/strong>, presidente de la C\u00e1mara, reconociendo su liderazgo empresarial y el&nbsp;<strong>33 aniversario de fundaci\u00f3n<\/strong>&nbsp;de la instituci\u00f3n, as\u00ed como sus aportes al desarrollo comunitario y econ\u00f3mico.<\/p>\n\n\n\n<p><strong>Un espacio de networking, capacitaci\u00f3n y visi\u00f3n hist\u00f3rica<\/strong><\/p>\n\n\n\n<p>El encuentro, concebido como un espacio de&nbsp;<strong>networking ejecutivo, orientaci\u00f3n hist\u00f3rica y capacitaci\u00f3n<\/strong>, se llev\u00f3 a cabo en las modernas instalaciones del&nbsp;<strong>Keiser University Miami Campus<\/strong>, presidido por la doctora&nbsp;<strong>Norma Pastor<\/strong>, con la coordinaci\u00f3n de&nbsp;<strong>Carmen P\u00e9rez-Padr\u00f3n<\/strong>, directora de Servicios y Carreras Estudiantiles.<\/p>\n\n\n\n<p>Entre las personalidades asistentes se encontraban:<\/p>\n\n\n\n<ul class=\"wp-block-list\">\n<li><strong>Gilberto Minaya<\/strong>, vicec\u00f3nsul encargado interino del Consulado Dominicano en Miami<\/li>\n\n\n\n<li><strong>Phillipa Valencia<\/strong>, en representaci\u00f3n del International Trade Consortium del Condado Miami-Dade (ITC)<\/li>\n\n\n\n<li><strong>Gisela Thomas<\/strong>, presidenta de la Panamanian American Chamber of Commerce<\/li>\n\n\n\n<li><strong>Nuria Soriano<\/strong>, directora de Partnerships y Membres\u00edas de la Spain\u2013U.S. Chamber of Commerce<\/li>\n\n\n\n<li><strong>Gustavo Garagorry<\/strong>, del Venezuelan American Republican Club<\/li>\n\n\n\n<li>Ejecutivas de&nbsp;<strong>The Miami Herald<\/strong>&nbsp;y&nbsp;<strong>El Nuevo Herald<\/strong><\/li>\n\n\n\n<li><strong>Bryan Pe\u00f1a<\/strong>, de BP Media<\/li>\n\n\n\n<li><strong>Miguel Del Rivero<\/strong>, director de El Vocero News<\/li>\n\n\n\n<li>Dirigentes de partidos pol\u00edticos dominicanos, hoteleros y empresarios<\/li>\n\n\n\n<li>Las vicec\u00f3nsules dominicanas&nbsp;<strong>Claudia S\u00e1nchez<\/strong>&nbsp;y&nbsp;<strong>Carla Hern\u00e1ndez<\/strong>, as\u00ed como&nbsp;<strong>Rosa Espinal<\/strong>&nbsp;y otros funcionarios del Consulado<\/li>\n<\/ul>\n\n\n\n<p><strong>Palabras centrales y presentaciones destacadas<\/strong><\/p>\n\n\n\n<p>En su intervenci\u00f3n principal,&nbsp;<strong>Pedro J. D\u00edaz Ballester<\/strong>, presidente de la C\u00e1mara Internacional Dominicana, resalt\u00f3 las&nbsp;<strong>oportunidades de negocios, comercio e inversi\u00f3n<\/strong>&nbsp;que ofrece la Rep\u00fablica Dominicana, as\u00ed como el rol estrat\u00e9gico de la di\u00e1spora dominicana en Estados Unidos como&nbsp;<strong>puente para el desarrollo econ\u00f3mico binacional<\/strong>.<\/p>\n\n\n<div class=\"wp-block-image\">\n<figure data-wp-context=\"{&quot;imageId&quot;:&quot;69edca1b9e0f7&quot;}\" data-wp-interactive=\"core\/image\" data-wp-key=\"69edca1b9e0f7\" class=\"aligncenter size-large wp-lightbox-container\"><img loading=\"lazy\" decoding=\"async\" width=\"1024\" height=\"576\" data-wp-class--hide=\"state.isContentHidden\" data-wp-class--show=\"state.isContentVisible\" data-wp-init=\"callbacks.setButtonStyles\" data-wp-on--click=\"actions.showLightbox\" data-wp-on--load=\"callbacks.setButtonStyles\" data-wp-on-window--resize=\"callbacks.setButtonStyles\" src=\"https:\/\/elmundodelosnegocios.com.do\/v1\/wp-content\/uploads\/2026\/03\/02-1024x576.jpeg\" alt=\"Pedro J. Diaz Ballester, presidente de la Dominican International Business Chamber, pronuncia las palabras centrales del evento, en el audit\u00f3rium de Keiser University Miami Campus.\" class=\"wp-image-76730\" srcset=\"https:\/\/elmundodelosnegocios.com.do\/v1\/wp-content\/uploads\/2026\/03\/02-1024x576.jpeg 1024w, https:\/\/elmundodelosnegocios.com.do\/v1\/wp-content\/uploads\/2026\/03\/02-300x169.jpeg 300w, https:\/\/elmundodelosnegocios.com.do\/v1\/wp-content\/uploads\/2026\/03\/02-768x432.jpeg 768w, https:\/\/elmundodelosnegocios.com.do\/v1\/wp-content\/uploads\/2026\/03\/02.jpeg 1200w\" sizes=\"auto, (max-width: 1024px) 100vw, 1024px\" \/><button\n\t\t\tclass=\"lightbox-trigger\"\n\t\t\ttype=\"button\"\n\t\t\taria-haspopup=\"dialog\"\n\t\t\taria-label=\"Agrandar\"\n\t\t\tdata-wp-init=\"callbacks.initTriggerButton\"\n\t\t\tdata-wp-on--click=\"actions.showLightbox\"\n\t\t\tdata-wp-style--right=\"state.imageButtonRight\"\n\t\t\tdata-wp-style--top=\"state.imageButtonTop\"\n\t\t>\n\t\t\t<svg xmlns=\"http:\/\/www.w3.org\/2000\/svg\" width=\"12\" height=\"12\" fill=\"none\" viewBox=\"0 0 12 12\">\n\t\t\t\t<path fill=\"#fff\" d=\"M2 0a2 2 0 0 0-2 2v2h1.5V2a.5.5 0 0 1 .5-.5h2V0H2Zm2 10.5H2a.5.5 0 0 1-.5-.5V8H0v2a2 2 0 0 0 2 2h2v-1.5ZM8 12v-1.5h2a.5.5 0 0 0 .5-.5V8H12v2a2 2 0 0 1-2 2H8Zm2-12a2 2 0 0 1 2 2v2h-1.5V2a.5.5 0 0 0-.5-.5H8V0h2Z\" \/>\n\t\t\t<\/svg>\n\t\t<\/button><figcaption class=\"wp-element-caption\">Pedro J. Diaz Ballester, presidente de la Dominican International Business Chamber, pronuncia las palabras centrales del evento, en el audit\u00f3rium de Keiser University Miami Campus.<\/figcaption><\/figure>\n<\/div>\n\n\n<p>La maestr\u00eda de ceremonias estuvo a cargo de la doctora&nbsp;<strong>Soraya Aguasvivas<\/strong>, vicepresidenta de la C\u00e1mara. Tambi\u00e9n intervinieron:<\/p>\n\n\n<div class=\"wp-block-image\">\n<figure data-wp-context=\"{&quot;imageId&quot;:&quot;69edca1b9e6b8&quot;}\" data-wp-interactive=\"core\/image\" data-wp-key=\"69edca1b9e6b8\" class=\"aligncenter size-large wp-lightbox-container\"><img loading=\"lazy\" decoding=\"async\" width=\"832\" height=\"1024\" data-wp-class--hide=\"state.isContentHidden\" data-wp-class--show=\"state.isContentVisible\" data-wp-init=\"callbacks.setButtonStyles\" data-wp-on--click=\"actions.showLightbox\" data-wp-on--load=\"callbacks.setButtonStyles\" data-wp-on-window--resize=\"callbacks.setButtonStyles\" src=\"https:\/\/elmundodelosnegocios.com.do\/v1\/wp-content\/uploads\/2026\/03\/Proclama-oficial-a-Pedro-J.-Diaz-Ballester-reconociendo-su-liderazgo-empresarial-y-el-33-aniversario-de-fundacion-de-la-institucion-832x1024.jpg\" alt=\"\" class=\"wp-image-76741\" srcset=\"https:\/\/elmundodelosnegocios.com.do\/v1\/wp-content\/uploads\/2026\/03\/Proclama-oficial-a-Pedro-J.-Diaz-Ballester-reconociendo-su-liderazgo-empresarial-y-el-33-aniversario-de-fundacion-de-la-institucion-832x1024.jpg 832w, https:\/\/elmundodelosnegocios.com.do\/v1\/wp-content\/uploads\/2026\/03\/Proclama-oficial-a-Pedro-J.-Diaz-Ballester-reconociendo-su-liderazgo-empresarial-y-el-33-aniversario-de-fundacion-de-la-institucion-244x300.jpg 244w, https:\/\/elmundodelosnegocios.com.do\/v1\/wp-content\/uploads\/2026\/03\/Proclama-oficial-a-Pedro-J.-Diaz-Ballester-reconociendo-su-liderazgo-empresarial-y-el-33-aniversario-de-fundacion-de-la-institucion-768x945.jpg 768w, https:\/\/elmundodelosnegocios.com.do\/v1\/wp-content\/uploads\/2026\/03\/Proclama-oficial-a-Pedro-J.-Diaz-Ballester-reconociendo-su-liderazgo-empresarial-y-el-33-aniversario-de-fundacion-de-la-institucion-1248x1536.jpg 1248w, https:\/\/elmundodelosnegocios.com.do\/v1\/wp-content\/uploads\/2026\/03\/Proclama-oficial-a-Pedro-J.-Diaz-Ballester-reconociendo-su-liderazgo-empresarial-y-el-33-aniversario-de-fundacion-de-la-institucion.jpg 1527w\" sizes=\"auto, (max-width: 832px) 100vw, 832px\" \/><button\n\t\t\tclass=\"lightbox-trigger\"\n\t\t\ttype=\"button\"\n\t\t\taria-haspopup=\"dialog\"\n\t\t\taria-label=\"Agrandar\"\n\t\t\tdata-wp-init=\"callbacks.initTriggerButton\"\n\t\t\tdata-wp-on--click=\"actions.showLightbox\"\n\t\t\tdata-wp-style--right=\"state.imageButtonRight\"\n\t\t\tdata-wp-style--top=\"state.imageButtonTop\"\n\t\t>\n\t\t\t<svg xmlns=\"http:\/\/www.w3.org\/2000\/svg\" width=\"12\" height=\"12\" fill=\"none\" viewBox=\"0 0 12 12\">\n\t\t\t\t<path fill=\"#fff\" d=\"M2 0a2 2 0 0 0-2 2v2h1.5V2a.5.5 0 0 1 .5-.5h2V0H2Zm2 10.5H2a.5.5 0 0 1-.5-.5V8H0v2a2 2 0 0 0 2 2h2v-1.5ZM8 12v-1.5h2a.5.5 0 0 0 .5-.5V8H12v2a2 2 0 0 1-2 2H8Zm2-12a2 2 0 0 1 2 2v2h-1.5V2a.5.5 0 0 0-.5-.5H8V0h2Z\" \/>\n\t\t\t<\/svg>\n\t\t<\/button><figcaption class=\"wp-element-caption\">Reconocimiento a Pedro J. D\u00edaz Ballester por su liderazgo empresarial<\/figcaption><\/figure>\n<\/div>\n\n\n<ul class=\"wp-block-list\">\n<li><strong>Richard Montilla<\/strong>, director general del INDEX Miami<\/li>\n\n\n\n<li><strong>Dr. Luis Lasose<\/strong>, presidente de Mocamia, quien expuso sobre la importancia de una legislaci\u00f3n adecuada para los dominicanos en el exterior<\/li>\n\n\n\n<li><strong>Fernando Ortiz<\/strong>, presidente del Instituto Duartiano de la Florida, con un recuento hist\u00f3rico sobre el patricio&nbsp;<strong>Ram\u00f3n Mat\u00edas Mella<\/strong>&nbsp;y la proclamaci\u00f3n de la Independencia Dominicana<\/li>\n\n\n\n<li><strong>Luis G. Castillo<\/strong>, presidente de Global Trade and Financing, quien present\u00f3 las facilidades del&nbsp;<strong>Eximbank<\/strong>&nbsp;para empresarios hispanos<\/li>\n<\/ul>\n\n\n\n<p><strong>Compromiso institucional<\/strong><\/p>\n\n\n\n<p>Las instituciones organizadoras reafirmaron su compromiso de continuar fortaleciendo los v\u00ednculos entre la Rep\u00fablica Dominicana y el sur de la Florida, promoviendo iniciativas que impulsen el desarrollo empresarial, tur\u00edstico, cultural y comunitario de la di\u00e1spora.<\/p>\n\n\n\n<p><strong>Un ambiente de celebraci\u00f3n y proyecci\u00f3n nacional<\/strong><\/p>\n\n\n\n<p>El evento combin\u00f3 un ambiente formal con un espacio din\u00e1mico de networking, acompa\u00f1ado de un&nbsp;<strong>brindis cortes\u00eda de Ron Barcel\u00f3<\/strong>&nbsp;y una ambientaci\u00f3n musical dominicana a cargo del maestro&nbsp;<strong>Alejandro Vargas<\/strong>. Tambi\u00e9n particip\u00f3&nbsp;<strong>LuzNat<\/strong>, vers\u00e1til cantante dominicana, cortes\u00eda del programa&nbsp;<em>El Poder de Miami<\/em>. Rifas especiales aportaron un cierre festivo y lleno de entusiasmo entre los asistentes.<\/p>\n\n\n\n<figure class=\"wp-block-gallery has-nested-images columns-2 is-cropped wp-block-gallery-1 is-layout-flex wp-block-gallery-is-layout-flex\">\n<figure data-wp-context=\"{&quot;imageId&quot;:&quot;69edca1b9e989&quot;}\" data-wp-interactive=\"core\/image\" data-wp-key=\"69edca1b9e989\" class=\"wp-block-image size-full wp-lightbox-container\"><img loading=\"lazy\" decoding=\"async\" width=\"2048\" height=\"1629\" data-wp-class--hide=\"state.isContentHidden\" data-wp-class--show=\"state.isContentVisible\" data-wp-init=\"callbacks.setButtonStyles\" data-wp-on--click=\"actions.showLightbox\" data-wp-on--load=\"callbacks.setButtonStyles\" data-wp-on-window--resize=\"callbacks.setButtonStyles\" data-id=\"76736\" src=\"https:\/\/elmundodelosnegocios.com.do\/v1\/wp-content\/uploads\/2026\/03\/Alexis-Calera-y-Tomas-Calender.jpg\" alt=\"\" class=\"wp-image-76736\" style=\"aspect-ratio:16\/9\" srcset=\"https:\/\/elmundodelosnegocios.com.do\/v1\/wp-content\/uploads\/2026\/03\/Alexis-Calera-y-Tomas-Calender.jpg 2048w, https:\/\/elmundodelosnegocios.com.do\/v1\/wp-content\/uploads\/2026\/03\/Alexis-Calera-y-Tomas-Calender-300x239.jpg 300w, https:\/\/elmundodelosnegocios.com.do\/v1\/wp-content\/uploads\/2026\/03\/Alexis-Calera-y-Tomas-Calender-1024x815.jpg 1024w, https:\/\/elmundodelosnegocios.com.do\/v1\/wp-content\/uploads\/2026\/03\/Alexis-Calera-y-Tomas-Calender-768x611.jpg 768w, https:\/\/elmundodelosnegocios.com.do\/v1\/wp-content\/uploads\/2026\/03\/Alexis-Calera-y-Tomas-Calender-1536x1222.jpg 1536w\" sizes=\"auto, (max-width: 2048px) 100vw, 2048px\" \/><button\n\t\t\tclass=\"lightbox-trigger\"\n\t\t\ttype=\"button\"\n\t\t\taria-haspopup=\"dialog\"\n\t\t\taria-label=\"Agrandar\"\n\t\t\tdata-wp-init=\"callbacks.initTriggerButton\"\n\t\t\tdata-wp-on--click=\"actions.showLightbox\"\n\t\t\tdata-wp-style--right=\"state.imageButtonRight\"\n\t\t\tdata-wp-style--top=\"state.imageButtonTop\"\n\t\t>\n\t\t\t<svg xmlns=\"http:\/\/www.w3.org\/2000\/svg\" width=\"12\" height=\"12\" fill=\"none\" viewBox=\"0 0 12 12\">\n\t\t\t\t<path fill=\"#fff\" d=\"M2 0a2 2 0 0 0-2 2v2h1.5V2a.5.5 0 0 1 .5-.5h2V0H2Zm2 10.5H2a.5.5 0 0 1-.5-.5V8H0v2a2 2 0 0 0 2 2h2v-1.5ZM8 12v-1.5h2a.5.5 0 0 0 .5-.5V8H12v2a2 2 0 0 1-2 2H8Zm2-12a2 2 0 0 1 2 2v2h-1.5V2a.5.5 0 0 0-.5-.5H8V0h2Z\" \/>\n\t\t\t<\/svg>\n\t\t<\/button><figcaption class=\"wp-element-caption\">Alexis Calera y Tomas Calender<\/figcaption><\/figure>\n\n\n\n<figure data-wp-context=\"{&quot;imageId&quot;:&quot;69edca1b9eb51&quot;}\" data-wp-interactive=\"core\/image\" data-wp-key=\"69edca1b9eb51\" class=\"wp-block-image size-full wp-lightbox-container\"><img loading=\"lazy\" decoding=\"async\" width=\"2048\" height=\"1365\" data-wp-class--hide=\"state.isContentHidden\" data-wp-class--show=\"state.isContentVisible\" data-wp-init=\"callbacks.setButtonStyles\" data-wp-on--click=\"actions.showLightbox\" data-wp-on--load=\"callbacks.setButtonStyles\" data-wp-on-window--resize=\"callbacks.setButtonStyles\" data-id=\"76738\" src=\"https:\/\/elmundodelosnegocios.com.do\/v1\/wp-content\/uploads\/2026\/03\/Carla-Hernandez-Tatiana-Paez-Gilberto-Minaya-Richard-Montilla-Phillipa-Valencia-y-Claudia-Sanchez.jpg\" alt=\"\" class=\"wp-image-76738\" style=\"aspect-ratio:16\/9\" srcset=\"https:\/\/elmundodelosnegocios.com.do\/v1\/wp-content\/uploads\/2026\/03\/Carla-Hernandez-Tatiana-Paez-Gilberto-Minaya-Richard-Montilla-Phillipa-Valencia-y-Claudia-Sanchez.jpg 2048w, https:\/\/elmundodelosnegocios.com.do\/v1\/wp-content\/uploads\/2026\/03\/Carla-Hernandez-Tatiana-Paez-Gilberto-Minaya-Richard-Montilla-Phillipa-Valencia-y-Claudia-Sanchez-300x200.jpg 300w, https:\/\/elmundodelosnegocios.com.do\/v1\/wp-content\/uploads\/2026\/03\/Carla-Hernandez-Tatiana-Paez-Gilberto-Minaya-Richard-Montilla-Phillipa-Valencia-y-Claudia-Sanchez-1024x683.jpg 1024w, https:\/\/elmundodelosnegocios.com.do\/v1\/wp-content\/uploads\/2026\/03\/Carla-Hernandez-Tatiana-Paez-Gilberto-Minaya-Richard-Montilla-Phillipa-Valencia-y-Claudia-Sanchez-768x512.jpg 768w, https:\/\/elmundodelosnegocios.com.do\/v1\/wp-content\/uploads\/2026\/03\/Carla-Hernandez-Tatiana-Paez-Gilberto-Minaya-Richard-Montilla-Phillipa-Valencia-y-Claudia-Sanchez-1536x1024.jpg 1536w\" sizes=\"auto, (max-width: 2048px) 100vw, 2048px\" \/><button\n\t\t\tclass=\"lightbox-trigger\"\n\t\t\ttype=\"button\"\n\t\t\taria-haspopup=\"dialog\"\n\t\t\taria-label=\"Agrandar\"\n\t\t\tdata-wp-init=\"callbacks.initTriggerButton\"\n\t\t\tdata-wp-on--click=\"actions.showLightbox\"\n\t\t\tdata-wp-style--right=\"state.imageButtonRight\"\n\t\t\tdata-wp-style--top=\"state.imageButtonTop\"\n\t\t>\n\t\t\t<svg xmlns=\"http:\/\/www.w3.org\/2000\/svg\" width=\"12\" height=\"12\" fill=\"none\" viewBox=\"0 0 12 12\">\n\t\t\t\t<path fill=\"#fff\" d=\"M2 0a2 2 0 0 0-2 2v2h1.5V2a.5.5 0 0 1 .5-.5h2V0H2Zm2 10.5H2a.5.5 0 0 1-.5-.5V8H0v2a2 2 0 0 0 2 2h2v-1.5ZM8 12v-1.5h2a.5.5 0 0 0 .5-.5V8H12v2a2 2 0 0 1-2 2H8Zm2-12a2 2 0 0 1 2 2v2h-1.5V2a.5.5 0 0 0-.5-.5H8V0h2Z\" \/>\n\t\t\t<\/svg>\n\t\t<\/button><figcaption class=\"wp-element-caption\">Carla Hernandez, Tatiana Paez, Gilberto Minaya, Richard Montilla, Phillipa Valencia, y Claudia Sanchez.<\/figcaption><\/figure>\n\n\n\n<figure data-wp-context=\"{&quot;imageId&quot;:&quot;69edca1b9ecc4&quot;}\" data-wp-interactive=\"core\/image\" data-wp-key=\"69edca1b9ecc4\" class=\"wp-block-image size-full wp-lightbox-container\"><img loading=\"lazy\" decoding=\"async\" width=\"2048\" height=\"1517\" data-wp-class--hide=\"state.isContentHidden\" data-wp-class--show=\"state.isContentVisible\" data-wp-init=\"callbacks.setButtonStyles\" data-wp-on--click=\"actions.showLightbox\" data-wp-on--load=\"callbacks.setButtonStyles\" data-wp-on-window--resize=\"callbacks.setButtonStyles\" data-id=\"76739\" src=\"https:\/\/elmundodelosnegocios.com.do\/v1\/wp-content\/uploads\/2026\/03\/Carmen-Perez-Padron-y-Nuria-Soriano.jpg\" alt=\"\" class=\"wp-image-76739\" style=\"aspect-ratio:16\/9\" srcset=\"https:\/\/elmundodelosnegocios.com.do\/v1\/wp-content\/uploads\/2026\/03\/Carmen-Perez-Padron-y-Nuria-Soriano.jpg 2048w, https:\/\/elmundodelosnegocios.com.do\/v1\/wp-content\/uploads\/2026\/03\/Carmen-Perez-Padron-y-Nuria-Soriano-300x222.jpg 300w, https:\/\/elmundodelosnegocios.com.do\/v1\/wp-content\/uploads\/2026\/03\/Carmen-Perez-Padron-y-Nuria-Soriano-1024x759.jpg 1024w, https:\/\/elmundodelosnegocios.com.do\/v1\/wp-content\/uploads\/2026\/03\/Carmen-Perez-Padron-y-Nuria-Soriano-768x569.jpg 768w, https:\/\/elmundodelosnegocios.com.do\/v1\/wp-content\/uploads\/2026\/03\/Carmen-Perez-Padron-y-Nuria-Soriano-1536x1138.jpg 1536w\" sizes=\"auto, (max-width: 2048px) 100vw, 2048px\" \/><button\n\t\t\tclass=\"lightbox-trigger\"\n\t\t\ttype=\"button\"\n\t\t\taria-haspopup=\"dialog\"\n\t\t\taria-label=\"Agrandar\"\n\t\t\tdata-wp-init=\"callbacks.initTriggerButton\"\n\t\t\tdata-wp-on--click=\"actions.showLightbox\"\n\t\t\tdata-wp-style--right=\"state.imageButtonRight\"\n\t\t\tdata-wp-style--top=\"state.imageButtonTop\"\n\t\t>\n\t\t\t<svg xmlns=\"http:\/\/www.w3.org\/2000\/svg\" width=\"12\" height=\"12\" fill=\"none\" viewBox=\"0 0 12 12\">\n\t\t\t\t<path fill=\"#fff\" d=\"M2 0a2 2 0 0 0-2 2v2h1.5V2a.5.5 0 0 1 .5-.5h2V0H2Zm2 10.5H2a.5.5 0 0 1-.5-.5V8H0v2a2 2 0 0 0 2 2h2v-1.5ZM8 12v-1.5h2a.5.5 0 0 0 .5-.5V8H12v2a2 2 0 0 1-2 2H8Zm2-12a2 2 0 0 1 2 2v2h-1.5V2a.5.5 0 0 0-.5-.5H8V0h2Z\" \/>\n\t\t\t<\/svg>\n\t\t<\/button><figcaption class=\"wp-element-caption\">Carmen Perez Padron y Nuria Soriano<\/figcaption><\/figure>\n\n\n\n<figure data-wp-context=\"{&quot;imageId&quot;:&quot;69edca1b9ee45&quot;}\" data-wp-interactive=\"core\/image\" data-wp-key=\"69edca1b9ee45\" class=\"wp-block-image size-full wp-lightbox-container\"><img loading=\"lazy\" decoding=\"async\" width=\"2048\" height=\"1664\" data-wp-class--hide=\"state.isContentHidden\" data-wp-class--show=\"state.isContentVisible\" data-wp-init=\"callbacks.setButtonStyles\" data-wp-on--click=\"actions.showLightbox\" data-wp-on--load=\"callbacks.setButtonStyles\" data-wp-on-window--resize=\"callbacks.setButtonStyles\" data-id=\"76743\" src=\"https:\/\/elmundodelosnegocios.com.do\/v1\/wp-content\/uploads\/2026\/03\/Claudia-Sanchez-Gilberto-Minaya-Carla-Hernandez-y-Richard-Montilla.jpg\" alt=\"\" class=\"wp-image-76743\" style=\"aspect-ratio:16\/9\" srcset=\"https:\/\/elmundodelosnegocios.com.do\/v1\/wp-content\/uploads\/2026\/03\/Claudia-Sanchez-Gilberto-Minaya-Carla-Hernandez-y-Richard-Montilla.jpg 2048w, https:\/\/elmundodelosnegocios.com.do\/v1\/wp-content\/uploads\/2026\/03\/Claudia-Sanchez-Gilberto-Minaya-Carla-Hernandez-y-Richard-Montilla-300x244.jpg 300w, https:\/\/elmundodelosnegocios.com.do\/v1\/wp-content\/uploads\/2026\/03\/Claudia-Sanchez-Gilberto-Minaya-Carla-Hernandez-y-Richard-Montilla-1024x832.jpg 1024w, https:\/\/elmundodelosnegocios.com.do\/v1\/wp-content\/uploads\/2026\/03\/Claudia-Sanchez-Gilberto-Minaya-Carla-Hernandez-y-Richard-Montilla-768x624.jpg 768w, https:\/\/elmundodelosnegocios.com.do\/v1\/wp-content\/uploads\/2026\/03\/Claudia-Sanchez-Gilberto-Minaya-Carla-Hernandez-y-Richard-Montilla-1536x1248.jpg 1536w\" sizes=\"auto, (max-width: 2048px) 100vw, 2048px\" \/><button\n\t\t\tclass=\"lightbox-trigger\"\n\t\t\ttype=\"button\"\n\t\t\taria-haspopup=\"dialog\"\n\t\t\taria-label=\"Agrandar\"\n\t\t\tdata-wp-init=\"callbacks.initTriggerButton\"\n\t\t\tdata-wp-on--click=\"actions.showLightbox\"\n\t\t\tdata-wp-style--right=\"state.imageButtonRight\"\n\t\t\tdata-wp-style--top=\"state.imageButtonTop\"\n\t\t>\n\t\t\t<svg xmlns=\"http:\/\/www.w3.org\/2000\/svg\" width=\"12\" height=\"12\" fill=\"none\" viewBox=\"0 0 12 12\">\n\t\t\t\t<path fill=\"#fff\" d=\"M2 0a2 2 0 0 0-2 2v2h1.5V2a.5.5 0 0 1 .5-.5h2V0H2Zm2 10.5H2a.5.5 0 0 1-.5-.5V8H0v2a2 2 0 0 0 2 2h2v-1.5ZM8 12v-1.5h2a.5.5 0 0 0 .5-.5V8H12v2a2 2 0 0 1-2 2H8Zm2-12a2 2 0 0 1 2 2v2h-1.5V2a.5.5 0 0 0-.5-.5H8V0h2Z\" \/>\n\t\t\t<\/svg>\n\t\t<\/button><figcaption class=\"wp-element-caption\">Claudia Sanchez,  Gilberto Minaya, Carla Hernandez y Richard Montilla.<\/figcaption><\/figure>\n\n\n\n<figure data-wp-context=\"{&quot;imageId&quot;:&quot;69edca1b9efc6&quot;}\" data-wp-interactive=\"core\/image\" data-wp-key=\"69edca1b9efc6\" class=\"wp-block-image size-full wp-lightbox-container\"><img loading=\"lazy\" decoding=\"async\" width=\"2048\" height=\"1658\" data-wp-class--hide=\"state.isContentHidden\" data-wp-class--show=\"state.isContentVisible\" data-wp-init=\"callbacks.setButtonStyles\" data-wp-on--click=\"actions.showLightbox\" data-wp-on--load=\"callbacks.setButtonStyles\" data-wp-on-window--resize=\"callbacks.setButtonStyles\" data-id=\"76737\" src=\"https:\/\/elmundodelosnegocios.com.do\/v1\/wp-content\/uploads\/2026\/03\/Dr.-Luis-Lasose-y-Luis-G.-Castillo.jpg\" alt=\"\" class=\"wp-image-76737\" style=\"aspect-ratio:16\/9\" srcset=\"https:\/\/elmundodelosnegocios.com.do\/v1\/wp-content\/uploads\/2026\/03\/Dr.-Luis-Lasose-y-Luis-G.-Castillo.jpg 2048w, https:\/\/elmundodelosnegocios.com.do\/v1\/wp-content\/uploads\/2026\/03\/Dr.-Luis-Lasose-y-Luis-G.-Castillo-300x243.jpg 300w, https:\/\/elmundodelosnegocios.com.do\/v1\/wp-content\/uploads\/2026\/03\/Dr.-Luis-Lasose-y-Luis-G.-Castillo-1024x829.jpg 1024w, https:\/\/elmundodelosnegocios.com.do\/v1\/wp-content\/uploads\/2026\/03\/Dr.-Luis-Lasose-y-Luis-G.-Castillo-768x622.jpg 768w, https:\/\/elmundodelosnegocios.com.do\/v1\/wp-content\/uploads\/2026\/03\/Dr.-Luis-Lasose-y-Luis-G.-Castillo-1536x1244.jpg 1536w\" sizes=\"auto, (max-width: 2048px) 100vw, 2048px\" \/><button\n\t\t\tclass=\"lightbox-trigger\"\n\t\t\ttype=\"button\"\n\t\t\taria-haspopup=\"dialog\"\n\t\t\taria-label=\"Agrandar\"\n\t\t\tdata-wp-init=\"callbacks.initTriggerButton\"\n\t\t\tdata-wp-on--click=\"actions.showLightbox\"\n\t\t\tdata-wp-style--right=\"state.imageButtonRight\"\n\t\t\tdata-wp-style--top=\"state.imageButtonTop\"\n\t\t>\n\t\t\t<svg xmlns=\"http:\/\/www.w3.org\/2000\/svg\" width=\"12\" height=\"12\" fill=\"none\" viewBox=\"0 0 12 12\">\n\t\t\t\t<path fill=\"#fff\" d=\"M2 0a2 2 0 0 0-2 2v2h1.5V2a.5.5 0 0 1 .5-.5h2V0H2Zm2 10.5H2a.5.5 0 0 1-.5-.5V8H0v2a2 2 0 0 0 2 2h2v-1.5ZM8 12v-1.5h2a.5.5 0 0 0 .5-.5V8H12v2a2 2 0 0 1-2 2H8Zm2-12a2 2 0 0 1 2 2v2h-1.5V2a.5.5 0 0 0-.5-.5H8V0h2Z\" \/>\n\t\t\t<\/svg>\n\t\t<\/button><figcaption class=\"wp-element-caption\">Dr. Luis Lasose y Luis G. Castillo<\/figcaption><\/figure>\n\n\n\n<figure data-wp-context=\"{&quot;imageId&quot;:&quot;69edca1b9f148&quot;}\" data-wp-interactive=\"core\/image\" data-wp-key=\"69edca1b9f148\" class=\"wp-block-image size-full wp-lightbox-container\"><img loading=\"lazy\" decoding=\"async\" width=\"2048\" height=\"1533\" data-wp-class--hide=\"state.isContentHidden\" data-wp-class--show=\"state.isContentVisible\" data-wp-init=\"callbacks.setButtonStyles\" data-wp-on--click=\"actions.showLightbox\" data-wp-on--load=\"callbacks.setButtonStyles\" data-wp-on-window--resize=\"callbacks.setButtonStyles\" data-id=\"76740\" src=\"https:\/\/elmundodelosnegocios.com.do\/v1\/wp-content\/uploads\/2026\/03\/El-maestro-Alejandro-Vargas-Colita.jpg\" alt=\"\" class=\"wp-image-76740\" style=\"aspect-ratio:16\/9\" srcset=\"https:\/\/elmundodelosnegocios.com.do\/v1\/wp-content\/uploads\/2026\/03\/El-maestro-Alejandro-Vargas-Colita.jpg 2048w, https:\/\/elmundodelosnegocios.com.do\/v1\/wp-content\/uploads\/2026\/03\/El-maestro-Alejandro-Vargas-Colita-300x225.jpg 300w, https:\/\/elmundodelosnegocios.com.do\/v1\/wp-content\/uploads\/2026\/03\/El-maestro-Alejandro-Vargas-Colita-1024x767.jpg 1024w, https:\/\/elmundodelosnegocios.com.do\/v1\/wp-content\/uploads\/2026\/03\/El-maestro-Alejandro-Vargas-Colita-768x575.jpg 768w, https:\/\/elmundodelosnegocios.com.do\/v1\/wp-content\/uploads\/2026\/03\/El-maestro-Alejandro-Vargas-Colita-1536x1150.jpg 1536w\" sizes=\"auto, (max-width: 2048px) 100vw, 2048px\" \/><button\n\t\t\tclass=\"lightbox-trigger\"\n\t\t\ttype=\"button\"\n\t\t\taria-haspopup=\"dialog\"\n\t\t\taria-label=\"Agrandar\"\n\t\t\tdata-wp-init=\"callbacks.initTriggerButton\"\n\t\t\tdata-wp-on--click=\"actions.showLightbox\"\n\t\t\tdata-wp-style--right=\"state.imageButtonRight\"\n\t\t\tdata-wp-style--top=\"state.imageButtonTop\"\n\t\t>\n\t\t\t<svg xmlns=\"http:\/\/www.w3.org\/2000\/svg\" width=\"12\" height=\"12\" fill=\"none\" viewBox=\"0 0 12 12\">\n\t\t\t\t<path fill=\"#fff\" d=\"M2 0a2 2 0 0 0-2 2v2h1.5V2a.5.5 0 0 1 .5-.5h2V0H2Zm2 10.5H2a.5.5 0 0 1-.5-.5V8H0v2a2 2 0 0 0 2 2h2v-1.5ZM8 12v-1.5h2a.5.5 0 0 0 .5-.5V8H12v2a2 2 0 0 1-2 2H8Zm2-12a2 2 0 0 1 2 2v2h-1.5V2a.5.5 0 0 0-.5-.5H8V0h2Z\" \/>\n\t\t\t<\/svg>\n\t\t<\/button><figcaption class=\"wp-element-caption\">El maestro Alejandro Vargas (Colita)<\/figcaption><\/figure>\n\n\n\n<figure data-wp-context=\"{&quot;imageId&quot;:&quot;69edca1b9f2d7&quot;}\" data-wp-interactive=\"core\/image\" data-wp-key=\"69edca1b9f2d7\" class=\"wp-block-image size-full wp-lightbox-container\"><img loading=\"lazy\" decoding=\"async\" width=\"2048\" height=\"1365\" data-wp-class--hide=\"state.isContentHidden\" data-wp-class--show=\"state.isContentVisible\" data-wp-init=\"callbacks.setButtonStyles\" data-wp-on--click=\"actions.showLightbox\" data-wp-on--load=\"callbacks.setButtonStyles\" data-wp-on-window--resize=\"callbacks.setButtonStyles\" data-id=\"76744\" src=\"https:\/\/elmundodelosnegocios.com.do\/v1\/wp-content\/uploads\/2026\/03\/Gisela-Thomas-Nuria-Soriano-y-Maria-Dreyfus-Ulvert.jpg\" alt=\"\" class=\"wp-image-76744\" style=\"aspect-ratio:16\/9\" srcset=\"https:\/\/elmundodelosnegocios.com.do\/v1\/wp-content\/uploads\/2026\/03\/Gisela-Thomas-Nuria-Soriano-y-Maria-Dreyfus-Ulvert.jpg 2048w, https:\/\/elmundodelosnegocios.com.do\/v1\/wp-content\/uploads\/2026\/03\/Gisela-Thomas-Nuria-Soriano-y-Maria-Dreyfus-Ulvert-300x200.jpg 300w, https:\/\/elmundodelosnegocios.com.do\/v1\/wp-content\/uploads\/2026\/03\/Gisela-Thomas-Nuria-Soriano-y-Maria-Dreyfus-Ulvert-1024x683.jpg 1024w, https:\/\/elmundodelosnegocios.com.do\/v1\/wp-content\/uploads\/2026\/03\/Gisela-Thomas-Nuria-Soriano-y-Maria-Dreyfus-Ulvert-768x512.jpg 768w, https:\/\/elmundodelosnegocios.com.do\/v1\/wp-content\/uploads\/2026\/03\/Gisela-Thomas-Nuria-Soriano-y-Maria-Dreyfus-Ulvert-1536x1024.jpg 1536w\" sizes=\"auto, (max-width: 2048px) 100vw, 2048px\" \/><button\n\t\t\tclass=\"lightbox-trigger\"\n\t\t\ttype=\"button\"\n\t\t\taria-haspopup=\"dialog\"\n\t\t\taria-label=\"Agrandar\"\n\t\t\tdata-wp-init=\"callbacks.initTriggerButton\"\n\t\t\tdata-wp-on--click=\"actions.showLightbox\"\n\t\t\tdata-wp-style--right=\"state.imageButtonRight\"\n\t\t\tdata-wp-style--top=\"state.imageButtonTop\"\n\t\t>\n\t\t\t<svg xmlns=\"http:\/\/www.w3.org\/2000\/svg\" width=\"12\" height=\"12\" fill=\"none\" viewBox=\"0 0 12 12\">\n\t\t\t\t<path fill=\"#fff\" d=\"M2 0a2 2 0 0 0-2 2v2h1.5V2a.5.5 0 0 1 .5-.5h2V0H2Zm2 10.5H2a.5.5 0 0 1-.5-.5V8H0v2a2 2 0 0 0 2 2h2v-1.5ZM8 12v-1.5h2a.5.5 0 0 0 .5-.5V8H12v2a2 2 0 0 1-2 2H8Zm2-12a2 2 0 0 1 2 2v2h-1.5V2a.5.5 0 0 0-.5-.5H8V0h2Z\" \/>\n\t\t\t<\/svg>\n\t\t<\/button><figcaption class=\"wp-element-caption\">Gisela Thomas, Nuria Soriano y Maria Dreyfus-Ulvert<\/figcaption><\/figure>\n\n\n\n<figure data-wp-context=\"{&quot;imageId&quot;:&quot;69edca1b9f440&quot;}\" data-wp-interactive=\"core\/image\" data-wp-key=\"69edca1b9f440\" class=\"wp-block-image size-full wp-lightbox-container\"><img loading=\"lazy\" decoding=\"async\" width=\"2048\" height=\"1365\" data-wp-class--hide=\"state.isContentHidden\" data-wp-class--show=\"state.isContentVisible\" data-wp-init=\"callbacks.setButtonStyles\" data-wp-on--click=\"actions.showLightbox\" data-wp-on--load=\"callbacks.setButtonStyles\" data-wp-on-window--resize=\"callbacks.setButtonStyles\" data-id=\"76742\" src=\"https:\/\/elmundodelosnegocios.com.do\/v1\/wp-content\/uploads\/2026\/03\/Gustavo-Garagorry-y-Rafael-Gomez.jpg\" alt=\"\" class=\"wp-image-76742\" style=\"aspect-ratio:16\/9\" srcset=\"https:\/\/elmundodelosnegocios.com.do\/v1\/wp-content\/uploads\/2026\/03\/Gustavo-Garagorry-y-Rafael-Gomez.jpg 2048w, https:\/\/elmundodelosnegocios.com.do\/v1\/wp-content\/uploads\/2026\/03\/Gustavo-Garagorry-y-Rafael-Gomez-300x200.jpg 300w, https:\/\/elmundodelosnegocios.com.do\/v1\/wp-content\/uploads\/2026\/03\/Gustavo-Garagorry-y-Rafael-Gomez-1024x683.jpg 1024w, https:\/\/elmundodelosnegocios.com.do\/v1\/wp-content\/uploads\/2026\/03\/Gustavo-Garagorry-y-Rafael-Gomez-768x512.jpg 768w, https:\/\/elmundodelosnegocios.com.do\/v1\/wp-content\/uploads\/2026\/03\/Gustavo-Garagorry-y-Rafael-Gomez-1536x1024.jpg 1536w\" sizes=\"auto, (max-width: 2048px) 100vw, 2048px\" \/><button\n\t\t\tclass=\"lightbox-trigger\"\n\t\t\ttype=\"button\"\n\t\t\taria-haspopup=\"dialog\"\n\t\t\taria-label=\"Agrandar\"\n\t\t\tdata-wp-init=\"callbacks.initTriggerButton\"\n\t\t\tdata-wp-on--click=\"actions.showLightbox\"\n\t\t\tdata-wp-style--right=\"state.imageButtonRight\"\n\t\t\tdata-wp-style--top=\"state.imageButtonTop\"\n\t\t>\n\t\t\t<svg xmlns=\"http:\/\/www.w3.org\/2000\/svg\" width=\"12\" height=\"12\" fill=\"none\" viewBox=\"0 0 12 12\">\n\t\t\t\t<path fill=\"#fff\" d=\"M2 0a2 2 0 0 0-2 2v2h1.5V2a.5.5 0 0 1 .5-.5h2V0H2Zm2 10.5H2a.5.5 0 0 1-.5-.5V8H0v2a2 2 0 0 0 2 2h2v-1.5ZM8 12v-1.5h2a.5.5 0 0 0 .5-.5V8H12v2a2 2 0 0 1-2 2H8Zm2-12a2 2 0 0 1 2 2v2h-1.5V2a.5.5 0 0 0-.5-.5H8V0h2Z\" \/>\n\t\t\t<\/svg>\n\t\t<\/button><figcaption class=\"wp-element-caption\">Gustavo Garagorry, y Rafael Gomez<\/figcaption><\/figure>\n\n\n\n<figure data-wp-context=\"{&quot;imageId&quot;:&quot;69edca1b9f596&quot;}\" data-wp-interactive=\"core\/image\" data-wp-key=\"69edca1b9f596\" class=\"wp-block-image size-full wp-lightbox-container\"><img loading=\"lazy\" decoding=\"async\" width=\"2048\" height=\"1572\" data-wp-class--hide=\"state.isContentHidden\" data-wp-class--show=\"state.isContentVisible\" data-wp-init=\"callbacks.setButtonStyles\" data-wp-on--click=\"actions.showLightbox\" data-wp-on--load=\"callbacks.setButtonStyles\" data-wp-on-window--resize=\"callbacks.setButtonStyles\" data-id=\"76745\" src=\"https:\/\/elmundodelosnegocios.com.do\/v1\/wp-content\/uploads\/2026\/03\/Jose-Manana-Bryan-Pena-y-Luisa-Sanchez.jpg\" alt=\"\" class=\"wp-image-76745\" style=\"aspect-ratio:16\/9\" srcset=\"https:\/\/elmundodelosnegocios.com.do\/v1\/wp-content\/uploads\/2026\/03\/Jose-Manana-Bryan-Pena-y-Luisa-Sanchez.jpg 2048w, https:\/\/elmundodelosnegocios.com.do\/v1\/wp-content\/uploads\/2026\/03\/Jose-Manana-Bryan-Pena-y-Luisa-Sanchez-300x230.jpg 300w, https:\/\/elmundodelosnegocios.com.do\/v1\/wp-content\/uploads\/2026\/03\/Jose-Manana-Bryan-Pena-y-Luisa-Sanchez-1024x786.jpg 1024w, https:\/\/elmundodelosnegocios.com.do\/v1\/wp-content\/uploads\/2026\/03\/Jose-Manana-Bryan-Pena-y-Luisa-Sanchez-768x590.jpg 768w, https:\/\/elmundodelosnegocios.com.do\/v1\/wp-content\/uploads\/2026\/03\/Jose-Manana-Bryan-Pena-y-Luisa-Sanchez-1536x1179.jpg 1536w\" sizes=\"auto, (max-width: 2048px) 100vw, 2048px\" \/><button\n\t\t\tclass=\"lightbox-trigger\"\n\t\t\ttype=\"button\"\n\t\t\taria-haspopup=\"dialog\"\n\t\t\taria-label=\"Agrandar\"\n\t\t\tdata-wp-init=\"callbacks.initTriggerButton\"\n\t\t\tdata-wp-on--click=\"actions.showLightbox\"\n\t\t\tdata-wp-style--right=\"state.imageButtonRight\"\n\t\t\tdata-wp-style--top=\"state.imageButtonTop\"\n\t\t>\n\t\t\t<svg xmlns=\"http:\/\/www.w3.org\/2000\/svg\" width=\"12\" height=\"12\" fill=\"none\" viewBox=\"0 0 12 12\">\n\t\t\t\t<path fill=\"#fff\" d=\"M2 0a2 2 0 0 0-2 2v2h1.5V2a.5.5 0 0 1 .5-.5h2V0H2Zm2 10.5H2a.5.5 0 0 1-.5-.5V8H0v2a2 2 0 0 0 2 2h2v-1.5ZM8 12v-1.5h2a.5.5 0 0 0 .5-.5V8H12v2a2 2 0 0 1-2 2H8Zm2-12a2 2 0 0 1 2 2v2h-1.5V2a.5.5 0 0 0-.5-.5H8V0h2Z\" \/>\n\t\t\t<\/svg>\n\t\t<\/button><figcaption class=\"wp-element-caption\">Jose Ma\u00f1ana, Bryan Pena y Luisa S\u00e1nchez<\/figcaption><\/figure>\n\n\n\n<figure data-wp-context=\"{&quot;imageId&quot;:&quot;69edca1b9f6ff&quot;}\" data-wp-interactive=\"core\/image\" data-wp-key=\"69edca1b9f6ff\" class=\"wp-block-image size-full wp-lightbox-container\"><img loading=\"lazy\" decoding=\"async\" width=\"2048\" height=\"1636\" data-wp-class--hide=\"state.isContentHidden\" data-wp-class--show=\"state.isContentVisible\" data-wp-init=\"callbacks.setButtonStyles\" data-wp-on--click=\"actions.showLightbox\" data-wp-on--load=\"callbacks.setButtonStyles\" data-wp-on-window--resize=\"callbacks.setButtonStyles\" data-id=\"76753\" src=\"https:\/\/elmundodelosnegocios.com.do\/v1\/wp-content\/uploads\/2026\/03\/Mesa-Consulado-Dominicano-en-Miami-1.jpg\" alt=\"\" class=\"wp-image-76753\" style=\"aspect-ratio:16\/9\" srcset=\"https:\/\/elmundodelosnegocios.com.do\/v1\/wp-content\/uploads\/2026\/03\/Mesa-Consulado-Dominicano-en-Miami-1.jpg 2048w, https:\/\/elmundodelosnegocios.com.do\/v1\/wp-content\/uploads\/2026\/03\/Mesa-Consulado-Dominicano-en-Miami-1-300x240.jpg 300w, https:\/\/elmundodelosnegocios.com.do\/v1\/wp-content\/uploads\/2026\/03\/Mesa-Consulado-Dominicano-en-Miami-1-1024x818.jpg 1024w, https:\/\/elmundodelosnegocios.com.do\/v1\/wp-content\/uploads\/2026\/03\/Mesa-Consulado-Dominicano-en-Miami-1-768x614.jpg 768w, https:\/\/elmundodelosnegocios.com.do\/v1\/wp-content\/uploads\/2026\/03\/Mesa-Consulado-Dominicano-en-Miami-1-1536x1227.jpg 1536w\" sizes=\"auto, (max-width: 2048px) 100vw, 2048px\" \/><button\n\t\t\tclass=\"lightbox-trigger\"\n\t\t\ttype=\"button\"\n\t\t\taria-haspopup=\"dialog\"\n\t\t\taria-label=\"Agrandar\"\n\t\t\tdata-wp-init=\"callbacks.initTriggerButton\"\n\t\t\tdata-wp-on--click=\"actions.showLightbox\"\n\t\t\tdata-wp-style--right=\"state.imageButtonRight\"\n\t\t\tdata-wp-style--top=\"state.imageButtonTop\"\n\t\t>\n\t\t\t<svg xmlns=\"http:\/\/www.w3.org\/2000\/svg\" width=\"12\" height=\"12\" fill=\"none\" viewBox=\"0 0 12 12\">\n\t\t\t\t<path fill=\"#fff\" d=\"M2 0a2 2 0 0 0-2 2v2h1.5V2a.5.5 0 0 1 .5-.5h2V0H2Zm2 10.5H2a.5.5 0 0 1-.5-.5V8H0v2a2 2 0 0 0 2 2h2v-1.5ZM8 12v-1.5h2a.5.5 0 0 0 .5-.5V8H12v2a2 2 0 0 1-2 2H8Zm2-12a2 2 0 0 1 2 2v2h-1.5V2a.5.5 0 0 0-.5-.5H8V0h2Z\" \/>\n\t\t\t<\/svg>\n\t\t<\/button><figcaption class=\"wp-element-caption\">Mesa Consulado Dominicano en Miami<\/figcaption><\/figure>\n\n\n\n<figure data-wp-context=\"{&quot;imageId&quot;:&quot;69edca1b9f847&quot;}\" data-wp-interactive=\"core\/image\" data-wp-key=\"69edca1b9f847\" class=\"wp-block-image size-full wp-lightbox-container\"><img loading=\"lazy\" decoding=\"async\" width=\"2048\" height=\"1365\" data-wp-class--hide=\"state.isContentHidden\" data-wp-class--show=\"state.isContentVisible\" data-wp-init=\"callbacks.setButtonStyles\" data-wp-on--click=\"actions.showLightbox\" data-wp-on--load=\"callbacks.setButtonStyles\" data-wp-on-window--resize=\"callbacks.setButtonStyles\" data-id=\"76752\" src=\"https:\/\/elmundodelosnegocios.com.do\/v1\/wp-content\/uploads\/2026\/03\/Mesa-de-Ron-Barcelo-1.jpg\" alt=\"\" class=\"wp-image-76752\" style=\"aspect-ratio:16\/9\" srcset=\"https:\/\/elmundodelosnegocios.com.do\/v1\/wp-content\/uploads\/2026\/03\/Mesa-de-Ron-Barcelo-1.jpg 2048w, https:\/\/elmundodelosnegocios.com.do\/v1\/wp-content\/uploads\/2026\/03\/Mesa-de-Ron-Barcelo-1-300x200.jpg 300w, https:\/\/elmundodelosnegocios.com.do\/v1\/wp-content\/uploads\/2026\/03\/Mesa-de-Ron-Barcelo-1-1024x683.jpg 1024w, https:\/\/elmundodelosnegocios.com.do\/v1\/wp-content\/uploads\/2026\/03\/Mesa-de-Ron-Barcelo-1-768x512.jpg 768w, https:\/\/elmundodelosnegocios.com.do\/v1\/wp-content\/uploads\/2026\/03\/Mesa-de-Ron-Barcelo-1-1536x1024.jpg 1536w\" sizes=\"auto, (max-width: 2048px) 100vw, 2048px\" \/><button\n\t\t\tclass=\"lightbox-trigger\"\n\t\t\ttype=\"button\"\n\t\t\taria-haspopup=\"dialog\"\n\t\t\taria-label=\"Agrandar\"\n\t\t\tdata-wp-init=\"callbacks.initTriggerButton\"\n\t\t\tdata-wp-on--click=\"actions.showLightbox\"\n\t\t\tdata-wp-style--right=\"state.imageButtonRight\"\n\t\t\tdata-wp-style--top=\"state.imageButtonTop\"\n\t\t>\n\t\t\t<svg xmlns=\"http:\/\/www.w3.org\/2000\/svg\" width=\"12\" height=\"12\" fill=\"none\" viewBox=\"0 0 12 12\">\n\t\t\t\t<path fill=\"#fff\" d=\"M2 0a2 2 0 0 0-2 2v2h1.5V2a.5.5 0 0 1 .5-.5h2V0H2Zm2 10.5H2a.5.5 0 0 1-.5-.5V8H0v2a2 2 0 0 0 2 2h2v-1.5ZM8 12v-1.5h2a.5.5 0 0 0 .5-.5V8H12v2a2 2 0 0 1-2 2H8Zm2-12a2 2 0 0 1 2 2v2h-1.5V2a.5.5 0 0 0-.5-.5H8V0h2Z\" \/>\n\t\t\t<\/svg>\n\t\t<\/button><figcaption class=\"wp-element-caption\">Mesa de Ron Barcelo<\/figcaption><\/figure>\n\n\n\n<figure data-wp-context=\"{&quot;imageId&quot;:&quot;69edca1b9f99d&quot;}\" data-wp-interactive=\"core\/image\" data-wp-key=\"69edca1b9f99d\" class=\"wp-block-image size-full wp-lightbox-container\"><img loading=\"lazy\" decoding=\"async\" width=\"2048\" height=\"1365\" data-wp-class--hide=\"state.isContentHidden\" data-wp-class--show=\"state.isContentVisible\" data-wp-init=\"callbacks.setButtonStyles\" data-wp-on--click=\"actions.showLightbox\" data-wp-on--load=\"callbacks.setButtonStyles\" data-wp-on-window--resize=\"callbacks.setButtonStyles\" data-id=\"76754\" src=\"https:\/\/elmundodelosnegocios.com.do\/v1\/wp-content\/uploads\/2026\/03\/Mesa-de-The-Ballester-Business-Group-1.jpg\" alt=\"\" class=\"wp-image-76754\" style=\"aspect-ratio:16\/9\" srcset=\"https:\/\/elmundodelosnegocios.com.do\/v1\/wp-content\/uploads\/2026\/03\/Mesa-de-The-Ballester-Business-Group-1.jpg 2048w, https:\/\/elmundodelosnegocios.com.do\/v1\/wp-content\/uploads\/2026\/03\/Mesa-de-The-Ballester-Business-Group-1-300x200.jpg 300w, https:\/\/elmundodelosnegocios.com.do\/v1\/wp-content\/uploads\/2026\/03\/Mesa-de-The-Ballester-Business-Group-1-1024x683.jpg 1024w, https:\/\/elmundodelosnegocios.com.do\/v1\/wp-content\/uploads\/2026\/03\/Mesa-de-The-Ballester-Business-Group-1-768x512.jpg 768w, https:\/\/elmundodelosnegocios.com.do\/v1\/wp-content\/uploads\/2026\/03\/Mesa-de-The-Ballester-Business-Group-1-1536x1024.jpg 1536w\" sizes=\"auto, (max-width: 2048px) 100vw, 2048px\" \/><button\n\t\t\tclass=\"lightbox-trigger\"\n\t\t\ttype=\"button\"\n\t\t\taria-haspopup=\"dialog\"\n\t\t\taria-label=\"Agrandar\"\n\t\t\tdata-wp-init=\"callbacks.initTriggerButton\"\n\t\t\tdata-wp-on--click=\"actions.showLightbox\"\n\t\t\tdata-wp-style--right=\"state.imageButtonRight\"\n\t\t\tdata-wp-style--top=\"state.imageButtonTop\"\n\t\t>\n\t\t\t<svg xmlns=\"http:\/\/www.w3.org\/2000\/svg\" width=\"12\" height=\"12\" fill=\"none\" viewBox=\"0 0 12 12\">\n\t\t\t\t<path fill=\"#fff\" d=\"M2 0a2 2 0 0 0-2 2v2h1.5V2a.5.5 0 0 1 .5-.5h2V0H2Zm2 10.5H2a.5.5 0 0 1-.5-.5V8H0v2a2 2 0 0 0 2 2h2v-1.5ZM8 12v-1.5h2a.5.5 0 0 0 .5-.5V8H12v2a2 2 0 0 1-2 2H8Zm2-12a2 2 0 0 1 2 2v2h-1.5V2a.5.5 0 0 0-.5-.5H8V0h2Z\" \/>\n\t\t\t<\/svg>\n\t\t<\/button><figcaption class=\"wp-element-caption\">Mesa de The Ballester Business Group<\/figcaption><\/figure>\n\n\n\n<figure data-wp-context=\"{&quot;imageId&quot;:&quot;69edca1b9fb21&quot;}\" data-wp-interactive=\"core\/image\" data-wp-key=\"69edca1b9fb21\" class=\"wp-block-image size-full wp-lightbox-container\"><img loading=\"lazy\" decoding=\"async\" width=\"2048\" height=\"1365\" data-wp-class--hide=\"state.isContentHidden\" data-wp-class--show=\"state.isContentVisible\" data-wp-init=\"callbacks.setButtonStyles\" data-wp-on--click=\"actions.showLightbox\" data-wp-on--load=\"callbacks.setButtonStyles\" data-wp-on-window--resize=\"callbacks.setButtonStyles\" data-id=\"76756\" src=\"https:\/\/elmundodelosnegocios.com.do\/v1\/wp-content\/uploads\/2026\/03\/Mesa-promocional-de-empresaria-venezolana-1.jpg\" alt=\"\" class=\"wp-image-76756\" style=\"aspect-ratio:16\/9\" srcset=\"https:\/\/elmundodelosnegocios.com.do\/v1\/wp-content\/uploads\/2026\/03\/Mesa-promocional-de-empresaria-venezolana-1.jpg 2048w, https:\/\/elmundodelosnegocios.com.do\/v1\/wp-content\/uploads\/2026\/03\/Mesa-promocional-de-empresaria-venezolana-1-300x200.jpg 300w, https:\/\/elmundodelosnegocios.com.do\/v1\/wp-content\/uploads\/2026\/03\/Mesa-promocional-de-empresaria-venezolana-1-1024x683.jpg 1024w, https:\/\/elmundodelosnegocios.com.do\/v1\/wp-content\/uploads\/2026\/03\/Mesa-promocional-de-empresaria-venezolana-1-768x512.jpg 768w, https:\/\/elmundodelosnegocios.com.do\/v1\/wp-content\/uploads\/2026\/03\/Mesa-promocional-de-empresaria-venezolana-1-1536x1024.jpg 1536w\" sizes=\"auto, (max-width: 2048px) 100vw, 2048px\" \/><button\n\t\t\tclass=\"lightbox-trigger\"\n\t\t\ttype=\"button\"\n\t\t\taria-haspopup=\"dialog\"\n\t\t\taria-label=\"Agrandar\"\n\t\t\tdata-wp-init=\"callbacks.initTriggerButton\"\n\t\t\tdata-wp-on--click=\"actions.showLightbox\"\n\t\t\tdata-wp-style--right=\"state.imageButtonRight\"\n\t\t\tdata-wp-style--top=\"state.imageButtonTop\"\n\t\t>\n\t\t\t<svg xmlns=\"http:\/\/www.w3.org\/2000\/svg\" width=\"12\" height=\"12\" fill=\"none\" viewBox=\"0 0 12 12\">\n\t\t\t\t<path fill=\"#fff\" d=\"M2 0a2 2 0 0 0-2 2v2h1.5V2a.5.5 0 0 1 .5-.5h2V0H2Zm2 10.5H2a.5.5 0 0 1-.5-.5V8H0v2a2 2 0 0 0 2 2h2v-1.5ZM8 12v-1.5h2a.5.5 0 0 0 .5-.5V8H12v2a2 2 0 0 1-2 2H8Zm2-12a2 2 0 0 1 2 2v2h-1.5V2a.5.5 0 0 0-.5-.5H8V0h2Z\" \/>\n\t\t\t<\/svg>\n\t\t<\/button><figcaption class=\"wp-element-caption\">Mesa promocional de empresaria venezolana<\/figcaption><\/figure>\n\n\n\n<figure data-wp-context=\"{&quot;imageId&quot;:&quot;69edca1b9fcd9&quot;}\" data-wp-interactive=\"core\/image\" data-wp-key=\"69edca1b9fcd9\" class=\"wp-block-image size-full wp-lightbox-container\"><img loading=\"lazy\" decoding=\"async\" width=\"2048\" height=\"1365\" data-wp-class--hide=\"state.isContentHidden\" data-wp-class--show=\"state.isContentVisible\" data-wp-init=\"callbacks.setButtonStyles\" data-wp-on--click=\"actions.showLightbox\" data-wp-on--load=\"callbacks.setButtonStyles\" data-wp-on-window--resize=\"callbacks.setButtonStyles\" data-id=\"76755\" src=\"https:\/\/elmundodelosnegocios.com.do\/v1\/wp-content\/uploads\/2026\/03\/Parte-del-publico-asistente.jpg\" alt=\"\" class=\"wp-image-76755\" style=\"aspect-ratio:16\/9\" srcset=\"https:\/\/elmundodelosnegocios.com.do\/v1\/wp-content\/uploads\/2026\/03\/Parte-del-publico-asistente.jpg 2048w, https:\/\/elmundodelosnegocios.com.do\/v1\/wp-content\/uploads\/2026\/03\/Parte-del-publico-asistente-300x200.jpg 300w, https:\/\/elmundodelosnegocios.com.do\/v1\/wp-content\/uploads\/2026\/03\/Parte-del-publico-asistente-1024x683.jpg 1024w, https:\/\/elmundodelosnegocios.com.do\/v1\/wp-content\/uploads\/2026\/03\/Parte-del-publico-asistente-768x512.jpg 768w, https:\/\/elmundodelosnegocios.com.do\/v1\/wp-content\/uploads\/2026\/03\/Parte-del-publico-asistente-1536x1024.jpg 1536w\" sizes=\"auto, (max-width: 2048px) 100vw, 2048px\" \/><button\n\t\t\tclass=\"lightbox-trigger\"\n\t\t\ttype=\"button\"\n\t\t\taria-haspopup=\"dialog\"\n\t\t\taria-label=\"Agrandar\"\n\t\t\tdata-wp-init=\"callbacks.initTriggerButton\"\n\t\t\tdata-wp-on--click=\"actions.showLightbox\"\n\t\t\tdata-wp-style--right=\"state.imageButtonRight\"\n\t\t\tdata-wp-style--top=\"state.imageButtonTop\"\n\t\t>\n\t\t\t<svg xmlns=\"http:\/\/www.w3.org\/2000\/svg\" width=\"12\" height=\"12\" fill=\"none\" viewBox=\"0 0 12 12\">\n\t\t\t\t<path fill=\"#fff\" d=\"M2 0a2 2 0 0 0-2 2v2h1.5V2a.5.5 0 0 1 .5-.5h2V0H2Zm2 10.5H2a.5.5 0 0 1-.5-.5V8H0v2a2 2 0 0 0 2 2h2v-1.5ZM8 12v-1.5h2a.5.5 0 0 0 .5-.5V8H12v2a2 2 0 0 1-2 2H8Zm2-12a2 2 0 0 1 2 2v2h-1.5V2a.5.5 0 0 0-.5-.5H8V0h2Z\" \/>\n\t\t\t<\/svg>\n\t\t<\/button><figcaption class=\"wp-element-caption\">Parte del publico asistente<\/figcaption><\/figure>\n\n\n\n<figure data-wp-context=\"{&quot;imageId&quot;:&quot;69edca1b9fe4c&quot;}\" data-wp-interactive=\"core\/image\" data-wp-key=\"69edca1b9fe4c\" class=\"wp-block-image size-full wp-lightbox-container\"><img loading=\"lazy\" decoding=\"async\" width=\"2048\" height=\"1657\" data-wp-class--hide=\"state.isContentHidden\" data-wp-class--show=\"state.isContentVisible\" data-wp-init=\"callbacks.setButtonStyles\" data-wp-on--click=\"actions.showLightbox\" data-wp-on--load=\"callbacks.setButtonStyles\" data-wp-on-window--resize=\"callbacks.setButtonStyles\" data-id=\"76757\" src=\"https:\/\/elmundodelosnegocios.com.do\/v1\/wp-content\/uploads\/2026\/03\/Pedro-Diaz-Ballester.jpg\" alt=\"\" class=\"wp-image-76757\" style=\"aspect-ratio:16\/9\" srcset=\"https:\/\/elmundodelosnegocios.com.do\/v1\/wp-content\/uploads\/2026\/03\/Pedro-Diaz-Ballester.jpg 2048w, https:\/\/elmundodelosnegocios.com.do\/v1\/wp-content\/uploads\/2026\/03\/Pedro-Diaz-Ballester-300x243.jpg 300w, https:\/\/elmundodelosnegocios.com.do\/v1\/wp-content\/uploads\/2026\/03\/Pedro-Diaz-Ballester-1024x829.jpg 1024w, https:\/\/elmundodelosnegocios.com.do\/v1\/wp-content\/uploads\/2026\/03\/Pedro-Diaz-Ballester-768x621.jpg 768w, https:\/\/elmundodelosnegocios.com.do\/v1\/wp-content\/uploads\/2026\/03\/Pedro-Diaz-Ballester-1536x1243.jpg 1536w\" sizes=\"auto, (max-width: 2048px) 100vw, 2048px\" \/><button\n\t\t\tclass=\"lightbox-trigger\"\n\t\t\ttype=\"button\"\n\t\t\taria-haspopup=\"dialog\"\n\t\t\taria-label=\"Agrandar\"\n\t\t\tdata-wp-init=\"callbacks.initTriggerButton\"\n\t\t\tdata-wp-on--click=\"actions.showLightbox\"\n\t\t\tdata-wp-style--right=\"state.imageButtonRight\"\n\t\t\tdata-wp-style--top=\"state.imageButtonTop\"\n\t\t>\n\t\t\t<svg xmlns=\"http:\/\/www.w3.org\/2000\/svg\" width=\"12\" height=\"12\" fill=\"none\" viewBox=\"0 0 12 12\">\n\t\t\t\t<path fill=\"#fff\" d=\"M2 0a2 2 0 0 0-2 2v2h1.5V2a.5.5 0 0 1 .5-.5h2V0H2Zm2 10.5H2a.5.5 0 0 1-.5-.5V8H0v2a2 2 0 0 0 2 2h2v-1.5ZM8 12v-1.5h2a.5.5 0 0 0 .5-.5V8H12v2a2 2 0 0 1-2 2H8Zm2-12a2 2 0 0 1 2 2v2h-1.5V2a.5.5 0 0 0-.5-.5H8V0h2Z\" \/>\n\t\t\t<\/svg>\n\t\t<\/button><figcaption class=\"wp-element-caption\">Pedro Diaz Ballester<\/figcaption><\/figure>\n\n\n\n<figure data-wp-context=\"{&quot;imageId&quot;:&quot;69edca1b9ffa0&quot;}\" data-wp-interactive=\"core\/image\" data-wp-key=\"69edca1b9ffa0\" class=\"wp-block-image size-full wp-lightbox-container\"><img loading=\"lazy\" decoding=\"async\" width=\"2048\" height=\"1365\" data-wp-class--hide=\"state.isContentHidden\" data-wp-class--show=\"state.isContentVisible\" data-wp-init=\"callbacks.setButtonStyles\" data-wp-on--click=\"actions.showLightbox\" data-wp-on--load=\"callbacks.setButtonStyles\" data-wp-on-window--resize=\"callbacks.setButtonStyles\" data-id=\"76751\" src=\"https:\/\/elmundodelosnegocios.com.do\/v1\/wp-content\/uploads\/2026\/03\/Richard-Montilla-y-Tatiana-Paez.jpg\" alt=\"\" class=\"wp-image-76751\" style=\"aspect-ratio:16\/9\" srcset=\"https:\/\/elmundodelosnegocios.com.do\/v1\/wp-content\/uploads\/2026\/03\/Richard-Montilla-y-Tatiana-Paez.jpg 2048w, https:\/\/elmundodelosnegocios.com.do\/v1\/wp-content\/uploads\/2026\/03\/Richard-Montilla-y-Tatiana-Paez-300x200.jpg 300w, https:\/\/elmundodelosnegocios.com.do\/v1\/wp-content\/uploads\/2026\/03\/Richard-Montilla-y-Tatiana-Paez-1024x683.jpg 1024w, https:\/\/elmundodelosnegocios.com.do\/v1\/wp-content\/uploads\/2026\/03\/Richard-Montilla-y-Tatiana-Paez-768x512.jpg 768w, https:\/\/elmundodelosnegocios.com.do\/v1\/wp-content\/uploads\/2026\/03\/Richard-Montilla-y-Tatiana-Paez-1536x1024.jpg 1536w\" sizes=\"auto, (max-width: 2048px) 100vw, 2048px\" \/><button\n\t\t\tclass=\"lightbox-trigger\"\n\t\t\ttype=\"button\"\n\t\t\taria-haspopup=\"dialog\"\n\t\t\taria-label=\"Agrandar\"\n\t\t\tdata-wp-init=\"callbacks.initTriggerButton\"\n\t\t\tdata-wp-on--click=\"actions.showLightbox\"\n\t\t\tdata-wp-style--right=\"state.imageButtonRight\"\n\t\t\tdata-wp-style--top=\"state.imageButtonTop\"\n\t\t>\n\t\t\t<svg xmlns=\"http:\/\/www.w3.org\/2000\/svg\" width=\"12\" height=\"12\" fill=\"none\" viewBox=\"0 0 12 12\">\n\t\t\t\t<path fill=\"#fff\" d=\"M2 0a2 2 0 0 0-2 2v2h1.5V2a.5.5 0 0 1 .5-.5h2V0H2Zm2 10.5H2a.5.5 0 0 1-.5-.5V8H0v2a2 2 0 0 0 2 2h2v-1.5ZM8 12v-1.5h2a.5.5 0 0 0 .5-.5V8H12v2a2 2 0 0 1-2 2H8Zm2-12a2 2 0 0 1 2 2v2h-1.5V2a.5.5 0 0 0-.5-.5H8V0h2Z\" \/>\n\t\t\t<\/svg>\n\t\t<\/button><figcaption class=\"wp-element-caption\">Richard Montilla y Tatiana Paez<\/figcaption><\/figure>\n\n\n\n<figure class=\"wp-block-image size-full\"><img loading=\"lazy\" decoding=\"async\" width=\"2048\" height=\"1365\" data-id=\"76746\" src=\"https:\/\/elmundodelosnegocios.com.do\/v1\/wp-content\/uploads\/2026\/03\/IMG-20260303-WA0041.jpg\" alt=\"\" class=\"wp-image-76746\" style=\"aspect-ratio:16\/9\" srcset=\"https:\/\/elmundodelosnegocios.com.do\/v1\/wp-content\/uploads\/2026\/03\/IMG-20260303-WA0041.jpg 2048w, https:\/\/elmundodelosnegocios.com.do\/v1\/wp-content\/uploads\/2026\/03\/IMG-20260303-WA0041-300x200.jpg 300w, https:\/\/elmundodelosnegocios.com.do\/v1\/wp-content\/uploads\/2026\/03\/IMG-20260303-WA0041-1024x683.jpg 1024w, https:\/\/elmundodelosnegocios.com.do\/v1\/wp-content\/uploads\/2026\/03\/IMG-20260303-WA0041-768x512.jpg 768w, https:\/\/elmundodelosnegocios.com.do\/v1\/wp-content\/uploads\/2026\/03\/IMG-20260303-WA0041-1536x1024.jpg 1536w\" sizes=\"auto, (max-width: 2048px) 100vw, 2048px\" \/><\/figure>\n<\/figure>\n\n\n\n<p><em>Fotograf\u00edas: Ram\u00f3n Morillo<\/em><\/p>\n","protected":false},"excerpt":{"rendered":"<p>Miami,&nbsp;Florida, 2026.-La C\u00e1mara Internacional Dominicana de Negocios &amp; Turismo&nbsp;(Dominican International Business &amp; Tourism Chamber, Inc.), el Instituto de Dominicanos y Dominicanas en el Exterior (INDEX)&nbsp;y el Consulado General de la&hellip; <\/p>\n","protected":false},"author":2,"featured_media":76735,"comment_status":"closed","ping_status":"closed","sticky":false,"template":"","format":"standard","meta":{"fifu_image_url":"https:\/\/elmundodelosnegocios.com.do\/v1\/wp-content\/uploads\/2026\/03\/01.jpeg","fifu_image_alt":"","footnotes":""},"categories":[83],"tags":[],"class_list":["post-76726","post","type-post","status-publish","format-standard","has-post-thumbnail","hentry","category-empresariales-empresariales"],"_links":{"self":[{"href":"https:\/\/elmundodelosnegocios.com.do\/v1\/wp-json\/wp\/v2\/posts\/76726","targetHints":{"allow":["GET"]}}],"collection":[{"href":"https:\/\/elmundodelosnegocios.com.do\/v1\/wp-json\/wp\/v2\/posts"}],"about":[{"href":"https:\/\/elmundodelosnegocios.com.do\/v1\/wp-json\/wp\/v2\/types\/post"}],"author":[{"embeddable":true,"href":"https:\/\/elmundodelosnegocios.com.do\/v1\/wp-json\/wp\/v2\/users\/2"}],"replies":[{"embeddable":true,"href":"https:\/\/elmundodelosnegocios.com.do\/v1\/wp-json\/wp\/v2\/comments?post=76726"}],"version-history":[{"count":7,"href":"https:\/\/elmundodelosnegocios.com.do\/v1\/wp-json\/wp\/v2\/posts\/76726\/revisions"}],"predecessor-version":[{"id":76764,"href":"https:\/\/elmundodelosnegocios.com.do\/v1\/wp-json\/wp\/v2\/posts\/76726\/revisions\/76764"}],"wp:featuredmedia":[{"embeddable":true,"href":"https:\/\/elmundodelosnegocios.com.do\/v1\/wp-json\/wp\/v2\/media\/76735"}],"wp:attachment":[{"href":"https:\/\/elmundodelosnegocios.com.do\/v1\/wp-json\/wp\/v2\/media?parent=76726"}],"wp:term":[{"taxonomy":"category","embeddable":true,"href":"https:\/\/elmundodelosnegocios.com.do\/v1\/wp-json\/wp\/v2\/categories?post=76726"},{"taxonomy":"post_tag","embeddable":true,"href":"https:\/\/elmundodelosnegocios.com.do\/v1\/wp-json\/wp\/v2\/tags?post=76726"}],"curies":[{"name":"wp","href":"https:\/\/api.w.org\/{rel}","templated":true}]}}