{"id":76789,"date":"2026-04-01T09:02:54","date_gmt":"2026-04-01T13:32:54","guid":{"rendered":"https:\/\/elmundodelosnegocios.com.do\/v1\/?p=76789"},"modified":"2026-04-01T09:02:55","modified_gmt":"2026-04-01T13:32:55","slug":"inaugura-fundacion-popular-acueducto-en-comunidad-pasatiempo","status":"publish","type":"post","link":"https:\/\/elmundodelosnegocios.com.do\/v1\/inaugura-fundacion-popular-acueducto-en-comunidad-pasatiempo\/","title":{"rendered":"Inaugura Fundaci\u00f3n Popular acueducto en comunidad Pasatiempo"},"content":{"rendered":"\n<p>San Juan de la Maguana, R.D.- La Fundaci\u00f3n Popular y la Fundaci\u00f3n de Desarrollo Azua, San Juan y El\u00edas Pi\u00f1a (FUNDASEP) inauguraron un acueducto comunitario, una obra que marca un hito hist\u00f3rico para las comunidades de Pasatiempo Arriba, al Medio y Debajo de la provincia San Juan, donde 190 familias reciben por primera vez agua potable directamente en sus hogares, mejorando de manera inmediata su salud, bienestar y oportunidades de desarrollo.<\/p>\n\n\n<div class=\"wp-block-image\">\n<figure data-wp-context=\"{&quot;imageId&quot;:&quot;69edc7ec71d37&quot;}\" data-wp-interactive=\"core\/image\" data-wp-key=\"69edc7ec71d37\" class=\"aligncenter size-large wp-lightbox-container\"><img loading=\"lazy\" decoding=\"async\" width=\"1024\" height=\"682\" data-wp-class--hide=\"state.isContentHidden\" data-wp-class--show=\"state.isContentVisible\" data-wp-init=\"callbacks.setButtonStyles\" data-wp-on--click=\"actions.showLightbox\" data-wp-on--load=\"callbacks.setButtonStyles\" data-wp-on-window--resize=\"callbacks.setButtonStyles\" src=\"https:\/\/elmundodelosnegocios.com.do\/v1\/wp-content\/uploads\/2026\/04\/DSC3207-1024x682.jpg\" alt=\"\" class=\"wp-image-76790\" srcset=\"https:\/\/elmundodelosnegocios.com.do\/v1\/wp-content\/uploads\/2026\/04\/DSC3207-1024x682.jpg 1024w, https:\/\/elmundodelosnegocios.com.do\/v1\/wp-content\/uploads\/2026\/04\/DSC3207-300x200.jpg 300w, https:\/\/elmundodelosnegocios.com.do\/v1\/wp-content\/uploads\/2026\/04\/DSC3207-768x512.jpg 768w, https:\/\/elmundodelosnegocios.com.do\/v1\/wp-content\/uploads\/2026\/04\/DSC3207.jpg 1100w\" sizes=\"auto, (max-width: 1024px) 100vw, 1024px\" \/><button\n\t\t\tclass=\"lightbox-trigger\"\n\t\t\ttype=\"button\"\n\t\t\taria-haspopup=\"dialog\"\n\t\t\taria-label=\"Agrandar\"\n\t\t\tdata-wp-init=\"callbacks.initTriggerButton\"\n\t\t\tdata-wp-on--click=\"actions.showLightbox\"\n\t\t\tdata-wp-style--right=\"state.imageButtonRight\"\n\t\t\tdata-wp-style--top=\"state.imageButtonTop\"\n\t\t>\n\t\t\t<svg xmlns=\"http:\/\/www.w3.org\/2000\/svg\" width=\"12\" height=\"12\" fill=\"none\" viewBox=\"0 0 12 12\">\n\t\t\t\t<path fill=\"#fff\" d=\"M2 0a2 2 0 0 0-2 2v2h1.5V2a.5.5 0 0 1 .5-.5h2V0H2Zm2 10.5H2a.5.5 0 0 1-.5-.5V8H0v2a2 2 0 0 0 2 2h2v-1.5ZM8 12v-1.5h2a.5.5 0 0 0 .5-.5V8H12v2a2 2 0 0 1-2 2H8Zm2-12a2 2 0 0 1 2 2v2h-1.5V2a.5.5 0 0 0-.5-.5H8V0h2Z\" \/>\n\t\t\t<\/svg>\n\t\t<\/button><\/figure>\n<\/div>\n\n\n<p>La Fundaci\u00f3n Popular acompa\u00f1\u00f3 el desarrollo del acueducto mediante la donaci\u00f3n de materiales de construcci\u00f3n y el fortalecimiento de las capacidades del comit\u00e9 de agua en temas de presupuesto, ahorro y rendici\u00f3n de cuentas, con el fin de asegurar la sostenibilidad del sistema a largo plazo.<\/p>\n\n\n\n<p>Asimismo, el voluntariado del Banco Popular Dominicano realiz\u00f3 labores previas a la inauguraci\u00f3n, participando en la pintura del tanque y del filtro del sistema, contribuyendo al acondicionamiento final de la obra y reafirmando el compromiso de servicio de la instituci\u00f3n.<\/p>\n\n\n\n<p><strong>Motor indispensable para el desarrollo<\/strong><\/p>\n\n\n\n<p>El acto de inauguraci\u00f3n cont\u00f3 con la asistencia de monse\u00f1or Tom\u00e1s Alejo Concepci\u00f3n, obispo de la Di\u00f3cesis de San Juan de la Maguana; el sacerdote Miguel Seis, presidente de FUNDASEP, y los se\u00f1ores Severin Carminati, gerente del Departamento de Medioambiente y Cambio Clim\u00e1tico de la Fundaci\u00f3n Popular, y David Caama\u00f1o, director provincial del Instituto Nacional de Agua Potable y Alcantarillados (INAPA).<\/p>\n\n\n\n<p>Durante el evento se explic\u00f3 el funcionamiento del sistema construido y se felicit\u00f3 a la comunidad por su capacidad de organizaci\u00f3n y su modelo de gesti\u00f3n colaborativa, que hoy se consolida con la entrega de los reglamentos internos y la conformaci\u00f3n formal del Comit\u00e9 Comunitario de Agua.<\/p>\n\n\n\n<p>En la ceremonia, se destac\u00f3 que el acceso al agua potable es un pilar esencial para el desarrollo econ\u00f3mico y social, reduce enfermedades, mejora el rendimiento escolar, libera tiempo para el trabajo y el estudio, especialmente para mujeres y j\u00f3venes, y permite a las familias planificar un futuro con mayor estabilidad.<\/p>\n\n\n\n<p>En tanto, el acto concluy\u00f3 con la bendici\u00f3n del sistema y un brindis comunitario que celebr\u00f3 la inauguraci\u00f3n del acueducto y el compromiso de continuar fortaleciendo su gesti\u00f3n como un bien com\u00fan que impulsa la dignidad y las oportunidades de toda la comunidad.<\/p>\n","protected":false},"excerpt":{"rendered":"<p>San Juan de la Maguana, R.D.- La Fundaci\u00f3n Popular y la Fundaci\u00f3n de Desarrollo Azua, San Juan y El\u00edas Pi\u00f1a (FUNDASEP) inauguraron un acueducto comunitario, una obra que marca un&hellip; <\/p>\n","protected":false},"author":2,"featured_media":76792,"comment_status":"closed","ping_status":"closed","sticky":false,"template":"","format":"standard","meta":{"fifu_image_url":"https:\/\/elmundodelosnegocios.com.do\/v1\/wp-content\/uploads\/2026\/04\/DSC3207.jpg","fifu_image_alt":"","footnotes":""},"categories":[78],"tags":[],"class_list":["post-76789","post","type-post","status-publish","format-standard","has-post-thumbnail","hentry","category-con-responsabilidad"],"_links":{"self":[{"href":"https:\/\/elmundodelosnegocios.com.do\/v1\/wp-json\/wp\/v2\/posts\/76789","targetHints":{"allow":["GET"]}}],"collection":[{"href":"https:\/\/elmundodelosnegocios.com.do\/v1\/wp-json\/wp\/v2\/posts"}],"about":[{"href":"https:\/\/elmundodelosnegocios.com.do\/v1\/wp-json\/wp\/v2\/types\/post"}],"author":[{"embeddable":true,"href":"https:\/\/elmundodelosnegocios.com.do\/v1\/wp-json\/wp\/v2\/users\/2"}],"replies":[{"embeddable":true,"href":"https:\/\/elmundodelosnegocios.com.do\/v1\/wp-json\/wp\/v2\/comments?post=76789"}],"version-history":[{"count":1,"href":"https:\/\/elmundodelosnegocios.com.do\/v1\/wp-json\/wp\/v2\/posts\/76789\/revisions"}],"predecessor-version":[{"id":76791,"href":"https:\/\/elmundodelosnegocios.com.do\/v1\/wp-json\/wp\/v2\/posts\/76789\/revisions\/76791"}],"wp:featuredmedia":[{"embeddable":true,"href":"https:\/\/elmundodelosnegocios.com.do\/v1\/wp-json\/wp\/v2\/media\/76792"}],"wp:attachment":[{"href":"https:\/\/elmundodelosnegocios.com.do\/v1\/wp-json\/wp\/v2\/media?parent=76789"}],"wp:term":[{"taxonomy":"category","embeddable":true,"href":"https:\/\/elmundodelosnegocios.com.do\/v1\/wp-json\/wp\/v2\/categories?post=76789"},{"taxonomy":"post_tag","embeddable":true,"href":"https:\/\/elmundodelosnegocios.com.do\/v1\/wp-json\/wp\/v2\/tags?post=76789"}],"curies":[{"name":"wp","href":"https:\/\/api.w.org\/{rel}","templated":true}]}}