{"id":76844,"date":"2026-04-01T10:55:27","date_gmt":"2026-04-01T15:25:27","guid":{"rendered":"https:\/\/elmundodelosnegocios.com.do\/v1\/?p=76844"},"modified":"2026-04-01T10:55:28","modified_gmt":"2026-04-01T15:25:28","slug":"reune-banco-santa-cruz-mas-380-lideres-en-reunion-anual-gerentes","status":"publish","type":"post","link":"https:\/\/elmundodelosnegocios.com.do\/v1\/reune-banco-santa-cruz-mas-380-lideres-en-reunion-anual-gerentes\/","title":{"rendered":"Reune Banco Santa Cruz m\u00e1s 380 l\u00edderes en Reuni\u00f3n Anual Gerentes"},"content":{"rendered":"\n<p><strong>Santo Domingo, R.D.-<\/strong>&nbsp;Con el objetivo de fortalecer la conexi\u00f3n entre sus l\u00edderes y activar una cultura organizacional m\u00e1s \u00e1gil para responder a los desaf\u00edos del entorno, Banco Santa Cruz celebr\u00f3 su Reuni\u00f3n Anual de Gerentes 2026, un encuentro que reuni\u00f3 a m\u00e1s de 380 l\u00edderes de la organizaci\u00f3n bajo el concepto \u201cConexi\u00f3n lograda, agilidad activada\u201d.<\/p>\n\n\n<div class=\"wp-block-image\">\n<figure data-wp-context=\"{&quot;imageId&quot;:&quot;69ec90f362e4f&quot;}\" data-wp-interactive=\"core\/image\" data-wp-key=\"69ec90f362e4f\" class=\"aligncenter size-large wp-lightbox-container\"><img loading=\"lazy\" decoding=\"async\" width=\"1024\" height=\"624\" data-wp-class--hide=\"state.isContentHidden\" data-wp-class--show=\"state.isContentVisible\" data-wp-init=\"callbacks.setButtonStyles\" data-wp-on--click=\"actions.showLightbox\" data-wp-on--load=\"callbacks.setButtonStyles\" data-wp-on-window--resize=\"callbacks.setButtonStyles\" src=\"https:\/\/elmundodelosnegocios.com.do\/v1\/wp-content\/uploads\/2026\/04\/Fausto-Pimentel-presidente-ejecutivo-Banco-Santa-Cruz-1024x624.jpg\" alt=\"Fausto Pimentel, presidente ejecutivo Banco Santa Cruz.\" class=\"wp-image-76845\" srcset=\"https:\/\/elmundodelosnegocios.com.do\/v1\/wp-content\/uploads\/2026\/04\/Fausto-Pimentel-presidente-ejecutivo-Banco-Santa-Cruz-1024x624.jpg 1024w, https:\/\/elmundodelosnegocios.com.do\/v1\/wp-content\/uploads\/2026\/04\/Fausto-Pimentel-presidente-ejecutivo-Banco-Santa-Cruz-300x183.jpg 300w, https:\/\/elmundodelosnegocios.com.do\/v1\/wp-content\/uploads\/2026\/04\/Fausto-Pimentel-presidente-ejecutivo-Banco-Santa-Cruz-768x468.jpg 768w, https:\/\/elmundodelosnegocios.com.do\/v1\/wp-content\/uploads\/2026\/04\/Fausto-Pimentel-presidente-ejecutivo-Banco-Santa-Cruz-1536x936.jpg 1536w, https:\/\/elmundodelosnegocios.com.do\/v1\/wp-content\/uploads\/2026\/04\/Fausto-Pimentel-presidente-ejecutivo-Banco-Santa-Cruz.jpg 1890w\" sizes=\"auto, (max-width: 1024px) 100vw, 1024px\" \/><button\n\t\t\tclass=\"lightbox-trigger\"\n\t\t\ttype=\"button\"\n\t\t\taria-haspopup=\"dialog\"\n\t\t\taria-label=\"Agrandar\"\n\t\t\tdata-wp-init=\"callbacks.initTriggerButton\"\n\t\t\tdata-wp-on--click=\"actions.showLightbox\"\n\t\t\tdata-wp-style--right=\"state.imageButtonRight\"\n\t\t\tdata-wp-style--top=\"state.imageButtonTop\"\n\t\t>\n\t\t\t<svg xmlns=\"http:\/\/www.w3.org\/2000\/svg\" width=\"12\" height=\"12\" fill=\"none\" viewBox=\"0 0 12 12\">\n\t\t\t\t<path fill=\"#fff\" d=\"M2 0a2 2 0 0 0-2 2v2h1.5V2a.5.5 0 0 1 .5-.5h2V0H2Zm2 10.5H2a.5.5 0 0 1-.5-.5V8H0v2a2 2 0 0 0 2 2h2v-1.5ZM8 12v-1.5h2a.5.5 0 0 0 .5-.5V8H12v2a2 2 0 0 1-2 2H8Zm2-12a2 2 0 0 1 2 2v2h-1.5V2a.5.5 0 0 0-.5-.5H8V0h2Z\" \/>\n\t\t\t<\/svg>\n\t\t<\/button><figcaption class=\"wp-element-caption\">Fausto Pimentel, presidente ejecutivo Banco Santa Cruz.<\/figcaption><\/figure>\n<\/div>\n\n\n<p>El evento se consolid\u00f3 como un espacio estrat\u00e9gico para compartir los principales logros&nbsp;del&nbsp;\u00faltimo a\u00f1o, alinear la visi\u00f3n institucional y reforzar el compromiso del liderazgo con las prioridades que guiar\u00e1n el crecimiento de la organizaci\u00f3n.<\/p>\n\n\n\n<p>Fausto Pimentel, presidente ejecutivo, comparti\u00f3 con los asistentes la visi\u00f3n estrat\u00e9gica de la instituci\u00f3n y los principales hitos que han marcado su evoluci\u00f3n, resaltando el papel del liderazgo para conectar la estrategia con la ejecuci\u00f3n y continuar generando valor para los clientes.<\/p>\n\n\n\n<p>Asimismo, Maripily Peralta, vicepresidenta senior de Experiencia Colaborador, destac\u00f3 la importancia de fortalecer la conexi\u00f3n entre los equipos&nbsp;e&nbsp;impulsar una cultura que permita a la organizaci\u00f3n responder con mayor rapidez y efectividad a los cambios del entorno.<\/p>\n\n\n\n<p>De su lado, Eduardo Marrero, vicepresidente senior de Banca Empresa,&nbsp;y Rafael Jiminian, vicepresidente ejecutivo de Banca Persona, presentaron las perspectivas y planes de negocio para el 2026 en los principales segmentos del banco.&nbsp; Adem\u00e1s, las oportunidades de crecimiento en el sector empresarial y la visi\u00f3n&nbsp;de&nbsp;seguir impulsando soluciones financieras centradas en el cliente.<\/p>\n\n\n\n<p>Durante el evento, se&nbsp;reconoci\u00f3&nbsp;a colaboradores y equipos que se destacaron por su desempe\u00f1o y contribuci\u00f3n a los resultados de la organizaci\u00f3n, reafirmando el compromiso de la instituci\u00f3n con el desarrollo del talento y el reconocimiento del liderazgo interno.<\/p>\n\n\n\n<p>La jornada culmin\u00f3 con la conferencia internacional \u201cAgilidad Activada: Liderar cuando cada segundo cuenta\u201d, impartida por el reconocido conferencista Julio Zelaya, quien comparti\u00f3 reflexiones sobre el rol del liderazgo en contextos de cambio y la importancia de actuar con rapidez, claridad y prop\u00f3sito para responder a entornos cada vez m\u00e1s din\u00e1micos.<\/p>\n\n\n\n<p>La Reuni\u00f3n Anual de Gerentes constituye uno de los espacios de alineaci\u00f3n estrat\u00e9gica m\u00e1s relevantes para Banco Santa Cruz, al permitir fortalecer la conexi\u00f3n entre la estrategia, los negocios y las personas que impulsan el crecimiento de la organizaci\u00f3n.<\/p>\n","protected":false},"excerpt":{"rendered":"<p>Santo Domingo, R.D.-&nbsp;Con el objetivo de fortalecer la conexi\u00f3n entre sus l\u00edderes y activar una cultura organizacional m\u00e1s \u00e1gil para responder a los desaf\u00edos del entorno, Banco Santa Cruz celebr\u00f3&hellip; <\/p>\n","protected":false},"author":2,"featured_media":76847,"comment_status":"closed","ping_status":"closed","sticky":false,"template":"","format":"standard","meta":{"fifu_image_url":"https:\/\/elmundodelosnegocios.com.do\/v1\/wp-content\/uploads\/2026\/04\/Fausto-Pimentel-presidente-ejecutivo-Banco-Santa-Cruz.jpg","fifu_image_alt":"","footnotes":""},"categories":[151],"tags":[],"class_list":["post-76844","post","type-post","status-publish","format-standard","has-post-thumbnail","hentry","category-gerencia"],"_links":{"self":[{"href":"https:\/\/elmundodelosnegocios.com.do\/v1\/wp-json\/wp\/v2\/posts\/76844","targetHints":{"allow":["GET"]}}],"collection":[{"href":"https:\/\/elmundodelosnegocios.com.do\/v1\/wp-json\/wp\/v2\/posts"}],"about":[{"href":"https:\/\/elmundodelosnegocios.com.do\/v1\/wp-json\/wp\/v2\/types\/post"}],"author":[{"embeddable":true,"href":"https:\/\/elmundodelosnegocios.com.do\/v1\/wp-json\/wp\/v2\/users\/2"}],"replies":[{"embeddable":true,"href":"https:\/\/elmundodelosnegocios.com.do\/v1\/wp-json\/wp\/v2\/comments?post=76844"}],"version-history":[{"count":1,"href":"https:\/\/elmundodelosnegocios.com.do\/v1\/wp-json\/wp\/v2\/posts\/76844\/revisions"}],"predecessor-version":[{"id":76846,"href":"https:\/\/elmundodelosnegocios.com.do\/v1\/wp-json\/wp\/v2\/posts\/76844\/revisions\/76846"}],"wp:featuredmedia":[{"embeddable":true,"href":"https:\/\/elmundodelosnegocios.com.do\/v1\/wp-json\/wp\/v2\/media\/76847"}],"wp:attachment":[{"href":"https:\/\/elmundodelosnegocios.com.do\/v1\/wp-json\/wp\/v2\/media?parent=76844"}],"wp:term":[{"taxonomy":"category","embeddable":true,"href":"https:\/\/elmundodelosnegocios.com.do\/v1\/wp-json\/wp\/v2\/categories?post=76844"},{"taxonomy":"post_tag","embeddable":true,"href":"https:\/\/elmundodelosnegocios.com.do\/v1\/wp-json\/wp\/v2\/tags?post=76844"}],"curies":[{"name":"wp","href":"https:\/\/api.w.org\/{rel}","templated":true}]}}