{"id":76868,"date":"2026-04-01T11:13:53","date_gmt":"2026-04-01T15:43:53","guid":{"rendered":"https:\/\/elmundodelosnegocios.com.do\/v1\/?p=76868"},"modified":"2026-04-01T11:13:54","modified_gmt":"2026-04-01T15:43:54","slug":"fortaleced-pernod-ricard-modelo-regional-y-anuncia-evolucion-organizacional-en-dominicana","status":"publish","type":"post","link":"https:\/\/elmundodelosnegocios.com.do\/v1\/fortaleced-pernod-ricard-modelo-regional-y-anuncia-evolucion-organizacional-en-dominicana\/","title":{"rendered":"Fortaleced Pernod Ricard modelo regional y anuncia evoluci\u00f3n organizacional en Dominicana"},"content":{"rendered":"\n<p><strong>Santo Domingo. &#8211;&nbsp;<\/strong>Pernod Ricard anunci\u00f3 una evoluci\u00f3n en su estructura organizacional en la Rep\u00fablica Dominicana, iniciando una transici\u00f3n hacia una estructura regional m\u00e1s robusta, con la designaci\u00f3n de Dayra Acosta como Head Comercial y Trade Marketing, bajo el liderazgo de Jos\u00e9 Orellana, Director Comercial para Centroam\u00e9rica y el Caribe.<\/p>\n\n\n<div class=\"wp-block-image\">\n<figure data-wp-context=\"{&quot;imageId&quot;:&quot;69ec7b1d443a7&quot;}\" data-wp-interactive=\"core\/image\" data-wp-key=\"69ec7b1d443a7\" class=\"aligncenter size-large wp-lightbox-container\"><img loading=\"lazy\" decoding=\"async\" width=\"1024\" height=\"576\" data-wp-class--hide=\"state.isContentHidden\" data-wp-class--show=\"state.isContentVisible\" data-wp-init=\"callbacks.setButtonStyles\" data-wp-on--click=\"actions.showLightbox\" data-wp-on--load=\"callbacks.setButtonStyles\" data-wp-on-window--resize=\"callbacks.setButtonStyles\" src=\"https:\/\/elmundodelosnegocios.com.do\/v1\/wp-content\/uploads\/2026\/04\/Jose-Orellana-Director-comercial-para-Centroamerica-y-el-Caribe-1024x576.jpeg\" alt=\"Jos\u00e9 Orellana, Director comercial para Centroam\u00e9rica y el Caribe\" class=\"wp-image-76869\" srcset=\"https:\/\/elmundodelosnegocios.com.do\/v1\/wp-content\/uploads\/2026\/04\/Jose-Orellana-Director-comercial-para-Centroamerica-y-el-Caribe-1024x576.jpeg 1024w, https:\/\/elmundodelosnegocios.com.do\/v1\/wp-content\/uploads\/2026\/04\/Jose-Orellana-Director-comercial-para-Centroamerica-y-el-Caribe-300x169.jpeg 300w, https:\/\/elmundodelosnegocios.com.do\/v1\/wp-content\/uploads\/2026\/04\/Jose-Orellana-Director-comercial-para-Centroamerica-y-el-Caribe-768x432.jpeg 768w, https:\/\/elmundodelosnegocios.com.do\/v1\/wp-content\/uploads\/2026\/04\/Jose-Orellana-Director-comercial-para-Centroamerica-y-el-Caribe.jpeg 1170w\" sizes=\"auto, (max-width: 1024px) 100vw, 1024px\" \/><button\n\t\t\tclass=\"lightbox-trigger\"\n\t\t\ttype=\"button\"\n\t\t\taria-haspopup=\"dialog\"\n\t\t\taria-label=\"Agrandar\"\n\t\t\tdata-wp-init=\"callbacks.initTriggerButton\"\n\t\t\tdata-wp-on--click=\"actions.showLightbox\"\n\t\t\tdata-wp-style--right=\"state.imageButtonRight\"\n\t\t\tdata-wp-style--top=\"state.imageButtonTop\"\n\t\t>\n\t\t\t<svg xmlns=\"http:\/\/www.w3.org\/2000\/svg\" width=\"12\" height=\"12\" fill=\"none\" viewBox=\"0 0 12 12\">\n\t\t\t\t<path fill=\"#fff\" d=\"M2 0a2 2 0 0 0-2 2v2h1.5V2a.5.5 0 0 1 .5-.5h2V0H2Zm2 10.5H2a.5.5 0 0 1-.5-.5V8H0v2a2 2 0 0 0 2 2h2v-1.5ZM8 12v-1.5h2a.5.5 0 0 0 .5-.5V8H12v2a2 2 0 0 1-2 2H8Zm2-12a2 2 0 0 1 2 2v2h-1.5V2a.5.5 0 0 0-.5-.5H8V0h2Z\" \/>\n\t\t\t<\/svg>\n\t\t<\/button><figcaption class=\"wp-element-caption\">Jos\u00e9 Orellana, Director comercial para Centroam\u00e9rica y el Caribe<\/figcaption><\/figure>\n<\/div>\n\n\n<p>En un movimiento que marca una nueva etapa para Pernod Ricard Dominicana, la compa\u00f1\u00eda ha impulsado una evoluci\u00f3n institucional que conlleva la reconfiguraci\u00f3n de su estructura de liderazgo, con el objetivo de fortalecer y alinear estrat\u00e9gicamente&nbsp;con los objetivos globales.<\/p>\n\n\n\n<p>Jos\u00e9 Orellana, Director Comercial para Centroam\u00e9rica y el Caribe, coment\u00f3 sobre la nueva estructura:&nbsp;\u201cAsumo esta nueva etapa con gran entusiasmo y con una visi\u00f3n clara del enorme potencial que tiene la Rep\u00fablica Dominicana para continuar creciendo dentro de nuestra regi\u00f3n. Este es un mercado vibrante&nbsp;y din\u00e1mico,&nbsp;con consumidores cada vez m\u00e1s exigentes, lo que nos reta a fortalecer nuestra ejecuci\u00f3n, ampliar nuestras capacidades comerciales y elevar constantemente la calidad de nuestras propuestas. Estoy convencido de que, trabajando de la mano con nuestros socios comerciales y clientes, podemos acelerar nuestro crecimiento, impulsar el valor de nuestras marcas y elevar el desempe\u00f1o y la relevancia de nuestra operaci\u00f3n en el pa\u00eds.\u201d<\/p>\n\n\n\n<p>En esta nueva etapa, Dayra Acosta ocupar\u00e1 el rol de Head Comercial y Trade Marketing, y cuenta con m\u00e1s de 15 a\u00f1os de experiencia en el \u00e1rea de trade marketing, desarrollo comercial y gesti\u00f3n de marcas dentro de empresas multinacionales. Se destaca por liderar iniciativas estrat\u00e9gicas que fortalecen la visibilidad de las marcas, optimizan la ejecuci\u00f3n en el punto de venta y contribuyen al crecimiento del negocio. Su experiencia, enfoque estrat\u00e9gico y compromiso con la excelencia la posicionan como una profesional de alto impacto en la industria de consumo.<\/p>\n\n\n\n<p>Por su parte, Jos\u00e9 Orellana suma m\u00e1s de 25 a\u00f1os de experiencia en la industria, donde ha liderado procesos comerciales y estrategias de crecimiento clave para la compa\u00f1\u00eda, incluidos&nbsp;10 a\u00f1os de trayectoria en el mercado de Centroam\u00e9rica y el Caribe. Su liderazgo continuar\u00e1 siendo fundamental para fortalecer la operaci\u00f3n y acompa\u00f1ar esta transici\u00f3n.<\/p>\n","protected":false},"excerpt":{"rendered":"<p>Santo Domingo. &#8211;&nbsp;Pernod Ricard anunci\u00f3 una evoluci\u00f3n en su estructura organizacional en la Rep\u00fablica Dominicana, iniciando una transici\u00f3n hacia una estructura regional m\u00e1s robusta, con la designaci\u00f3n de Dayra Acosta&hellip; <\/p>\n","protected":false},"author":2,"featured_media":76871,"comment_status":"closed","ping_status":"closed","sticky":false,"template":"","format":"standard","meta":{"fifu_image_url":"https:\/\/elmundodelosnegocios.com.do\/v1\/wp-content\/uploads\/2026\/04\/Jose-Orellana-Director-comercial-para-Centroamerica-y-el-Caribe.jpeg","fifu_image_alt":"","footnotes":""},"categories":[157],"tags":[],"class_list":["post-76868","post","type-post","status-publish","format-standard","has-post-thumbnail","hentry","category-marketing"],"_links":{"self":[{"href":"https:\/\/elmundodelosnegocios.com.do\/v1\/wp-json\/wp\/v2\/posts\/76868","targetHints":{"allow":["GET"]}}],"collection":[{"href":"https:\/\/elmundodelosnegocios.com.do\/v1\/wp-json\/wp\/v2\/posts"}],"about":[{"href":"https:\/\/elmundodelosnegocios.com.do\/v1\/wp-json\/wp\/v2\/types\/post"}],"author":[{"embeddable":true,"href":"https:\/\/elmundodelosnegocios.com.do\/v1\/wp-json\/wp\/v2\/users\/2"}],"replies":[{"embeddable":true,"href":"https:\/\/elmundodelosnegocios.com.do\/v1\/wp-json\/wp\/v2\/comments?post=76868"}],"version-history":[{"count":1,"href":"https:\/\/elmundodelosnegocios.com.do\/v1\/wp-json\/wp\/v2\/posts\/76868\/revisions"}],"predecessor-version":[{"id":76870,"href":"https:\/\/elmundodelosnegocios.com.do\/v1\/wp-json\/wp\/v2\/posts\/76868\/revisions\/76870"}],"wp:featuredmedia":[{"embeddable":true,"href":"https:\/\/elmundodelosnegocios.com.do\/v1\/wp-json\/wp\/v2\/media\/76871"}],"wp:attachment":[{"href":"https:\/\/elmundodelosnegocios.com.do\/v1\/wp-json\/wp\/v2\/media?parent=76868"}],"wp:term":[{"taxonomy":"category","embeddable":true,"href":"https:\/\/elmundodelosnegocios.com.do\/v1\/wp-json\/wp\/v2\/categories?post=76868"},{"taxonomy":"post_tag","embeddable":true,"href":"https:\/\/elmundodelosnegocios.com.do\/v1\/wp-json\/wp\/v2\/tags?post=76868"}],"curies":[{"name":"wp","href":"https:\/\/api.w.org\/{rel}","templated":true}]}}