{"id":76937,"date":"2026-04-02T19:41:53","date_gmt":"2026-04-03T00:11:53","guid":{"rendered":"https:\/\/elmundodelosnegocios.com.do\/v1\/?p=76937"},"modified":"2026-04-02T19:41:55","modified_gmt":"2026-04-03T00:11:55","slug":"centro-cultural-taino-casa-del-cordon-profundiza-en-las-raices-linguisticas-de-la-espanola","status":"publish","type":"post","link":"https:\/\/elmundodelosnegocios.com.do\/v1\/centro-cultural-taino-casa-del-cordon-profundiza-en-las-raices-linguisticas-de-la-espanola\/","title":{"rendered":"Centro Cultural Ta\u00edno Casa del Cord\u00f3n profundiza en las ra\u00edces ling\u00fc\u00edsticas de la Espa\u00f1ola"},"content":{"rendered":"\n<h2 class=\"wp-block-heading\">Especialistas comparten investigaciones sobre los idiomas prehisp\u00e1nicos y su legado cultural\u200b<\/h2>\n\n\n\n<p>\u200b<\/p>\n\n\n<div class=\"wp-block-image\">\n<figure data-wp-context=\"{&quot;imageId&quot;:&quot;69ec787e70102&quot;}\" data-wp-interactive=\"core\/image\" data-wp-key=\"69ec787e70102\" class=\"aligncenter size-large wp-lightbox-container\"><img loading=\"lazy\" decoding=\"async\" width=\"1024\" height=\"682\" data-wp-class--hide=\"state.isContentHidden\" data-wp-class--show=\"state.isContentVisible\" data-wp-init=\"callbacks.setButtonStyles\" data-wp-on--click=\"actions.showLightbox\" data-wp-on--load=\"callbacks.setButtonStyles\" data-wp-on-window--resize=\"callbacks.setButtonStyles\" src=\"https:\/\/elmundodelosnegocios.com.do\/v1\/wp-content\/uploads\/2026\/04\/image-1-1024x682.jpeg\" alt=\"\" class=\"wp-image-76938\" srcset=\"https:\/\/elmundodelosnegocios.com.do\/v1\/wp-content\/uploads\/2026\/04\/image-1-1024x682.jpeg 1024w, https:\/\/elmundodelosnegocios.com.do\/v1\/wp-content\/uploads\/2026\/04\/image-1-300x200.jpeg 300w, https:\/\/elmundodelosnegocios.com.do\/v1\/wp-content\/uploads\/2026\/04\/image-1-768x512.jpeg 768w, https:\/\/elmundodelosnegocios.com.do\/v1\/wp-content\/uploads\/2026\/04\/image-1-1536x1024.jpeg 1536w, https:\/\/elmundodelosnegocios.com.do\/v1\/wp-content\/uploads\/2026\/04\/image-1-2048x1365.jpeg 2048w\" sizes=\"auto, (max-width: 1024px) 100vw, 1024px\" \/><button\n\t\t\tclass=\"lightbox-trigger\"\n\t\t\ttype=\"button\"\n\t\t\taria-haspopup=\"dialog\"\n\t\t\taria-label=\"Agrandar\"\n\t\t\tdata-wp-init=\"callbacks.initTriggerButton\"\n\t\t\tdata-wp-on--click=\"actions.showLightbox\"\n\t\t\tdata-wp-style--right=\"state.imageButtonRight\"\n\t\t\tdata-wp-style--top=\"state.imageButtonTop\"\n\t\t>\n\t\t\t<svg xmlns=\"http:\/\/www.w3.org\/2000\/svg\" width=\"12\" height=\"12\" fill=\"none\" viewBox=\"0 0 12 12\">\n\t\t\t\t<path fill=\"#fff\" d=\"M2 0a2 2 0 0 0-2 2v2h1.5V2a.5.5 0 0 1 .5-.5h2V0H2Zm2 10.5H2a.5.5 0 0 1-.5-.5V8H0v2a2 2 0 0 0 2 2h2v-1.5ZM8 12v-1.5h2a.5.5 0 0 0 .5-.5V8H12v2a2 2 0 0 1-2 2H8Zm2-12a2 2 0 0 1 2 2v2h-1.5V2a.5.5 0 0 0-.5-.5H8V0h2Z\" \/>\n\t\t\t<\/svg>\n\t\t<\/button><\/figure>\n<\/div>\n\n\n<p>Santo Domingo, D. N. \u2013 El Centro Cultural Ta\u00edno Casa del Cord\u00f3n, iniciativa del Banco Popular Dominicano, realiz\u00f3 el conversatorio \u201cVoces de la Isla: Idiomas originarios de la Espa\u00f1ola\u00bb, un espacio de reflexi\u00f3n que abord\u00f3 la diversidad ling\u00fc\u00edstica existente en la isla antes de la llegada de los europeos y c\u00f3mo vocablos, expresiones e incluso pronunciaci\u00f3n lograron entrar en el espa\u00f1ol caribe\u00f1o y permanecer en el habla contempor\u00e1nea.<\/p>\n\n\n\n<p>La actividad cont\u00f3 con la participaci\u00f3n del escritor, m\u00fasico y antrop\u00f3logo Leonardo Nin, y del poeta, ensayista e investigador Rafael Garc\u00eda Bid\u00f3. Durante el encuentro, los especialistas compartieron hallazgos y aproximaciones en torno a las lenguas de los primeros pobladores de la isla.<\/p>\n\n\n\n<p>Los expositores se\u00f1alaron que, al momento del contacto europeo en 1492, en la Espa\u00f1ola conviv\u00edan diversos grupos con ra\u00edces, vocabularios y sonoridades propias, que adoptaron el ta\u00edno como lengua principal de intercambio. Presentaron una aproximaci\u00f3n de c\u00f3mo sonaba esta lengua, usada tanto para la comunicaci\u00f3n cotidiana como para las transacciones comerciales.<\/p>\n\n\n\n<p><strong>Permanencia del ta\u00edno en el espa\u00f1ol caribe\u00f1o<\/strong><\/p>\n\n\n\n<p>Los investigadores expusieron avances en el estudio de las lenguas originarias de la isla, destacando que numerosos rasgos del ta\u00edno siguen presentes en el espa\u00f1ol caribe\u00f1o. Aunque esta lengua se considere desaparecida, su estructura y huellas fon\u00e9ticas a\u00fan se reflejan en expresiones comunes y formas del habla en la Rep\u00fablica Dominicana, Puerto Rico y Cuba.<\/p>\n\n\n\n<p>En su intervenci\u00f3n, el se\u00f1or Leonardo Nin explic\u00f3 los m\u00e9todos comparativos que emplea para reconstruir la fonolog\u00eda ta\u00edna a partir de ra\u00edces conservadas en palabras como \u201c<em>mav\u00ed\u00bb<\/em>, \u201c<em>bejuco\u00bb<\/em>, \u201c<em>anaiboa\u00bb<\/em>, \u201c<em>ma\u00edz\u00bb<\/em>&nbsp;o \u201c<em>iguana\u00bb<\/em>. Detall\u00f3 que estos elementos permiten inferir significados, sonidos y estructuras gramaticales que sobrevivieron al contacto colonial.<\/p>\n\n\n\n<p>A su vez, el se\u00f1or Rafael Garc\u00eda Bid\u00f3 profundiz\u00f3 en la clasificaci\u00f3n de los tres idiomas que coexistieron en la isla y en los rasgos fon\u00e9ticos que distingu\u00edan al ta\u00edno del resto. Tambi\u00e9n destac\u00f3 la presencia de m\u00faltiples diminutivos y variaciones fon\u00e9ticas que a\u00fan pueden rastrearse en el habla contempor\u00e1nea.<\/p>\n\n\n\n<p>El conversatorio ofreci\u00f3 al p\u00fablico una mirada actual sobre este patrimonio intangible, resaltando el aporte de los estudios ling\u00fc\u00edsticos para comprender la identidad cultural dominicana y el papel del Centro Cultural Ta\u00edno Casa del Cord\u00f3n en el impulso de iniciativas de investigaci\u00f3n y desarrollo cultural.<\/p>\n\n\n\n<p>El centro cultural est\u00e1 abierto al p\u00fablico de martes a domingo, de 9:30 a.m. a 6:30 p.m. Para m\u00e1s informaci\u00f3n sobre sus actividades, los interesados pueden visitar la p\u00e1gina web&nbsp;<a href=\"http:\/\/www.casadelcordon.com\/\">www.casadelcordon.com<\/a>&nbsp;o seguir al centro en Instagram como @casadelcordon.<\/p>\n","protected":false},"excerpt":{"rendered":"<p>Especialistas comparten investigaciones sobre los idiomas prehisp\u00e1nicos y su legado cultural\u200b \u200b Santo Domingo, D. N. \u2013 El Centro Cultural Ta\u00edno Casa del Cord\u00f3n, iniciativa del Banco Popular Dominicano, realiz\u00f3&hellip; <\/p>\n","protected":false},"author":2,"featured_media":76940,"comment_status":"closed","ping_status":"closed","sticky":false,"template":"","format":"standard","meta":{"fifu_image_url":"https:\/\/eldinero.com.do\/wp-content\/uploads\/centro-cultural-taino-scaled.jpg","fifu_image_alt":"","footnotes":""},"categories":[148],"tags":[],"class_list":["post-76937","post","type-post","status-publish","format-standard","has-post-thumbnail","hentry","category-cultura"],"_links":{"self":[{"href":"https:\/\/elmundodelosnegocios.com.do\/v1\/wp-json\/wp\/v2\/posts\/76937","targetHints":{"allow":["GET"]}}],"collection":[{"href":"https:\/\/elmundodelosnegocios.com.do\/v1\/wp-json\/wp\/v2\/posts"}],"about":[{"href":"https:\/\/elmundodelosnegocios.com.do\/v1\/wp-json\/wp\/v2\/types\/post"}],"author":[{"embeddable":true,"href":"https:\/\/elmundodelosnegocios.com.do\/v1\/wp-json\/wp\/v2\/users\/2"}],"replies":[{"embeddable":true,"href":"https:\/\/elmundodelosnegocios.com.do\/v1\/wp-json\/wp\/v2\/comments?post=76937"}],"version-history":[{"count":1,"href":"https:\/\/elmundodelosnegocios.com.do\/v1\/wp-json\/wp\/v2\/posts\/76937\/revisions"}],"predecessor-version":[{"id":76939,"href":"https:\/\/elmundodelosnegocios.com.do\/v1\/wp-json\/wp\/v2\/posts\/76937\/revisions\/76939"}],"wp:featuredmedia":[{"embeddable":true,"href":"https:\/\/elmundodelosnegocios.com.do\/v1\/wp-json\/wp\/v2\/media\/76940"}],"wp:attachment":[{"href":"https:\/\/elmundodelosnegocios.com.do\/v1\/wp-json\/wp\/v2\/media?parent=76937"}],"wp:term":[{"taxonomy":"category","embeddable":true,"href":"https:\/\/elmundodelosnegocios.com.do\/v1\/wp-json\/wp\/v2\/categories?post=76937"},{"taxonomy":"post_tag","embeddable":true,"href":"https:\/\/elmundodelosnegocios.com.do\/v1\/wp-json\/wp\/v2\/tags?post=76937"}],"curies":[{"name":"wp","href":"https:\/\/api.w.org\/{rel}","templated":true}]}}