{"id":76955,"date":"2026-04-07T11:13:25","date_gmt":"2026-04-07T15:43:25","guid":{"rendered":"https:\/\/elmundodelosnegocios.com.do\/v1\/?p=76955"},"modified":"2026-04-07T12:35:17","modified_gmt":"2026-04-07T17:05:17","slug":"republica-dominicana-vuelve-a-miami-con-su-tradeshow-en-busca-de-mas-turistas","status":"publish","type":"post","link":"https:\/\/elmundodelosnegocios.com.do\/v1\/republica-dominicana-vuelve-a-miami-con-su-tradeshow-en-busca-de-mas-turistas\/","title":{"rendered":"Republica Dominicana vuelve a Miami con su Tradeshow en busca de m\u00e1s turistas"},"content":{"rendered":"\n<p><strong>Miami, Florida, Estados Unidos.<\/strong>&nbsp;El ministro de Turismo, David Collado, encabezar\u00e1 este martes la cuarta versi\u00f3n del Tradeshow de Miami, la mayor feria comercial tur\u00edstica dominicana que se realiza en el extranjero, donde participar\u00e1n m\u00e1s de 100 coexpositores.<\/p>\n\n\n<div class=\"wp-block-image\">\n<figure data-wp-context=\"{&quot;imageId&quot;:&quot;69ec913dc40e4&quot;}\" data-wp-interactive=\"core\/image\" data-wp-key=\"69ec913dc40e4\" class=\"aligncenter size-full wp-lightbox-container\"><img loading=\"lazy\" decoding=\"async\" width=\"1024\" height=\"682\" data-wp-class--hide=\"state.isContentHidden\" data-wp-class--show=\"state.isContentVisible\" data-wp-init=\"callbacks.setButtonStyles\" data-wp-on--click=\"actions.showLightbox\" data-wp-on--load=\"callbacks.setButtonStyles\" data-wp-on-window--resize=\"callbacks.setButtonStyles\" src=\"https:\/\/elmundodelosnegocios.com.do\/v1\/wp-content\/uploads\/2026\/04\/image-2.webp\" alt=\"\" class=\"wp-image-76956\" srcset=\"https:\/\/elmundodelosnegocios.com.do\/v1\/wp-content\/uploads\/2026\/04\/image-2.webp 1024w, https:\/\/elmundodelosnegocios.com.do\/v1\/wp-content\/uploads\/2026\/04\/image-2-300x200.webp 300w, https:\/\/elmundodelosnegocios.com.do\/v1\/wp-content\/uploads\/2026\/04\/image-2-768x512.webp 768w\" sizes=\"auto, (max-width: 1024px) 100vw, 1024px\" \/><button\n\t\t\tclass=\"lightbox-trigger\"\n\t\t\ttype=\"button\"\n\t\t\taria-haspopup=\"dialog\"\n\t\t\taria-label=\"Agrandar\"\n\t\t\tdata-wp-init=\"callbacks.initTriggerButton\"\n\t\t\tdata-wp-on--click=\"actions.showLightbox\"\n\t\t\tdata-wp-style--right=\"state.imageButtonRight\"\n\t\t\tdata-wp-style--top=\"state.imageButtonTop\"\n\t\t>\n\t\t\t<svg xmlns=\"http:\/\/www.w3.org\/2000\/svg\" width=\"12\" height=\"12\" fill=\"none\" viewBox=\"0 0 12 12\">\n\t\t\t\t<path fill=\"#fff\" d=\"M2 0a2 2 0 0 0-2 2v2h1.5V2a.5.5 0 0 1 .5-.5h2V0H2Zm2 10.5H2a.5.5 0 0 1-.5-.5V8H0v2a2 2 0 0 0 2 2h2v-1.5ZM8 12v-1.5h2a.5.5 0 0 0 .5-.5V8H12v2a2 2 0 0 1-2 2H8Zm2-12a2 2 0 0 1 2 2v2h-1.5V2a.5.5 0 0 0-.5-.5H8V0h2Z\" \/>\n\t\t\t<\/svg>\n\t\t<\/button><\/figure>\n<\/div>\n\n\n<p>La actividad iniciar\u00e1 a las 8:30 de la ma\u00f1ana en el conocido centro de convenciones de Miami Beach, ante la presencia de turoperadores, agentes de viajes, representantes de l\u00edneas a\u00e9reas y otros actores del sector de Estados Unidos, Canad\u00e1 y Latinoam\u00e9rica.<\/p>\n\n\n\n<p>Desde ya han sido concertadas m\u00e1s de dos mil citas para reuniones de negocios, durante la feria tur\u00edstica.<\/p>\n\n\n\n<p>Adem\u00e1s de importantes firmas de acuerdos, en el marco del evento se desarrollar\u00e1n actividades de capacitaciones, secciones especiales de presentaciones y actividades culturales.<\/p>\n\n\n<div class=\"wp-block-image\">\n<figure data-wp-context=\"{&quot;imageId&quot;:&quot;69ec913dc42fc&quot;}\" data-wp-interactive=\"core\/image\" data-wp-key=\"69ec913dc42fc\" class=\"aligncenter size-large wp-lightbox-container\"><img decoding=\"async\" data-wp-class--hide=\"state.isContentHidden\" data-wp-class--show=\"state.isContentVisible\" data-wp-init=\"callbacks.setButtonStyles\" data-wp-on--click=\"actions.showLightbox\" data-wp-on--load=\"callbacks.setButtonStyles\" data-wp-on-window--resize=\"callbacks.setButtonStyles\" src=\"https:\/\/noticias.mitur.gob.do\/wp-content\/uploads\/2026\/04\/MITUR-vuelve-a-Miami.avif\"\/><button\n\t\t\tclass=\"lightbox-trigger\"\n\t\t\ttype=\"button\"\n\t\t\taria-haspopup=\"dialog\"\n\t\t\taria-label=\"Agrandar\"\n\t\t\tdata-wp-init=\"callbacks.initTriggerButton\"\n\t\t\tdata-wp-on--click=\"actions.showLightbox\"\n\t\t\tdata-wp-style--right=\"state.imageButtonRight\"\n\t\t\tdata-wp-style--top=\"state.imageButtonTop\"\n\t\t>\n\t\t\t<svg xmlns=\"http:\/\/www.w3.org\/2000\/svg\" width=\"12\" height=\"12\" fill=\"none\" viewBox=\"0 0 12 12\">\n\t\t\t\t<path fill=\"#fff\" d=\"M2 0a2 2 0 0 0-2 2v2h1.5V2a.5.5 0 0 1 .5-.5h2V0H2Zm2 10.5H2a.5.5 0 0 1-.5-.5V8H0v2a2 2 0 0 0 2 2h2v-1.5ZM8 12v-1.5h2a.5.5 0 0 0 .5-.5V8H12v2a2 2 0 0 1-2 2H8Zm2-12a2 2 0 0 1 2 2v2h-1.5V2a.5.5 0 0 0-.5-.5H8V0h2Z\" \/>\n\t\t\t<\/svg>\n\t\t<\/button><\/figure>\n<\/div>\n\n\n<p>Tras definir el Tradeshow de Miami como el mayor evento comercial tur\u00edstico del pa\u00eds en el extranjero, el ministro Collado manifest\u00f3 que la actividad reconfirma el liderazgo de la industria tur\u00edstica dominicana en Las Am\u00e9ricas.<\/p>\n\n\n\n<p>\u00abEstamos seguros de que este a\u00f1o superaremos los tres anteriores, garantizando m\u00e1s inversiones, m\u00e1s empleos en el sector, m\u00e1s habitaciones y una mayor conectividad\u00bb, afirm\u00f3 el ministro Collado.<\/p>\n\n\n\n<p>Record\u00f3 que Estados Unidos, Canad\u00e1 y Latinoam\u00e9rica aportan m\u00e1s del 75 por ciento de los turistas que visitan, cada a\u00f1o, Rep\u00fablica Dominicana, que solo en el 2025 recibi\u00f3 11,676,901 de visitantes.<\/p>\n","protected":false},"excerpt":{"rendered":"<p>Miami, Florida, Estados Unidos.&nbsp;El ministro de Turismo, David Collado, encabezar\u00e1 este martes la cuarta versi\u00f3n del Tradeshow de Miami, la mayor feria comercial tur\u00edstica dominicana que se realiza en el&hellip; <\/p>\n","protected":false},"author":3,"featured_media":76958,"comment_status":"closed","ping_status":"closed","sticky":false,"template":"","format":"standard","meta":{"fifu_image_url":"https:\/\/elmundodelosnegocios.com.do\/v1\/wp-content\/uploads\/2026\/04\/image-2.webp","fifu_image_alt":"","footnotes":""},"categories":[172],"tags":[],"class_list":["post-76955","post","type-post","status-publish","format-standard","has-post-thumbnail","hentry","category-turismo"],"_links":{"self":[{"href":"https:\/\/elmundodelosnegocios.com.do\/v1\/wp-json\/wp\/v2\/posts\/76955","targetHints":{"allow":["GET"]}}],"collection":[{"href":"https:\/\/elmundodelosnegocios.com.do\/v1\/wp-json\/wp\/v2\/posts"}],"about":[{"href":"https:\/\/elmundodelosnegocios.com.do\/v1\/wp-json\/wp\/v2\/types\/post"}],"author":[{"embeddable":true,"href":"https:\/\/elmundodelosnegocios.com.do\/v1\/wp-json\/wp\/v2\/users\/3"}],"replies":[{"embeddable":true,"href":"https:\/\/elmundodelosnegocios.com.do\/v1\/wp-json\/wp\/v2\/comments?post=76955"}],"version-history":[{"count":1,"href":"https:\/\/elmundodelosnegocios.com.do\/v1\/wp-json\/wp\/v2\/posts\/76955\/revisions"}],"predecessor-version":[{"id":76957,"href":"https:\/\/elmundodelosnegocios.com.do\/v1\/wp-json\/wp\/v2\/posts\/76955\/revisions\/76957"}],"wp:featuredmedia":[{"embeddable":true,"href":"https:\/\/elmundodelosnegocios.com.do\/v1\/wp-json\/wp\/v2\/media\/76958"}],"wp:attachment":[{"href":"https:\/\/elmundodelosnegocios.com.do\/v1\/wp-json\/wp\/v2\/media?parent=76955"}],"wp:term":[{"taxonomy":"category","embeddable":true,"href":"https:\/\/elmundodelosnegocios.com.do\/v1\/wp-json\/wp\/v2\/categories?post=76955"},{"taxonomy":"post_tag","embeddable":true,"href":"https:\/\/elmundodelosnegocios.com.do\/v1\/wp-json\/wp\/v2\/tags?post=76955"}],"curies":[{"name":"wp","href":"https:\/\/api.w.org\/{rel}","templated":true}]}}