{"id":77107,"date":"2026-04-11T19:47:34","date_gmt":"2026-04-12T00:17:34","guid":{"rendered":"https:\/\/elmundodelosnegocios.com.do\/v1\/?p=77107"},"modified":"2026-04-12T19:49:19","modified_gmt":"2026-04-13T00:19:19","slug":"smartfilms-dominicana-da-el-salto-a-la-television-nacional-con-sus-cortos-mas-destacados","status":"publish","type":"post","link":"https:\/\/elmundodelosnegocios.com.do\/v1\/smartfilms-dominicana-da-el-salto-a-la-television-nacional-con-sus-cortos-mas-destacados\/","title":{"rendered":"SMARTFILMS\u00ae Dominicana da el salto a la televisi\u00f3n nacional con sus cortos m\u00e1s destacados"},"content":{"rendered":"\n<p><em>El festival impulsa la&nbsp;<strong>democratizaci\u00f3n del cine y el talento emergente<\/strong>&nbsp;a trav\u00e9s de la pantalla abierta<\/em><\/p>\n\n\n\n<p>Santo Domingo, R.D.\u2013 El SMARTFILMS Dominicana contin\u00faa expandiendo su impacto en la industria audiovisual local al anunciar la transmisi\u00f3n de una selecci\u00f3n de sus cortometrajes a trav\u00e9s de Digital 15, a partir de este domingo 12 de abril.<\/p>\n\n\n<div class=\"wp-block-image\">\n<figure data-wp-context=\"{&quot;imageId&quot;:&quot;69ec7b6c5f795&quot;}\" data-wp-interactive=\"core\/image\" data-wp-key=\"69ec7b6c5f795\" class=\"aligncenter size-large wp-lightbox-container\"><img loading=\"lazy\" decoding=\"async\" width=\"1024\" height=\"575\" data-wp-class--hide=\"state.isContentHidden\" data-wp-class--show=\"state.isContentVisible\" data-wp-init=\"callbacks.setButtonStyles\" data-wp-on--click=\"actions.showLightbox\" data-wp-on--load=\"callbacks.setButtonStyles\" data-wp-on-window--resize=\"callbacks.setButtonStyles\" src=\"https:\/\/elmundodelosnegocios.com.do\/v1\/wp-content\/uploads\/2026\/04\/image-1f-1024x575.jpg\" alt=\"\" class=\"wp-image-77108\" srcset=\"https:\/\/elmundodelosnegocios.com.do\/v1\/wp-content\/uploads\/2026\/04\/image-1f-1024x575.jpg 1024w, https:\/\/elmundodelosnegocios.com.do\/v1\/wp-content\/uploads\/2026\/04\/image-1f-300x169.jpg 300w, https:\/\/elmundodelosnegocios.com.do\/v1\/wp-content\/uploads\/2026\/04\/image-1f-768x432.jpg 768w, https:\/\/elmundodelosnegocios.com.do\/v1\/wp-content\/uploads\/2026\/04\/image-1f-1536x863.jpg 1536w, https:\/\/elmundodelosnegocios.com.do\/v1\/wp-content\/uploads\/2026\/04\/image-1f.jpg 1600w\" sizes=\"auto, (max-width: 1024px) 100vw, 1024px\" \/><button\n\t\t\tclass=\"lightbox-trigger\"\n\t\t\ttype=\"button\"\n\t\t\taria-haspopup=\"dialog\"\n\t\t\taria-label=\"Agrandar\"\n\t\t\tdata-wp-init=\"callbacks.initTriggerButton\"\n\t\t\tdata-wp-on--click=\"actions.showLightbox\"\n\t\t\tdata-wp-style--right=\"state.imageButtonRight\"\n\t\t\tdata-wp-style--top=\"state.imageButtonTop\"\n\t\t>\n\t\t\t<svg xmlns=\"http:\/\/www.w3.org\/2000\/svg\" width=\"12\" height=\"12\" fill=\"none\" viewBox=\"0 0 12 12\">\n\t\t\t\t<path fill=\"#fff\" d=\"M2 0a2 2 0 0 0-2 2v2h1.5V2a.5.5 0 0 1 .5-.5h2V0H2Zm2 10.5H2a.5.5 0 0 1-.5-.5V8H0v2a2 2 0 0 0 2 2h2v-1.5ZM8 12v-1.5h2a.5.5 0 0 0 .5-.5V8H12v2a2 2 0 0 1-2 2H8Zm2-12a2 2 0 0 1 2 2v2h-1.5V2a.5.5 0 0 0-.5-.5H8V0h2Z\" \/>\n\t\t\t<\/svg>\n\t\t<\/button><\/figure>\n<\/div>\n\n\n<p>La iniciativa contempla la difusi\u00f3n de cuatro programas especiales que se emitir\u00e1n cada domingo hasta el 3 de mayo, a las 2:00 de la tarde, llevando a los hogares dominicanos piezas audiovisuales creadas con dispositivos m\u00f3viles, junto a entrevistas con sus realizadores.<\/p>\n\n\n\n<p>Esta propuesta representa un paso significativo en la&nbsp;<strong>visibilidad del talento emergente<\/strong>, permitiendo que producciones que brillaron en el festival lleguen ahora a una audiencia masiva. Entre los contenidos destacan los cortos ganadores de categor\u00edas como \u201cDominicana Vibra\u201d y \u201cPonte pa\u2019 lo tuyo\u201d, cuyos premios incluyeron incentivos econ\u00f3micos y becas acad\u00e9micas.<\/p>\n\n\n\n<figure class=\"wp-block-image\"><a href=\"https:\/\/cdn.diariosocialrd.com\/2026\/04\/IMG-20260410-WA0020.jpg\"><img decoding=\"async\" src=\"https:\/\/cdn.diariosocialrd.com\/2026\/04\/IMG-20260410-WA0020-1024x575.jpg\" alt=\"\" class=\"wp-image-250652\"\/><\/a><\/figure>\n\n\n\n<p>Los productores Evelyna Rodr\u00edguez y Danilo Reynoso valoraron esta alianza como una oportunidad para continuar promoviendo el acceso al cine desde herramientas cotidianas, resaltando que el uso del celular como medio de producci\u00f3n demuestra que la creatividad no depende de grandes presupuestos.<\/p>\n\n\n\n<p>La primera edici\u00f3n del festival reuni\u00f3 m\u00e1s de 240 cortometrajes y logr\u00f3 impactar a m\u00e1s de 4,000 personas a trav\u00e9s de talleres, concursos y actividades formativas, consolid\u00e1ndose como una plataforma inclusiva dentro del ecosistema cinematogr\u00e1fico.<\/p>\n\n\n\n<p>El evento cont\u00f3 con el respaldo de importantes aliados del sector, incluyendo DGCINE, Cinemateca Dominicana y el Grupo de Medios Telemicro, fortaleciendo su alcance y credibilidad.<\/p>\n\n\n\n<p>Con esta nueva etapa, SMARTFILMS Dominicana reafirma su misi\u00f3n de&nbsp;<strong>democratizar el acceso al cine, impulsar la innovaci\u00f3n y descubrir nuevas voces creativas<\/strong>, consolid\u00e1ndose como un referente en la producci\u00f3n audiovisual accesible en el pa\u00eds.<\/p>\n","protected":false},"excerpt":{"rendered":"<p>El festival impulsa la&nbsp;democratizaci\u00f3n del cine y el talento emergente&nbsp;a trav\u00e9s de la pantalla abierta Santo Domingo, R.D.\u2013 El SMARTFILMS Dominicana contin\u00faa expandiendo su impacto en la industria audiovisual local&hellip; <\/p>\n","protected":false},"author":2,"featured_media":77110,"comment_status":"closed","ping_status":"closed","sticky":false,"template":"","format":"standard","meta":{"fifu_image_url":"https:\/\/elmundodelosnegocios.com.do\/v1\/wp-content\/uploads\/2026\/04\/image-1f.jpg","fifu_image_alt":"","footnotes":""},"categories":[157],"tags":[],"class_list":["post-77107","post","type-post","status-publish","format-standard","has-post-thumbnail","hentry","category-marketing"],"_links":{"self":[{"href":"https:\/\/elmundodelosnegocios.com.do\/v1\/wp-json\/wp\/v2\/posts\/77107","targetHints":{"allow":["GET"]}}],"collection":[{"href":"https:\/\/elmundodelosnegocios.com.do\/v1\/wp-json\/wp\/v2\/posts"}],"about":[{"href":"https:\/\/elmundodelosnegocios.com.do\/v1\/wp-json\/wp\/v2\/types\/post"}],"author":[{"embeddable":true,"href":"https:\/\/elmundodelosnegocios.com.do\/v1\/wp-json\/wp\/v2\/users\/2"}],"replies":[{"embeddable":true,"href":"https:\/\/elmundodelosnegocios.com.do\/v1\/wp-json\/wp\/v2\/comments?post=77107"}],"version-history":[{"count":1,"href":"https:\/\/elmundodelosnegocios.com.do\/v1\/wp-json\/wp\/v2\/posts\/77107\/revisions"}],"predecessor-version":[{"id":77109,"href":"https:\/\/elmundodelosnegocios.com.do\/v1\/wp-json\/wp\/v2\/posts\/77107\/revisions\/77109"}],"wp:featuredmedia":[{"embeddable":true,"href":"https:\/\/elmundodelosnegocios.com.do\/v1\/wp-json\/wp\/v2\/media\/77110"}],"wp:attachment":[{"href":"https:\/\/elmundodelosnegocios.com.do\/v1\/wp-json\/wp\/v2\/media?parent=77107"}],"wp:term":[{"taxonomy":"category","embeddable":true,"href":"https:\/\/elmundodelosnegocios.com.do\/v1\/wp-json\/wp\/v2\/categories?post=77107"},{"taxonomy":"post_tag","embeddable":true,"href":"https:\/\/elmundodelosnegocios.com.do\/v1\/wp-json\/wp\/v2\/tags?post=77107"}],"curies":[{"name":"wp","href":"https:\/\/api.w.org\/{rel}","templated":true}]}}