{"id":77155,"date":"2026-04-14T11:16:28","date_gmt":"2026-04-14T15:46:28","guid":{"rendered":"https:\/\/elmundodelosnegocios.com.do\/v1\/?p=77155"},"modified":"2026-04-14T11:16:29","modified_gmt":"2026-04-14T15:46:29","slug":"hyundai-redefine-el-lujo-electrico-con-el-ioniq-9-y-anuncia-el-inicio-de-la-feria-magna-esto-es-moverse-en-grande","status":"publish","type":"post","link":"https:\/\/elmundodelosnegocios.com.do\/v1\/hyundai-redefine-el-lujo-electrico-con-el-ioniq-9-y-anuncia-el-inicio-de-la-feria-magna-esto-es-moverse-en-grande\/","title":{"rendered":"Hyundai redefine el lujo el\u00e9ctrico con el Ioniq 9\u00a0y anuncia el inicio de la Feria Magna: \u00abEsto es moverse en grande\u00bb"},"content":{"rendered":"\n<p>\u00b7\u00a0\u00a0\u00a0\u00a0\u00a0\u00a0<em>La Feria Magna se est\u00e1 llevando a cabo del 6 al 30 de abril de 2026 en los showrooms del Grupo Automotriz Magna.<\/em><\/p>\n\n\n<div class=\"wp-block-image\">\n<figure data-wp-context=\"{&quot;imageId&quot;:&quot;69ec7b1d49841&quot;}\" data-wp-interactive=\"core\/image\" data-wp-key=\"69ec7b1d49841\" class=\"aligncenter size-large wp-lightbox-container\"><img loading=\"lazy\" decoding=\"async\" width=\"1024\" height=\"682\" data-wp-class--hide=\"state.isContentHidden\" data-wp-class--show=\"state.isContentVisible\" data-wp-init=\"callbacks.setButtonStyles\" data-wp-on--click=\"actions.showLightbox\" data-wp-on--load=\"callbacks.setButtonStyles\" data-wp-on-window--resize=\"callbacks.setButtonStyles\" src=\"https:\/\/elmundodelosnegocios.com.do\/v1\/wp-content\/uploads\/2026\/04\/Ejecutivos-Hyundai-y-Magna-Foto-principal-1024x682.jpeg\" alt=\"\" class=\"wp-image-77156\" srcset=\"https:\/\/elmundodelosnegocios.com.do\/v1\/wp-content\/uploads\/2026\/04\/Ejecutivos-Hyundai-y-Magna-Foto-principal-1024x682.jpeg 1024w, https:\/\/elmundodelosnegocios.com.do\/v1\/wp-content\/uploads\/2026\/04\/Ejecutivos-Hyundai-y-Magna-Foto-principal-300x200.jpeg 300w, https:\/\/elmundodelosnegocios.com.do\/v1\/wp-content\/uploads\/2026\/04\/Ejecutivos-Hyundai-y-Magna-Foto-principal-768x512.jpeg 768w, https:\/\/elmundodelosnegocios.com.do\/v1\/wp-content\/uploads\/2026\/04\/Ejecutivos-Hyundai-y-Magna-Foto-principal.jpeg 1280w\" sizes=\"auto, (max-width: 1024px) 100vw, 1024px\" \/><button\n\t\t\tclass=\"lightbox-trigger\"\n\t\t\ttype=\"button\"\n\t\t\taria-haspopup=\"dialog\"\n\t\t\taria-label=\"Agrandar\"\n\t\t\tdata-wp-init=\"callbacks.initTriggerButton\"\n\t\t\tdata-wp-on--click=\"actions.showLightbox\"\n\t\t\tdata-wp-style--right=\"state.imageButtonRight\"\n\t\t\tdata-wp-style--top=\"state.imageButtonTop\"\n\t\t>\n\t\t\t<svg xmlns=\"http:\/\/www.w3.org\/2000\/svg\" width=\"12\" height=\"12\" fill=\"none\" viewBox=\"0 0 12 12\">\n\t\t\t\t<path fill=\"#fff\" d=\"M2 0a2 2 0 0 0-2 2v2h1.5V2a.5.5 0 0 1 .5-.5h2V0H2Zm2 10.5H2a.5.5 0 0 1-.5-.5V8H0v2a2 2 0 0 0 2 2h2v-1.5ZM8 12v-1.5h2a.5.5 0 0 0 .5-.5V8H12v2a2 2 0 0 1-2 2H8Zm2-12a2 2 0 0 1 2 2v2h-1.5V2a.5.5 0 0 0-.5-.5H8V0h2Z\" \/>\n\t\t\t<\/svg>\n\t\t<\/button><figcaption class=\"wp-element-caption\">Ejecutivos Hyundai y Magna<\/figcaption><\/figure>\n<\/div>\n\n\n<p><strong><em>Santo Domingo, R.D. 14 de abril de 2026.\u2013<\/em><\/strong>\u00a0Hyundai Motor marca un hito en la industria automotriz con el lanzamiento en Rep\u00fablica Dominicana del Ioniq 9, su primer SUV de gran tama\u00f1o totalmente el\u00e9ctrico. La puesta en escena de este modelo coincide con una de las temporadas comerciales m\u00e1s importantes del a\u00f1o: la celebraci\u00f3n de la Feria Magna, bajo el lema \u00abEsto es moverse en grande\u00bb.<\/p>\n\n\n\n<figure class=\"wp-block-gallery has-nested-images columns-default is-cropped wp-block-gallery-1 is-layout-flex wp-block-gallery-is-layout-flex\">\n<figure data-wp-context=\"{&quot;imageId&quot;:&quot;69ec7b1d49d81&quot;}\" data-wp-interactive=\"core\/image\" data-wp-key=\"69ec7b1d49d81\" class=\"wp-block-image size-large wp-lightbox-container\"><img loading=\"lazy\" decoding=\"async\" width=\"1024\" height=\"682\" data-wp-class--hide=\"state.isContentHidden\" data-wp-class--show=\"state.isContentVisible\" data-wp-init=\"callbacks.setButtonStyles\" data-wp-on--click=\"actions.showLightbox\" data-wp-on--load=\"callbacks.setButtonStyles\" data-wp-on-window--resize=\"callbacks.setButtonStyles\" data-id=\"77157\" src=\"https:\/\/elmundodelosnegocios.com.do\/v1\/wp-content\/uploads\/2026\/04\/Modelo-Ioniq-9-1024x682.jpeg\" alt=\"\" class=\"wp-image-77157\" srcset=\"https:\/\/elmundodelosnegocios.com.do\/v1\/wp-content\/uploads\/2026\/04\/Modelo-Ioniq-9-1024x682.jpeg 1024w, https:\/\/elmundodelosnegocios.com.do\/v1\/wp-content\/uploads\/2026\/04\/Modelo-Ioniq-9-300x200.jpeg 300w, https:\/\/elmundodelosnegocios.com.do\/v1\/wp-content\/uploads\/2026\/04\/Modelo-Ioniq-9-768x512.jpeg 768w, https:\/\/elmundodelosnegocios.com.do\/v1\/wp-content\/uploads\/2026\/04\/Modelo-Ioniq-9.jpeg 1280w\" sizes=\"auto, (max-width: 1024px) 100vw, 1024px\" \/><button\n\t\t\tclass=\"lightbox-trigger\"\n\t\t\ttype=\"button\"\n\t\t\taria-haspopup=\"dialog\"\n\t\t\taria-label=\"Agrandar\"\n\t\t\tdata-wp-init=\"callbacks.initTriggerButton\"\n\t\t\tdata-wp-on--click=\"actions.showLightbox\"\n\t\t\tdata-wp-style--right=\"state.imageButtonRight\"\n\t\t\tdata-wp-style--top=\"state.imageButtonTop\"\n\t\t>\n\t\t\t<svg xmlns=\"http:\/\/www.w3.org\/2000\/svg\" width=\"12\" height=\"12\" fill=\"none\" viewBox=\"0 0 12 12\">\n\t\t\t\t<path fill=\"#fff\" d=\"M2 0a2 2 0 0 0-2 2v2h1.5V2a.5.5 0 0 1 .5-.5h2V0H2Zm2 10.5H2a.5.5 0 0 1-.5-.5V8H0v2a2 2 0 0 0 2 2h2v-1.5ZM8 12v-1.5h2a.5.5 0 0 0 .5-.5V8H12v2a2 2 0 0 1-2 2H8Zm2-12a2 2 0 0 1 2 2v2h-1.5V2a.5.5 0 0 0-.5-.5H8V0h2Z\" \/>\n\t\t\t<\/svg>\n\t\t<\/button><\/figure>\n\n\n\n<figure class=\"wp-block-image size-large\"><img loading=\"lazy\" decoding=\"async\" width=\"1024\" height=\"682\" data-id=\"77158\" src=\"https:\/\/elmundodelosnegocios.com.do\/v1\/wp-content\/uploads\/2026\/04\/Exhibicion-del-Ioniq-9-1024x682.jpeg\" alt=\"\" class=\"wp-image-77158\" srcset=\"https:\/\/elmundodelosnegocios.com.do\/v1\/wp-content\/uploads\/2026\/04\/Exhibicion-del-Ioniq-9-1024x682.jpeg 1024w, https:\/\/elmundodelosnegocios.com.do\/v1\/wp-content\/uploads\/2026\/04\/Exhibicion-del-Ioniq-9-300x200.jpeg 300w, https:\/\/elmundodelosnegocios.com.do\/v1\/wp-content\/uploads\/2026\/04\/Exhibicion-del-Ioniq-9-768x512.jpeg 768w, https:\/\/elmundodelosnegocios.com.do\/v1\/wp-content\/uploads\/2026\/04\/Exhibicion-del-Ioniq-9.jpeg 1280w\" sizes=\"auto, (max-width: 1024px) 100vw, 1024px\" \/><\/figure>\n<\/figure>\n\n\n\n<p>El anuncio fue realizado por el Grupo Automotriz Magna, destacando que la Feria se est\u00e1\u00a0celebrando del 6 al 30 de abril de 2026. Durante esta jornada de beneficios especiales, los clientes podr\u00e1n acceder a condiciones exclusivas, como tasas preferenciales desde 6.95 % fija por 6 meses, 8.95 % por un a\u00f1o y 11.95 % por 36 meses, contando con el seguro gratis por un a\u00f1o, disponibles en todos los showrooms a nivel nacional para las marcas Hyundai, BMW y MINI. \u00a0<br><br>Para garantizar que cada dominicano y dominicana tenga la facilidad de adquirir este modelo insignia y toda la gama disponible, la Feria Magna cuenta con el respaldo de las principales entidades financieras del pa\u00eds, como Banco Popular, Banco BHD, Scotiabank, Banco BDI, Alaver, Promerica y Banco Caribe. Adem\u00e1s de las aseguradoras: Humano Seguros, Mapfre y Sura.<br><br>El Ioniq 9 est\u00e1 dise\u00f1ado bajo el concepto de \u00abEspacio Habitable Supremo\u00bb, que combina una autonom\u00eda l\u00edder en su clase, dise\u00f1o aero est\u00e9tico y un interior modular que redefine el confort familiar y ejecutivo. Este modelo ha sido desarrollado para aquellos que buscan viajar largas distancias en paz y tranquilidad. Inspirado en una silueta fluida y moderna, su exterior destaca por la ic\u00f3nica iluminaci\u00f3n led de estilo pixelado, sello distintivo de esta galardonada gama.<br><br>\u00abEl Ioniq 9 no es solo un veh\u00edculo, es una extensi\u00f3n del espacio de vida de nuestros clientes. Representa la c\u00faspide de nuestra tecnolog\u00eda el\u00e9ctrica y el compromiso inquebrantable con un futuro neutro en carbono. La Feria Magna es el momento perfecto para que los dominicanos descubran lo que significa moverse en grande con lo \u00faltimo en tecnolog\u00eda y respaldo financiero\u00bb, destac\u00f3 el representante de Magna, Edy B\u00e1ez, Gerente de Showroom.<br><br>Este modelo cuenta con la bater\u00eda de mayor capacidad de la marca, ofreciendo una autonom\u00eda superior a los 500 kil\u00f3metros con una sola carga. Adem\u00e1s, su avanzado sistema de carga multir\u00e1pida permite a los conductores volver a la carretera en tiempo r\u00e9cord. Funciona como una fuente de energ\u00eda m\u00f3vil, permitiendo conectar dispositivos electr\u00f3nicos de alta potencia en exteriores.<br><br>Entre sus innovaciones destacan asientos giratorios, sostenibilidad y uso de materiales ecol\u00f3gicos. Integra adem\u00e1s pantallas duales y actualizaciones inal\u00e1mbricas que permiten personalizar las funciones del veh\u00edculo bajo demanda. En seguridad, incorpora lo \u00faltimo en asistencia al conductor, incluyendo asistencia anticolisiones, monitoreo de punto ciego y control de crucero inteligente basado en navegaci\u00f3n, garantizando una protecci\u00f3n integral en cada trayecto.<\/p>\n","protected":false},"excerpt":{"rendered":"<p>\u00b7\u00a0\u00a0\u00a0\u00a0\u00a0\u00a0La Feria Magna se est\u00e1 llevando a cabo del 6 al 30 de abril de 2026 en los showrooms del Grupo Automotriz Magna. Santo Domingo, R.D. 14 de abril de&hellip; <\/p>\n","protected":false},"author":2,"featured_media":77160,"comment_status":"closed","ping_status":"closed","sticky":false,"template":"","format":"standard","meta":{"fifu_image_url":"https:\/\/elmundodelosnegocios.com.do\/v1\/wp-content\/uploads\/2026\/04\/Ejecutivos-Hyundai-y-Magna-Foto-principal.jpeg","fifu_image_alt":"","footnotes":""},"categories":[157],"tags":[],"class_list":["post-77155","post","type-post","status-publish","format-standard","has-post-thumbnail","hentry","category-marketing"],"_links":{"self":[{"href":"https:\/\/elmundodelosnegocios.com.do\/v1\/wp-json\/wp\/v2\/posts\/77155","targetHints":{"allow":["GET"]}}],"collection":[{"href":"https:\/\/elmundodelosnegocios.com.do\/v1\/wp-json\/wp\/v2\/posts"}],"about":[{"href":"https:\/\/elmundodelosnegocios.com.do\/v1\/wp-json\/wp\/v2\/types\/post"}],"author":[{"embeddable":true,"href":"https:\/\/elmundodelosnegocios.com.do\/v1\/wp-json\/wp\/v2\/users\/2"}],"replies":[{"embeddable":true,"href":"https:\/\/elmundodelosnegocios.com.do\/v1\/wp-json\/wp\/v2\/comments?post=77155"}],"version-history":[{"count":1,"href":"https:\/\/elmundodelosnegocios.com.do\/v1\/wp-json\/wp\/v2\/posts\/77155\/revisions"}],"predecessor-version":[{"id":77159,"href":"https:\/\/elmundodelosnegocios.com.do\/v1\/wp-json\/wp\/v2\/posts\/77155\/revisions\/77159"}],"wp:featuredmedia":[{"embeddable":true,"href":"https:\/\/elmundodelosnegocios.com.do\/v1\/wp-json\/wp\/v2\/media\/77160"}],"wp:attachment":[{"href":"https:\/\/elmundodelosnegocios.com.do\/v1\/wp-json\/wp\/v2\/media?parent=77155"}],"wp:term":[{"taxonomy":"category","embeddable":true,"href":"https:\/\/elmundodelosnegocios.com.do\/v1\/wp-json\/wp\/v2\/categories?post=77155"},{"taxonomy":"post_tag","embeddable":true,"href":"https:\/\/elmundodelosnegocios.com.do\/v1\/wp-json\/wp\/v2\/tags?post=77155"}],"curies":[{"name":"wp","href":"https:\/\/api.w.org\/{rel}","templated":true}]}}