{"id":77401,"date":"2026-04-23T08:13:36","date_gmt":"2026-04-23T12:43:36","guid":{"rendered":"https:\/\/elmundodelosnegocios.com.do\/v1\/?p=77401"},"modified":"2026-04-23T08:13:38","modified_gmt":"2026-04-23T12:43:38","slug":"steren-inaugura-su-cuarta-tienda-en-republica-dominicana-y-se-consolida-en-el-corazon-tecnologico-de-santo-domingo","status":"publish","type":"post","link":"https:\/\/elmundodelosnegocios.com.do\/v1\/steren-inaugura-su-cuarta-tienda-en-republica-dominicana-y-se-consolida-en-el-corazon-tecnologico-de-santo-domingo\/","title":{"rendered":"STEREN inaugura su cuarta tienda en Rep\u00fablica Dominicana y se consolida en el coraz\u00f3n tecnol\u00f3gico de Santo Domingo"},"content":{"rendered":"\n<p><strong>Santo Domingo, Distrito Nacional<\/strong>&nbsp;\u2013 La&nbsp;<strong>empresa mexicana l\u00edder en mejorar la vida de las personas con soluciones en tecnolog\u00eda<\/strong>; Steren, celebr\u00f3 la inauguraci\u00f3n oficial de su cuarta tienda en Rep\u00fablica Dominicana, ubicada sobre la emblem\u00e1tica Avenida 27 de febrero, una de las arterias m\u00e1s importantes de Santo Domingo, consolidando su presencia en el principal corredor tecnol\u00f3gico del pa\u00eds.<\/p>\n\n\n<div class=\"wp-block-image\">\n<figure data-wp-context=\"{&quot;imageId&quot;:&quot;69ec7bae5b447&quot;}\" data-wp-interactive=\"core\/image\" data-wp-key=\"69ec7bae5b447\" class=\"aligncenter size-large wp-lightbox-container\"><img loading=\"lazy\" decoding=\"async\" width=\"1024\" height=\"684\" data-wp-class--hide=\"state.isContentHidden\" data-wp-class--show=\"state.isContentVisible\" data-wp-init=\"callbacks.setButtonStyles\" data-wp-on--click=\"actions.showLightbox\" data-wp-on--load=\"callbacks.setButtonStyles\" data-wp-on-window--resize=\"callbacks.setButtonStyles\" src=\"https:\/\/elmundodelosnegocios.com.do\/v1\/wp-content\/uploads\/2026\/04\/1-Foto-Principal-4868-Alejandra-Cely-Carlos-Minjares-y-Adriana-Torres--1024x684.jpg\" alt=\"\" class=\"wp-image-77402\" srcset=\"https:\/\/elmundodelosnegocios.com.do\/v1\/wp-content\/uploads\/2026\/04\/1-Foto-Principal-4868-Alejandra-Cely-Carlos-Minjares-y-Adriana-Torres--1024x684.jpg 1024w, https:\/\/elmundodelosnegocios.com.do\/v1\/wp-content\/uploads\/2026\/04\/1-Foto-Principal-4868-Alejandra-Cely-Carlos-Minjares-y-Adriana-Torres--300x200.jpg 300w, https:\/\/elmundodelosnegocios.com.do\/v1\/wp-content\/uploads\/2026\/04\/1-Foto-Principal-4868-Alejandra-Cely-Carlos-Minjares-y-Adriana-Torres--768x513.jpg 768w, https:\/\/elmundodelosnegocios.com.do\/v1\/wp-content\/uploads\/2026\/04\/1-Foto-Principal-4868-Alejandra-Cely-Carlos-Minjares-y-Adriana-Torres--1536x1026.jpg 1536w, https:\/\/elmundodelosnegocios.com.do\/v1\/wp-content\/uploads\/2026\/04\/1-Foto-Principal-4868-Alejandra-Cely-Carlos-Minjares-y-Adriana-Torres--2048x1368.jpg 2048w\" sizes=\"auto, (max-width: 1024px) 100vw, 1024px\" \/><button\n\t\t\tclass=\"lightbox-trigger\"\n\t\t\ttype=\"button\"\n\t\t\taria-haspopup=\"dialog\"\n\t\t\taria-label=\"Agrandar\"\n\t\t\tdata-wp-init=\"callbacks.initTriggerButton\"\n\t\t\tdata-wp-on--click=\"actions.showLightbox\"\n\t\t\tdata-wp-style--right=\"state.imageButtonRight\"\n\t\t\tdata-wp-style--top=\"state.imageButtonTop\"\n\t\t>\n\t\t\t<svg xmlns=\"http:\/\/www.w3.org\/2000\/svg\" width=\"12\" height=\"12\" fill=\"none\" viewBox=\"0 0 12 12\">\n\t\t\t\t<path fill=\"#fff\" d=\"M2 0a2 2 0 0 0-2 2v2h1.5V2a.5.5 0 0 1 .5-.5h2V0H2Zm2 10.5H2a.5.5 0 0 1-.5-.5V8H0v2a2 2 0 0 0 2 2h2v-1.5ZM8 12v-1.5h2a.5.5 0 0 0 .5-.5V8H12v2a2 2 0 0 1-2 2H8Zm2-12a2 2 0 0 1 2 2v2h-1.5V2a.5.5 0 0 0-.5-.5H8V0h2Z\" \/>\n\t\t\t<\/svg>\n\t\t<\/button><figcaption class=\"wp-element-caption\">Alejandra Cely, Carlos Minjares y Adriana Torres<\/figcaption><\/figure>\n<\/div>\n\n\n<p>Con esta apertura, la multinacional mexicana&nbsp;<strong>fortalece su estrategia de expansi\u00f3n en el Caribe al integrarse a una de las zonas con mayor dinamismo tecnol\u00f3gico, econ\u00f3mico y comercial del Distrito Nacional,<\/strong>&nbsp;a pocos minutos de la reconocida Plaza de la Tecnolog\u00eda, punto clave para la industria tecnol\u00f3gica local.<\/p>\n\n\n\n<p>Durante el evento de inauguraci\u00f3n, medios de comunicaci\u00f3n, creadores de contenido y aliados estrat\u00e9gicos se dieron cita para conocer de primera mano la propuesta tecnol\u00f3gica de la marca, recorrer la tienda y explorar su amplio cat\u00e1logo con miles de productos, que incluye&nbsp;<strong><em>soluciones en audio, conectividad, energ\u00eda, seguridad, Smart Home, as\u00ed como herramientas, componentes y accesorios.<\/em><\/strong><\/p>\n\n\n\n<p><strong>Steren 27 de febrero<\/strong>&nbsp;representa un paso estrat\u00e9gico para Steren, al posicionarse en una ubicaci\u00f3n clave que conecta directamente con el consumidor moderno y con una comunidad activa de entusiastas de la tecnolog\u00eda, emprendedores y profesionales.<\/p>\n\n\n\n<p><em>\u201cSeguimos apostando por Rep\u00fablica Dominicana como un mercado clave en nuestra estrategia de crecimiento en Latinoam\u00e9rica. Estar presentes en una de las avenidas m\u00e1s importantes del pa\u00eds y en el epicentro tecnol\u00f3gico de la capital nos permite conectar de forma m\u00e1s directa con nuestros clientes y seguir impulsando el desarrollo tecnol\u00f3gico en la regi\u00f3n\u201d, se\u00f1al\u00f3&nbsp;<strong>Alejandra Cely, Retail Country Manager de Steren Rep\u00fablica Dominicana.<\/strong><\/em><\/p>\n\n\n\n<p>&nbsp;La expansi\u00f3n de Steren en el pa\u00eds responde a una visi\u00f3n enfocada en acercar soluciones tecnol\u00f3gicas accesibles y de calidad a m\u00e1s personas, contribuyendo al fortalecimiento del ecosistema digital y al impulso de proyectos personales, educativos y de emprendimiento.<\/p>\n\n\n\n<p>Con esta inauguraci\u00f3n, Steren reafirma su compromiso con Rep\u00fablica Dominicana, consolid\u00e1ndose como un actor relevante en el desarrollo tecnol\u00f3gico, comercial y econ\u00f3mico del pa\u00eds.<\/p>\n","protected":false},"excerpt":{"rendered":"<p>Santo Domingo, Distrito Nacional&nbsp;\u2013 La&nbsp;empresa mexicana l\u00edder en mejorar la vida de las personas con soluciones en tecnolog\u00eda; Steren, celebr\u00f3 la inauguraci\u00f3n oficial de su cuarta tienda en Rep\u00fablica Dominicana,&hellip; <\/p>\n","protected":false},"author":2,"featured_media":77404,"comment_status":"closed","ping_status":"closed","sticky":false,"template":"","format":"standard","meta":{"fifu_image_url":"https:\/\/elmundodelosnegocios.com.do\/v1\/wp-content\/uploads\/2026\/04\/1-Foto-Principal-4868-Alejandra-Cely-Carlos-Minjares-y-Adriana-Torres--scaled.jpg","fifu_image_alt":"","footnotes":""},"categories":[166],"tags":[],"class_list":["post-77401","post","type-post","status-publish","format-standard","has-post-thumbnail","hentry","category-tecnologia"],"_links":{"self":[{"href":"https:\/\/elmundodelosnegocios.com.do\/v1\/wp-json\/wp\/v2\/posts\/77401","targetHints":{"allow":["GET"]}}],"collection":[{"href":"https:\/\/elmundodelosnegocios.com.do\/v1\/wp-json\/wp\/v2\/posts"}],"about":[{"href":"https:\/\/elmundodelosnegocios.com.do\/v1\/wp-json\/wp\/v2\/types\/post"}],"author":[{"embeddable":true,"href":"https:\/\/elmundodelosnegocios.com.do\/v1\/wp-json\/wp\/v2\/users\/2"}],"replies":[{"embeddable":true,"href":"https:\/\/elmundodelosnegocios.com.do\/v1\/wp-json\/wp\/v2\/comments?post=77401"}],"version-history":[{"count":1,"href":"https:\/\/elmundodelosnegocios.com.do\/v1\/wp-json\/wp\/v2\/posts\/77401\/revisions"}],"predecessor-version":[{"id":77403,"href":"https:\/\/elmundodelosnegocios.com.do\/v1\/wp-json\/wp\/v2\/posts\/77401\/revisions\/77403"}],"wp:featuredmedia":[{"embeddable":true,"href":"https:\/\/elmundodelosnegocios.com.do\/v1\/wp-json\/wp\/v2\/media\/77404"}],"wp:attachment":[{"href":"https:\/\/elmundodelosnegocios.com.do\/v1\/wp-json\/wp\/v2\/media?parent=77401"}],"wp:term":[{"taxonomy":"category","embeddable":true,"href":"https:\/\/elmundodelosnegocios.com.do\/v1\/wp-json\/wp\/v2\/categories?post=77401"},{"taxonomy":"post_tag","embeddable":true,"href":"https:\/\/elmundodelosnegocios.com.do\/v1\/wp-json\/wp\/v2\/tags?post=77401"}],"curies":[{"name":"wp","href":"https:\/\/api.w.org\/{rel}","templated":true}]}}